{"id":511512,"date":"2021-06-23T00:08:35","date_gmt":"2021-06-23T05:08:35","guid":{"rendered":"https:\/\/www.diarioimagen.net\/?p=511512"},"modified":"2021-06-23T03:03:00","modified_gmt":"2021-06-23T08:03:00","slug":"probabilidad-de-mas-contagios","status":"publish","type":"post","link":"https:\/\/www.diarioimagen.net\/?p=511512","title":{"rendered":"Probabilidad de m\u00e1s contagios"},"content":{"rendered":"<h2>Punto por punto<\/h2>\n<h5>Augusto Corro<\/h5>\n<p>&nbsp;<\/p>\n<p>La Secretar\u00eda de Salud inform\u00f3 que hay un incremento de 9% en casos de Covid-19 e hizo un llamado a la poblaci\u00f3n para continuar con las medidas sanitarias preventivas. Se explic\u00f3 tambi\u00e9n que la ocupaci\u00f3n hospitalaria descendi\u00f3.<\/p>\n<p>En la conferencia ma\u00f1anera, el subsecretario de Salud, Hugo L\u00f3pez-Gatell, dijo que en las semanas recientes, concretamente la 23 contra la 22, vemos un incremento de 9%. Es una magnitud semejante entre la 21 y 22.<\/p>\n<p>A\u00f1adi\u00f3 qu\u00e9 si dicho porcentaje avanza, de hoy al s\u00e1bado pr\u00f3ximo, el incremento ser\u00eda de unos 15 a 18 puntos porcentuales, que podr\u00eda o no representar un cambio en la tendencia de la pandemia.<\/p>\n<p>El funcionario, con su lenguaje<em> cantinflesco, <\/em>detall\u00f3 que a lo largo de la trayectoria del virus (Covid-19) se ha presentado un movimiento de zigzag; sin embargo, sostuvo que la tendencia general se mantiene a la baja.<\/p>\n<p>Esa advertencia de la autoridad sanitaria lleg\u00f3 a confirmar que la pandemia sigue y que est\u00e1 en el filo de cambio de tendencia.<\/p>\n<p>La poblaci\u00f3n debe entender que la amenaza del contagio por Covid-19 podr\u00eda crecer con resultados m\u00e1s devastadores.\u00a0 La recomendaci\u00f3n: procure vacunarse y no olvide aplicar las medidas sanitarias contra el coronavirus. La pandemia parece no tener fin.<\/p>\n<p style=\"text-align: center;\"><strong>La desaparici\u00f3n forzada<\/strong><\/p>\n<p>No olvidar que estamos en M\u00e9xico, un pa\u00eds en el que los cr\u00edmenes pasaron a formar parte de las actividades cotidianas. Un territorio donde la delincuencia vive sus mejores d\u00edas, pues las autoridades se encargaron de estar del lado de la impunidad.<\/p>\n<p>Tras m\u00e1s de tres meses de la desaparici\u00f3n forzada de Claudia Uruchurtu Cruz, las autoridades realizan una nueva etapa de b\u00fasqueda para su localizaci\u00f3n. En este espacio le informamos que Uruchurtu Cruz denunci\u00f3 los malos manejo de recursos de la presidenta morenista de Nochixtl\u00e1n, Oaxaca, Lizbeth Victoria Huerta.<\/p>\n<p>La funcionaria mencionada se encuentra presa en el penal femenil de Tanivet, por su presunta participaci\u00f3n en el crimen. Con ella fueron detenidas dos personas m\u00e1s. Y lo extra\u00f1o del caso es que la presunta v\u00edctima no aparece ni viva ni muerta. Brigadas especiales de la fuerza p\u00fablica buscaron por diferentes sitios de Oaxaca, sin resultados positivos.<\/p>\n<p style=\"text-align: center;\"><strong>Otro activista asesinado<\/strong><\/p>\n<p>Decenas de activistas fueron asesinados en M\u00e9xico en la \u00faltima d\u00e9cada. En la mayor\u00eda los expedientes fueron enviados al archivo.<\/p>\n<p>Entre las v\u00edctimas se encontraban defensores del medio ambiental, de la tierra, de los derechos humanos, etc.<\/p>\n<p>El pasado 17 de junio fueron localizados los restos humanos de Tom\u00e1s Rojo Valencia, vocero y l\u00edder de la etnia yaqui.\u00a0 El cuerpo sin vida estaba a 12 kil\u00f3metros del pueblo de Vicam, en Sonora, en una fosa clandestina.<\/p>\n<p>Tom\u00e1s Rojo fue uno de los principales opositores al Acueducto Independencia en la administraci\u00f3n de Guillermo Padr\u00e9s El\u00edas (2009-2015).<\/p>\n<p>Encabez\u00f3 la llamada guerra por el agua en Sonora, acompa\u00f1ado de otros yaquis. Seg\u00fan se inform\u00f3 que en los \u00faltimos meses, la comunidad yaqui es v\u00edctima de desapariciones forzadas y homicidios.<\/p>\n<p style=\"text-align: center;\"><strong>La espiral de violencia<\/strong><\/p>\n<p>En el mes de mayo se registraron m\u00e1s de 3 mil 61 homicidios dolosos y feminicidios en el pa\u00eds que represent\u00f3 un incremento de 4.2 % respecto a abril, que tuvo 2 mil 939.<\/p>\n<p>Concretamente, la cifra de homicidios dolosos se mantuvo estable, pero subieron los delitos de feminicidio, robo y violaci\u00f3n.<\/p>\n<p>Proporcion\u00f3 las cifras el Secretariado Ejecutivo del Sistema Nacional de Seguridad P\u00fablica (SNSP). De lo anterior se desprendi\u00f3 que mayo fue el mes m\u00e1s violento del a\u00f1o.<\/p>\n<p>Durante los dos a\u00f1os y medio del gobierno de L\u00f3pez Obrador suman 88 mil 841 asesinatos, un incremento de 17.1% respecto a los 30 meses anteriores en el mandato de Enrique Pe\u00f1a Nieto. La violencia en M\u00e9xico se desat\u00f3 en el sexenio del presidente panista, Felipe Calder\u00f3n Hinojosa, cuando declar\u00f3 la guerra, sin estrategia alguna, a la delincuencia organizada.<\/p>\n<p>Los asesinatos continuaron en el gobierno de Pe\u00f1a. Con L\u00f3pez Obrador sigui\u00f3 m\u00e1s de lo mismo. Con el agregado de los feminicidios.<\/p>\n<p>En lo que va del gobierno del tabasque\u00f1o, el n\u00famero de homicidios dolosos alcanz\u00f3 la cifra de mil 271; m\u00e1s lo que se acumule.<\/p>\n<p>\u00bfUsted qu\u00e9 opina amable lector?<\/p>\n<p><a href=\"mailto:aco2742@hotmail.com\" target=\"_blank\" rel=\"noopener noreferrer\"><em>aco2742@hotmail.com<\/em><\/a><\/p>\n","protected":false},"excerpt":{"rendered":"<p><span style=\"color: #005497;\"><strong>Augusto Corro<\/strong><\/span><\/p>\n","protected":false},"author":3,"featured_media":0,"comment_status":"open","ping_status":"open","sticky":false,"template":"","format":"standard","meta":{"_monsterinsights_skip_tracking":false,"_monsterinsights_sitenote_active":false,"_monsterinsights_sitenote_note":"","_monsterinsights_sitenote_category":0,"footnotes":""},"categories":[157],"tags":[43686,43674,11515],"class_list":["post-511512","post","type-post","status-publish","format-standard","hentry","category-augusto-corro","tag-augusto-corro","tag-opinion","tag-punto-por-punto"],"_links":{"self":[{"href":"https:\/\/www.diarioimagen.net\/index.php?rest_route=\/wp\/v2\/posts\/511512","targetHints":{"allow":["GET"]}}],"collection":[{"href":"https:\/\/www.diarioimagen.net\/index.php?rest_route=\/wp\/v2\/posts"}],"about":[{"href":"https:\/\/www.diarioimagen.net\/index.php?rest_route=\/wp\/v2\/types\/post"}],"author":[{"embeddable":true,"href":"https:\/\/www.diarioimagen.net\/index.php?rest_route=\/wp\/v2\/users\/3"}],"replies":[{"embeddable":true,"href":"https:\/\/www.diarioimagen.net\/index.php?rest_route=%2Fwp%2Fv2%2Fcomments&post=511512"}],"version-history":[{"count":0,"href":"https:\/\/www.diarioimagen.net\/index.php?rest_route=\/wp\/v2\/posts\/511512\/revisions"}],"wp:attachment":[{"href":"https:\/\/www.diarioimagen.net\/index.php?rest_route=%2Fwp%2Fv2%2Fmedia&parent=511512"}],"wp:term":[{"taxonomy":"category","embeddable":true,"href":"https:\/\/www.diarioimagen.net\/index.php?rest_route=%2Fwp%2Fv2%2Fcategories&post=511512"},{"taxonomy":"post_tag","embeddable":true,"href":"https:\/\/www.diarioimagen.net\/index.php?rest_route=%2Fwp%2Fv2%2Ftags&post=511512"}],"curies":[{"name":"wp","href":"https:\/\/api.w.org\/{rel}","templated":true}]}}