{"id":511514,"date":"2021-06-23T00:03:42","date_gmt":"2021-06-23T05:03:42","guid":{"rendered":"https:\/\/www.diarioimagen.net\/?p=511514"},"modified":"2021-06-24T01:10:26","modified_gmt":"2021-06-24T06:10:26","slug":"ascensos-por-lealtad-a-ciegas","status":"publish","type":"post","link":"https:\/\/www.diarioimagen.net\/?p=511514","title":{"rendered":"Ascensos, por lealtad a ciegas"},"content":{"rendered":"<h2>Espacio Electoral<\/h2>\n<h5>Eleazar Flores<\/h5>\n<p>&nbsp;<\/p>\n<p><strong>DERECHO PRESIDENCIAL-.<\/strong> Un funcionario de la vieja guardia -como yo comprender\u00e9-, hablaba acerca de los cambios y ascensos en pol\u00edtica, aconsejando que deber\u00edan hacerse por la escalera, pues por elevador marean.<\/p>\n<p>De ah\u00ed,\u00a0 el origen del dicho del pueblo sabio referente a que \u201chay funcionarios que se marean arriba de un tabique\u2026 y ejemplos sobran, palabra.<\/p>\n<p>Desde otro \u00e1ngulo, no procede condenar por condenar los ascensos en pol\u00edtica, pero se duda del \u201cgran brinco\u201d que dan algunos, sobre todo en esta cuarta transformaci\u00f3n, desconoci\u00e9ndose merecimientos acad\u00e9micos y experiencia, de la lealtad ni hablar, es \u201ca ciegas\u201d.<\/p>\n<p>Ni se preocupe, en Edomex, Eruviel hizo eso y m\u00e1s.<\/p>\n<p>En ocasiones, ese mareo se justifica, pues el brinco que se da de empleado a funcionario se traslada a los emolumentos que no obstante la austeridad republicana y pobreza franciscana, que hasta sacrifican programas prioritarios como en cultura, en la n\u00f3mina, no tanto.<\/p>\n<p>Ese funcionario(a) que logr\u00f3 dar el brinco pasa de salarios m\u00e1s a menos modestos de entre 20 a 30 mil pesos, a unos cien mil mensuales, nada despreciables en tiempos de desempleo o empleos mal pagados.<\/p>\n<p><strong>NOMBRES-.<\/strong> Una veintena de personas son las que han pasado de una ayudant\u00eda general en la Presidencia de la Rep\u00fablica a cargos de primer nivel en Palacio Nacional y periferia, sin considerar las delegaciones estatales.<\/p>\n<p>Empezando por las mujeres destacan Paloma Rachel Aguilar en el SAT; Arlette Silva, en Pemex; y Estefeny Correa, en Bienestar. En cuanto a hombres, Abraham V\u00e1zquez, en la coordinaci\u00f3n de Becas; Alejandro Calder\u00f3n, como administrador de Medicamentos y equipos m\u00e9dicos; Alberto Almada, en Conapesca; Carlos S\u00e1nchez, Coordinador de instituciones de Salud; \u00c1ngel Canizales, en Seguridad y Ambiente.<\/p>\n<p>Antonio Zamora. director jur\u00eddico de Conagua; Diego Hern\u00e1ndez, director de Becas Elisa Acu\u00f1a; \u00c1ngel Portugal, en comunicaci\u00f3n del SAT; y Diego Camacho, en la Subsecretar\u00eda del Trabajo.<\/p>\n<p>En cuanto a las y los superdelegados en las 32 entidades, si bien se anuncian p\u00fablicamente a las personas encargadas, en ocasiones ni se presentan a los estados que tienen la responsabilidad de coordinar el cumplimiento de programas federales.<\/p>\n<p>Ejemplo acabado es el Estado de M\u00e9xico que tuvo a su cargo la profesora texcocana Delfina G\u00f3mez -ex candidata a gobernadora que perdi\u00f3 ante Alfredo Del Mazo-, y como superdelegada iba \u201crequetebi\u00e9n\u201d, tanto que Morena gan\u00f3 en Atlacomulco alcald\u00eda, diputaci\u00f3n federal y local en 2018, pero\u2026<\/p>\n<p>Pero en las elecciones de 2021 volvi\u00f3 a perder todo ante el PRI y las malas lenguas aseguran que do\u00f1a Delfina sigue manejando desde la SEP esta superdelegaci\u00f3n a la que podr\u00eda regresar oficialmente en 2023, tiempo electoral en el Estado de M\u00e9xico.<\/p>\n<p><em><a href=\"mailto:elefa44@gmail.com\" target=\"_blank\" rel=\"noopener noreferrer\">elefa44@gmail.com<\/a><\/em><\/p>\n","protected":false},"excerpt":{"rendered":"<p><span style=\"color: #005497;\"><strong>Eleazar Flores<\/strong><\/span><\/p>\n","protected":false},"author":3,"featured_media":0,"comment_status":"open","ping_status":"open","sticky":false,"template":"","format":"standard","meta":{"_monsterinsights_skip_tracking":false,"_monsterinsights_sitenote_active":false,"_monsterinsights_sitenote_note":"","_monsterinsights_sitenote_category":0,"footnotes":""},"categories":[81743],"tags":[81744,81776,43674],"class_list":["post-511514","post","type-post","status-publish","format-standard","hentry","category-eleazar-flores","tag-eleazar-flores","tag-espacio-electoral","tag-opinion"],"_links":{"self":[{"href":"https:\/\/www.diarioimagen.net\/index.php?rest_route=\/wp\/v2\/posts\/511514","targetHints":{"allow":["GET"]}}],"collection":[{"href":"https:\/\/www.diarioimagen.net\/index.php?rest_route=\/wp\/v2\/posts"}],"about":[{"href":"https:\/\/www.diarioimagen.net\/index.php?rest_route=\/wp\/v2\/types\/post"}],"author":[{"embeddable":true,"href":"https:\/\/www.diarioimagen.net\/index.php?rest_route=\/wp\/v2\/users\/3"}],"replies":[{"embeddable":true,"href":"https:\/\/www.diarioimagen.net\/index.php?rest_route=%2Fwp%2Fv2%2Fcomments&post=511514"}],"version-history":[{"count":0,"href":"https:\/\/www.diarioimagen.net\/index.php?rest_route=\/wp\/v2\/posts\/511514\/revisions"}],"wp:attachment":[{"href":"https:\/\/www.diarioimagen.net\/index.php?rest_route=%2Fwp%2Fv2%2Fmedia&parent=511514"}],"wp:term":[{"taxonomy":"category","embeddable":true,"href":"https:\/\/www.diarioimagen.net\/index.php?rest_route=%2Fwp%2Fv2%2Fcategories&post=511514"},{"taxonomy":"post_tag","embeddable":true,"href":"https:\/\/www.diarioimagen.net\/index.php?rest_route=%2Fwp%2Fv2%2Ftags&post=511514"}],"curies":[{"name":"wp","href":"https:\/\/api.w.org\/{rel}","templated":true}]}}