{"id":511522,"date":"2021-06-23T00:08:22","date_gmt":"2021-06-23T05:08:22","guid":{"rendered":"https:\/\/www.diarioimagen.net\/?p=511522"},"modified":"2021-06-23T03:11:38","modified_gmt":"2021-06-23T08:11:38","slug":"dentro-del-mismo-poder-judicial-demandan-preservar-su-autonomia","status":"publish","type":"post","link":"https:\/\/www.diarioimagen.net\/?p=511522","title":{"rendered":"Dentro del mismo Poder Judicial, demandan preservar su autonom\u00eda"},"content":{"rendered":"<h2>Clase Pol\u00edtica<\/h2>\n<h5>Miguel \u00c1ngel Rivera<\/h5>\n<p>&nbsp;<\/p>\n<p>Magistrados del Poder Judicial de la Federaci\u00f3n y de tribunales estatales -quienes est\u00e1n jer\u00e1rquicamente por debajo de los ministros de la Suprema Corte- se manifestaron a favor de preservar la autonom\u00eda e independencia de los juzgadores, pues consideran que esos principios son vulnerados por la \u201cley Zald\u00edvar\u201d, que ampl\u00eda hasta 2024 el mandato del presidente de la Suprema Corte de Justicia de la Naci\u00f3n y del Consejo de la Judicatura, Arturo Zald\u00edvar Lelo de Larrea.<\/p>\n<p>Este llamado a favor de preservar la divisi\u00f3n de poderes se dio en el marco del seminario virtual \u201cAutonom\u00eda e independencia judiciales, divisi\u00f3n de poderes y democracia\u201d organizado por las diputadas Martha Tagle, Pilar Ortega, Mariana Rodr\u00edguez, Ver\u00f3nica Ju\u00e1rez y Lorena Villavicencio.<\/p>\n<p>Como evidencia de su formaci\u00f3n acad\u00e9mica y su mayor profundidad en el conocimiento del Derecho, los magistrados pusieron en evidencia que no s\u00f3lo el art\u00edculo transitorio que ampl\u00eda dos a\u00f1os el mandato de Arturo Zald\u00edvar, sino tambi\u00e9n otras disposiciones de la reforma al Poder Judicial que tanto ha elogiado el presidente Andr\u00e9s Manuel L\u00f3pez Obrador y que diputados y senadores de la llamada Cuarta Transformaci\u00f3n se apresuraron a aprobar, tambi\u00e9n amen amenazan la funci\u00f3n de los jueces.<\/p>\n<p>En particular, el director de la Asociaci\u00f3n Nacional de Magistrados de Circuito y Jueces de Distrito del Poder Judicial de la Federaci\u00f3n, Ariel Alberto Rojas, alert\u00f3 sobre las reformas \u201caparentemente democr\u00e1ticas\u201d que atentan contra principios como los derechos humanos, la supremac\u00eda constitucional, la divisi\u00f3n de poderes y la independencia judicial.<\/p>\n<p>\u201cYo insist\u00ed en que era el peor momento para hacer una reforma judicial y creo que no me equivoqu\u00e9. El treceavo transitorio es una consecuencia de toda la perversidad, la falta de respeto al procedimiento legislativo, a la democracia, al principio de supremac\u00eda constitucional, que ha puesto en jaque el poco prestigio que en un momento dado pudieran tener las instituciones en nuestro pa\u00eds\u201d, sostuvo el magistrado.<\/p>\n<p>Al respecto, cabe recordar que otro magistrado que ocup\u00f3 el mismo cargo, Ne\u00f3fito L\u00f3pez Ramos, del Primer Tribunal Colegiado de Circuito del Centro Auxiliar de la Cuarta Regi\u00f3n, escribi\u00f3 todo un libro que se titula Autonom\u00eda e independencia judicial garantizan la plena defensa de los derechos humanos. El tratado no se refiere a la reforma judicial que est\u00e1 en proceso, pero hace hincapi\u00e9 en el tema general: la necesidad de preservar la autonom\u00eda del Poder Judicial.<\/p>\n<p>En el foro organizado por las diputadas Tagle, Ortega, Rodr\u00edguez, Ju\u00e1rez y Villavicencio, seg\u00fan nota publicada por el diario <strong><em>Milenio,<\/em><\/strong> el magistrado Daniel Ricardo Flores afirm\u00f3 que se debe garantizar la autonom\u00eda e independencia como parte de la \u201carmadura\u201d de los jueces para decidir en libertad.<\/p>\n<p>Indic\u00f3 que un Poder Judicial sin independencia puede ser extensi\u00f3n de otro poder, y esto cobra realce cuando los poderes Ejecutivo y Legislativo est\u00e1n controlados por un mismo grupo pol\u00edtico, y ante ese escenario el Poder Judicial debe ser como un dique.<\/p>\n<p>En el mismo foro, la magistrada Irma Caudillo remarc\u00f3 la necesidad de preservar la autonom\u00eda y la independencia de los juzgadores no s\u00f3lo con reformas legislativas, sino con acciones del propio Consejo de la Judicatura.<\/p>\n<p>\u201cNo todo est\u00e1 mal en la reforma, debemos reconocer que hay puntos muy buenos en la reforma, pero que se pueden enriquecer, como es el tema de la autonom\u00eda e independencia, y en este momento la autonom\u00eda e independencia no solo podemos decir que est\u00e1 su vulneraci\u00f3n o posible vulneraci\u00f3n en el trece transitorio, sino en otros art\u00edculos m\u00e1s de la reforma que quedaron posiblemente cortos\u201d, dijo.<\/p>\n<p>La magistrada del Tribunal Electoral del Estado de Tamaulipas, Marcia Laura Garza, secund\u00f3 el llamado a velar por la independencia de los jueces, al tiempo de subrayar que no es posible \u201cpasar por alto\u201d lo que puede representar una vulneraci\u00f3n al Poder Judicial.<\/p>\n<p>\u201cLas juezas y los jueces deben tener la posibilidad efectiva de resolver las controversias puestas a su consideraci\u00f3n sin temor a represalias y eso s\u00f3lo se logra con un Poder Judicial fortalecido, aut\u00f3nomo, independiente, que a su vez garantice las condiciones \u00f3ptimas para el buen desarrollo de las funciones de los operadores jurisdiccionales\u201d, agreg\u00f3.<\/p>\n<p>Mientras tanto, sigue pendiente la \u201cconsulta\u201d a la que convoc\u00f3 Zald\u00edvar Lelo de Larrea al resto de los ministros para que determinen si es constitucional o no la reforma que \u00e9l mismo prepar\u00f3 y, en particular el art\u00edculo 13 transitorio que fue incluido a \u00faltima hora y a escondidas para ampliar el mandato del ministro presidente y titular tambi\u00e9n del Consejo de la Judicatura por dos a\u00f1os, hasta el 2024, reforma que casi un\u00e1nimemente ha sido descalificada porque es evidente la intromisi\u00f3n de un poder, el Legislativo (auspiciado tambi\u00e9n por el Ejecutivo), en los asuntos de otro, el Judicial.<\/p>\n<p style=\"text-align: center;\"><strong>La equidad de g\u00e9nero deja fuera a varios \u201cgallos\u201d<\/strong><\/p>\n<p>El presidente de la Junta de Coordinaci\u00f3n Pol\u00edtica (Jucopo) y coordinador de la bancada del partido oficial, Morena, en el Senado, Ricardo Monreal \u00c1vila, confirm\u00f3 que ser\u00e1 una mujer la que presida la Mesa Directiva de esa C\u00e1mara, en el primer a\u00f1o de la LXV Legislatura, que arrancar\u00e1 el 1 de septiembre venidero.<\/p>\n<p>Con esto quedan fuera de la contienda por esa importante posici\u00f3n varios destacados pol\u00edticos, no s\u00f3lo de Morena, sino de otros partidos que hab\u00edan expresado inter\u00e9s, incluido el todav\u00eda presidente Eduardo Ram\u00edrez, quien estaba dispuesto a \u201csacrificarse\u201d a permanecer un a\u00f1o m\u00e1s a ese cargo.<\/p>\n<p>Luego de una reuni\u00f3n con las aspirantes a presidir el Senado, Bertha Alicia Caraveo Camarena, Imelda Castro, Martha Luc\u00eda Micher Camarena, Marybel Villegas Canch\u00e9 y Ana Lilia Rivera, el coordinador Monreal asegur\u00f3 que su grupo parlamentario decidi\u00f3 que la posici\u00f3n sea para un mujer, la cual ser\u00e1 elegida mediante un proceso abierto y libre, que no generar\u00e1 fisuras ni divisi\u00f3n en la bancada morenista.<\/p>\n<p>Se estima que la candidata de Morena saldr\u00e1 adelante sin resistencia pues la oposici\u00f3n le reconoce el derecho a nombrar al presidente o presidenta.<\/p>\n<p>M\u00e1s bien, podr\u00edan surgir inconformidades dentro de las propias filas del partido oficial. Basta recordar que todav\u00eda Mart\u00ed Batres Guadarrama no le perdona a Monreal no haberlo respaldado para tener un segundo a\u00f1o como presidente del Senado. En vez de reelecci\u00f3n, Morena opt\u00f3 por la tabasque\u00f1a M\u00f3nica Fern\u00e1ndez Balboa, quien tuvo un notable desempe\u00f1o, lo que allana el camino para que otra mujer cumpla esa funci\u00f3n.<\/p>\n<p>Al anunciar que la presidencia de la C\u00e1mara ser\u00e1 para una mujer, Monreal dijo que la fracci\u00f3n de Morena debe ser ejemplo de democracia interna, pero aclar\u00f3 que la elecci\u00f3n no ser\u00e1 de inmediato, pues esperar\u00e1n los tiempos formales, es decir, hasta la segunda semana de agosto.<\/p>\n<p>Tambi\u00e9n asegur\u00f3 que las aspirantes no har\u00e1n campa\u00f1as, se respetar\u00e1n entre s\u00ed y no se autopromocionar\u00e1n. Adem\u00e1s, se procurar\u00e1 realizar un proceso unitario que no genere fisuras o divisi\u00f3n en la bancada. \u201cSomos un grupo parlamentario que requiere y exige la unidad frente a los momentos que vive el pa\u00eds\u201d, reiter\u00f3.<\/p>\n<p>En cuanto a aspirantes externos, en particular en referencia al senador del PVEM, Ra\u00fal Bola\u00f1os Cacho Cu\u00e9 -quien por cierto propuso el controvertido art\u00edculo 13 transitorio de la reforma judicial que ha causado tantas protestas- asegur\u00f3 que est\u00e1 descartado, pues, aunque lo estiman en la bancada y respetan su lucha, \u00e9l sabe que no hay condiciones por razones de consenso.<\/p>\n<p style=\"text-align: center;\"><strong>Siguen reclamos contra Mario Delgado<br \/>\npor resultados de las pasadas elecciones<\/strong><\/p>\n<p>A pesar de que presume de los triunfos de su partido en las recientes elecciones, el presidente de Morena, Mario Delgado, recibe protestas dentro de sus propias filas.<\/p>\n<p>Lo m\u00e1s reciente es un grupo de senadores de \u201cmorenos\u201d le reclamaron a su dirigente nacional por los malos resultados en el pasado proceso electoral, en particular lo ocurrido en la Ciudad de M\u00e9xico, donde perdieron seis alcald\u00edas.<\/p>\n<p>Los senadores no s\u00f3lo pidieron revisar lo ocurrido, sino definir acciones para cumplir con la \u201cobligaci\u00f3n\u201d de recuperar la capital del pa\u00eds, considerado el basti\u00f3n del movimiento del presidente L\u00f3pez Obrador.<\/p>\n<p>\u201cEse es un tema que tenemos que reflexionar, que revisar a fondo para recuperarnos de inmediato porque esta ciudad es de izquierda\u201d, admiti\u00f3 Delgado.<\/p>\n<p><a href=\"mailto:riparcangel@hotmail.com\" target=\"_blank\" rel=\"noopener noreferrer\"><em>riparcangel@hotmail.com<\/em><\/a><\/p>\n","protected":false},"excerpt":{"rendered":"<p><span style=\"color: #005497;\"><strong>Miguel \u00c1ngel Rivera<\/strong><\/span><\/p>\n","protected":false},"author":3,"featured_media":0,"comment_status":"open","ping_status":"open","sticky":false,"template":"","format":"standard","meta":{"_monsterinsights_skip_tracking":false,"_monsterinsights_sitenote_active":false,"_monsterinsights_sitenote_note":"","_monsterinsights_sitenote_category":0,"footnotes":""},"categories":[84119],"tags":[84120,84121,43674],"class_list":["post-511522","post","type-post","status-publish","format-standard","hentry","category-miguel-angel-rivera","tag-clase-politica","tag-miguel-angel-rivera","tag-opinion"],"_links":{"self":[{"href":"https:\/\/www.diarioimagen.net\/index.php?rest_route=\/wp\/v2\/posts\/511522","targetHints":{"allow":["GET"]}}],"collection":[{"href":"https:\/\/www.diarioimagen.net\/index.php?rest_route=\/wp\/v2\/posts"}],"about":[{"href":"https:\/\/www.diarioimagen.net\/index.php?rest_route=\/wp\/v2\/types\/post"}],"author":[{"embeddable":true,"href":"https:\/\/www.diarioimagen.net\/index.php?rest_route=\/wp\/v2\/users\/3"}],"replies":[{"embeddable":true,"href":"https:\/\/www.diarioimagen.net\/index.php?rest_route=%2Fwp%2Fv2%2Fcomments&post=511522"}],"version-history":[{"count":0,"href":"https:\/\/www.diarioimagen.net\/index.php?rest_route=\/wp\/v2\/posts\/511522\/revisions"}],"wp:attachment":[{"href":"https:\/\/www.diarioimagen.net\/index.php?rest_route=%2Fwp%2Fv2%2Fmedia&parent=511522"}],"wp:term":[{"taxonomy":"category","embeddable":true,"href":"https:\/\/www.diarioimagen.net\/index.php?rest_route=%2Fwp%2Fv2%2Fcategories&post=511522"},{"taxonomy":"post_tag","embeddable":true,"href":"https:\/\/www.diarioimagen.net\/index.php?rest_route=%2Fwp%2Fv2%2Ftags&post=511522"}],"curies":[{"name":"wp","href":"https:\/\/api.w.org\/{rel}","templated":true}]}}