{"id":511525,"date":"2021-06-23T00:12:40","date_gmt":"2021-06-23T05:12:40","guid":{"rendered":"https:\/\/www.diarioimagen.net\/?p=511525"},"modified":"2021-06-23T03:16:07","modified_gmt":"2021-06-23T08:16:07","slug":"delgado-va-al-senado-y-sepulta-supuestos-distanciamientos-presidenciales-con-monreal","status":"publish","type":"post","link":"https:\/\/www.diarioimagen.net\/?p=511525","title":{"rendered":"Delgado va al Senado y sepulta supuestos distanciamientos presidenciales con Monreal"},"content":{"rendered":"<h2>Tras la puerta del poder<\/h2>\n<h5>Roberto Vizca\u00edno<\/h5>\n<p>&nbsp;<\/p>\n<p>Apenas supo de su derrota en la Cuauht\u00e9moc, furiosa la dupla <strong>Padierna-Bejarano<\/strong> intent\u00f3 cobrarle el agravio a <strong>Ricardo Monreal<\/strong>.<\/p>\n<p>Y lo primero que hicieron fue correr la versi\u00f3n de la \u201c<strong><em>traici\u00f3n<\/em><\/strong>\u201d. Sin mostrar ninguna prueba, adujeron que c\u00f3mo la candidata triunfadora <strong>Sandra Xantall Cuevas Nieves<\/strong> hab\u00eda sido su colaboradora, y \u00e9l hab\u00eda ocupado ese cargo hac\u00eda poco, entonces, \u00e9l hab\u00eda \u201coperado\u201d para que ella ganara.<\/p>\n<p>La versi\u00f3n fue aprovechada por otros interesados quienes, al ver que el desastre del derrumbe de la L\u00ednea 12 hund\u00eda las aspiraciones de <strong>Marcelo Ebrard<\/strong> y la enorme derrota de Morena en la Ciudad de M\u00e9xico era endosable a <strong>Claudia Sheinbaum<\/strong>, lo que dejaba pr\u00e1cticamente solo al zacatecano en la carrera por la sucesi\u00f3n de <strong>Andr\u00e9s Manuel L\u00f3pez Obrador<\/strong> en 2024, entonces hicieron eco del se\u00f1alamiento de la dupla <strong>Padierna-Bejarano<\/strong> y atizaron la hoguera p\u00fablica.<\/p>\n<p>El tema cobr\u00f3 fuerza, <strong>pero no mucha<\/strong>, <strong>no como lo quer\u00edan<\/strong>. Ni siquiera cuando <strong>AMLO<\/strong>, al mencionar a prospectos, no lo nombr\u00f3 a \u00e9l.<\/p>\n<p>De cualquier forma, <strong>Monreal<\/strong> quedaba en la duda.<\/p>\n<p>Ayer, esa incertidumbre fue desechada. Ya sabe usted que en pol\u00edtica no hay casualidades.<\/p>\n<p>El encargado de disipar las dudas y reencauzar a <strong>Monreal<\/strong> dentro del proceso de sucesi\u00f3n adelantado, fue el propio <strong>Mario Delgado<\/strong>, presidente de Morena -y de todos conocido, <strong><em>ebradorista<\/em><\/strong> de hueso colorado-, quien para cumplir con ese encargo, se present\u00f3 en el Senado y estuvo al lado de <strong>Monreal<\/strong> nada m\u00e1s durante 6 horas.<\/p>\n<p>No hay duda de que lo enviaron a eso. \u00bfO usted le encuentra otra explicaci\u00f3n?<\/p>\n<p>Ah\u00ed,<strong> Delgado <\/strong>convers\u00f3 con los senadores de su bancada, algunos de los cuales hasta lo cuestionaron por su desempe\u00f1o en el proceso electoral.<\/p>\n<p>Acompa\u00f1ado por la secretaria general, la senadora <strong>Citlalli Hern\u00e1ndez<\/strong>, <strong>Delgado<\/strong> convivi\u00f3 con 50 de 60 senadores morenistas y, obvio, con <strong>Ricardo Monreal<\/strong>.<\/p>\n<p>El zacatecano dir\u00eda luego que, ya sabe usted, el encuentro <strong><em>fue productivo, indispensable, y necesario<\/em><\/strong> porque permiti\u00f3 estrechar la cohesi\u00f3n al interior de su grupo en un momento en que se tiene que enfrentar unidos los desaf\u00edos y los retos del siguiente periodo legislativo.<\/p>\n<p>Un per\u00edodo en el que Morena perder\u00e1 su predominio en la C\u00e1mara de Diputados.<\/p>\n<p><strong>Delgado<\/strong>, \u00bfqu\u00e9 cree usted?, pues coincidi\u00f3 con <strong>Monreal<\/strong> sobre todo lo expresado por el presidente de la Junta de Coordinaci\u00f3n Pol\u00edtica de la c\u00e1mara alta y sobre el futuro de \u201cnuestro movimiento\u201d.<\/p>\n<p>Reconoci\u00f3 a sus senadores por sus apoyos a los candidatos de Morena durante el proceso electoral y en especial, agradeci\u00f3 a <strong>Ricardo Monreal<\/strong> por <strong><em>convocarlo a este ejercicio de reflexi\u00f3n del proceso electoral<\/em><\/strong>.<\/p>\n<p>Y adelant\u00f3 que durante el encuentro se explor\u00f3 la ruta para reorganizar a Morena de cara a 2022, a\u00f1o en que habr\u00e1 elecciones para renovar seis gubernaturas.<\/p>\n<p>\u201cS\u00ed, hubo de todo, felicitaciones, reclamos, de todo. En Morena somos muy autocr\u00edticos y eso nos sirve para la reflexi\u00f3n, nos sirve para mejorar, pero ante todo compartimos el mismo proyecto y estamos muy unidos. No ganamos como hubi\u00e9ramos querido en todos los estados, entonces hay cosas que sin duda podemos hacer mucho mejor.<\/p>\n<p>\u201cLa Ciudad de M\u00e9xico es un tema que tenemos que reflexionar, que revisar a fondo para que no nos dividan, porque esta ciudad es de izquierda\u201d, afirm\u00f3.<\/p>\n<p>De igual forma, habl\u00f3 sobre la promoci\u00f3n de la consulta para enjuiciar a los ex presidentes de M\u00e9xico prevista para el 1 de agosto y cuestion\u00f3 que el el INE reclame presupuesto para realizarla.<\/p>\n<p>\u201cTienen que apretarse el cintur\u00f3n, tienen que dejar tantos privilegios, tantos gastos extraordinarios que tienen, empezando por los propios consejeros, algunos, no todos, que salen todos los d\u00edas con su amparo bajo el brazo para poder ganar m\u00e1s que el Presidente de la Rep\u00fablica, as\u00ed no va a haber dinero que alcance, con austeridad republicana\u201d.<\/p>\n<p>\u00bfConclusi\u00f3n? El mensaje es que, si <strong>Marcelo<\/strong> y <strong>Claudia<\/strong> se desbarrancan, <strong>AMLO<\/strong> tiene a <strong>Monreal<\/strong> listo para 2024.<\/p>\n<p><em><a href=\"mailto:rvizcainoa@gmail.com\" target=\"_blank\" rel=\"noopener noreferrer\">rvizcainoa@gmail.com<\/a><br \/>\n<u><a href=\"http:\/\/endirecto.mx\" target=\"_blank\" rel=\"noopener noreferrer\">www.endirecto.mx<\/a><br \/>\n<a href=\"https:\/\/twitter.com\/_rvizcaino\" target=\"_blank\" rel=\"noopener noreferrer\">@_RVizcaino<\/a><br \/>\n<a href=\"https:\/\/www.facebook.com\/rvizcainoa\" target=\"_blank\" rel=\"noopener noreferrer\">facebook.com\/rvizcainoa<\/a><\/u><\/em><\/p>\n","protected":false},"excerpt":{"rendered":"<p><span style=\"color: #005497;\"><strong>Roberto Vizca\u00edno<\/strong><\/span><br \/>\n<br \/>\nApenas supo de su derrota en la Cuauht\u00e9moc, furiosa la dupla <strong>Padierna-Bejarano<\/strong> intent\u00f3 cobrarle el agravio a <strong>Ricardo Monreal<\/strong>.<\/p>\n","protected":false},"author":3,"featured_media":0,"comment_status":"open","ping_status":"open","sticky":false,"template":"","format":"standard","meta":{"_monsterinsights_skip_tracking":false,"_monsterinsights_sitenote_active":false,"_monsterinsights_sitenote_note":"","_monsterinsights_sitenote_category":0,"footnotes":""},"categories":[136],"tags":[43674,93,94],"class_list":["post-511525","post","type-post","status-publish","format-standard","hentry","category-roberto-vizcaino-opinion","tag-opinion","tag-roberto-vizcaino","tag-tras-la-puerta-del-poder"],"_links":{"self":[{"href":"https:\/\/www.diarioimagen.net\/index.php?rest_route=\/wp\/v2\/posts\/511525","targetHints":{"allow":["GET"]}}],"collection":[{"href":"https:\/\/www.diarioimagen.net\/index.php?rest_route=\/wp\/v2\/posts"}],"about":[{"href":"https:\/\/www.diarioimagen.net\/index.php?rest_route=\/wp\/v2\/types\/post"}],"author":[{"embeddable":true,"href":"https:\/\/www.diarioimagen.net\/index.php?rest_route=\/wp\/v2\/users\/3"}],"replies":[{"embeddable":true,"href":"https:\/\/www.diarioimagen.net\/index.php?rest_route=%2Fwp%2Fv2%2Fcomments&post=511525"}],"version-history":[{"count":0,"href":"https:\/\/www.diarioimagen.net\/index.php?rest_route=\/wp\/v2\/posts\/511525\/revisions"}],"wp:attachment":[{"href":"https:\/\/www.diarioimagen.net\/index.php?rest_route=%2Fwp%2Fv2%2Fmedia&parent=511525"}],"wp:term":[{"taxonomy":"category","embeddable":true,"href":"https:\/\/www.diarioimagen.net\/index.php?rest_route=%2Fwp%2Fv2%2Fcategories&post=511525"},{"taxonomy":"post_tag","embeddable":true,"href":"https:\/\/www.diarioimagen.net\/index.php?rest_route=%2Fwp%2Fv2%2Ftags&post=511525"}],"curies":[{"name":"wp","href":"https:\/\/api.w.org\/{rel}","templated":true}]}}