{"id":511624,"date":"2021-06-24T00:02:45","date_gmt":"2021-06-24T05:02:45","guid":{"rendered":"https:\/\/www.diarioimagen.net\/?p=511624"},"modified":"2021-06-24T00:59:54","modified_gmt":"2021-06-24T05:59:54","slug":"lopez-obrador-cedio-a-ruegos-de-sheinbaum","status":"publish","type":"post","link":"https:\/\/www.diarioimagen.net\/?p=511624","title":{"rendered":"L\u00f3pez Obrador cedi\u00f3 a ruegos de Sheinbaum"},"content":{"rendered":"<h2>La Retaguardia<\/h2>\n<h5>Adriana Moreno Cordero<\/h5>\n<p><em>\u00a0<\/em><\/p>\n<ul>\n<li><em><strong>Florencia Serran\u00eda deja el Metro; ahora debe responder como resposansable de tragedia<\/strong> <\/em><\/li>\n<\/ul>\n<p>&nbsp;<\/p>\n<p>Finalmente y forzado por las circunstancias, el presidente <strong>Andr\u00e9s Manuel L\u00f3pez Obrador<\/strong>, cedi\u00f3 a los ruegos de la jefa del Gobierno de la Ciudad de M\u00e9xico, <strong>Claudia Sheinbaum<\/strong>, y \u201cya sali\u00f3 el peine\u201d de que en las reuniones que el tabasque\u00f1o sostuvo con ella y con el empresario <strong>Carlos Slim<\/strong>, la siempre competente funcionaria capitalina coloc\u00f3 sobre la mesa el tema de la salida de la invisible y desaparecida directora del Sistema de Transporte Colectivo, <strong>Florencia Serran\u00eda<\/strong>, que ni siquiera porque ya la despidieron, asom\u00f3 la cabeza.<\/p>\n<p>Lo que procede ahora es que la se\u00f1ora Serran\u00eda responda por la tragedia de la L\u00ednea 12 del Metro; el fat\u00eddico siniestro ocurrido el pasado 3 de mayo, porque evidentemente, y por m\u00e1s que quisieron esconderla los funcionarios de la actual administraci\u00f3n, es directamente responsable de la tragedia que dej\u00f3 un saldo de 26 personas muertas, as\u00ed como familias que resultaron afectadas y que -no sobra se\u00f1alarlo-, no fueron debidamente atendidas por parte del gobierno de la CDMX y que, incluso, emprendieron acciones jur\u00eddicas en contra de esta irresponsabilidad, mientras todo se le va en decir a Sheinbaum Pardo que a ella lo que le importa en realidad, es restablecer el servicio en la tristemente famosa \u201cL\u00ednea Dorada\u201d.<\/p>\n<p>Sin embargo y como una especie de \u201cpremio de consolaci\u00f3n\u201d, la impresentable ahora ex directora del Metro, lo m\u00e1s probable es que siga colaborando en las magnas obras del Tren Maya, uno de los \u201celefantes blancos\u201d de la llamada Cuarta Transformaci\u00f3n, as\u00ed es que ya podr\u00edamos imaginar c\u00f3mo va a quedar, si es que logran concluirlo conforme a los tiempos establecidos.<\/p>\n<p>El objetivo, para el inquilino de Palacio Nacional, por lo que se ve, es que la se\u00f1ora Serran\u00eda Soto siga trabajando en esta llamada Cuarta Transformaci\u00f3n, en un sinsentido dif\u00edcil de creer.<\/p>\n<p>Quiz\u00e1s el tabasque\u00f1o no se ha percatado de c\u00f3mo casi a diario, la Red de Transporte Colectivo m\u00e1s importante de la capital de la Rep\u00fablica falla. En tiempos de lluvia se ha inundado y se han\u00a0 registrado conatos de incendio en diversas estaciones, por citar s\u00f3lo dos ejemplos.<\/p>\n<p>M\u00e1s recientemente, ayer, en la estaci\u00f3n Villa de Cort\u00e9s, de la L\u00ednea 2, un falso plaf\u00f3n mal colocado cay\u00f3 sobre dos veh\u00edculos que circulaban por Calzada de Tlalpan, en uno de los muchos errores que a diario se cometen sin que se d\u00e9 explicaci\u00f3n alguna.<\/p>\n<p>Esa estaci\u00f3n, como se recordar\u00e1, result\u00f3 seriamente afectada en el sismo de septiembre de 2017. De hecho, la reconstruyeron con estructuras met\u00e1licas y resultaba todo un peligro caminar por los pasillos siempre endebles, que conduc\u00edan a donde circulan los trenes. Incluso, del lado en el que la Calzada de Tlalpan circula de norte a sur, se construyeron departamentos de inter\u00e9s social que se han venido promocionando y las instalaciones del Metro Villa de Cort\u00e9s se perdieron en medio de los anuncios. Pero este tema se asemeja a una olla expr\u00e9s que explot\u00f3 ante tanta presi\u00f3n, por ello resultar\u00eda hasta explicable que Claudia Sheinbaum haya subrayado que el \u00fanico que podr\u00e1 informar sobre el tema de la L\u00ednea 12 y el fat\u00eddico colapso que vivi\u00f3, ser\u00e1 el presidente L\u00f3pez Obrador. Nadie m\u00e1s est\u00e1 autorizado, ni ella, seguramente porque es tan competente\u2026<\/p>\n<p style=\"text-align: center;\"><strong>Municiones<\/strong><\/p>\n<p>*** Duro y a la cabeza se lanz\u00f3 el gobernador de Michoac\u00e1n, al que todav\u00eda le quedan 100 d\u00edas, <strong>Silvano Aureoles Conejo<\/strong>, en contra de Morena y por ende, de su dirigente nacional, <strong>Mario Mart\u00edn Delgado<\/strong>. De plano, el Ejecutivo michoacano dijo que Morena es un \u201cnarco-partido\u201d porque el crimen organizado est\u00e1 detr\u00e1s de dicho instituto pol\u00edtico. En una entrevista radiof\u00f3nica y como hablando para s\u00ed mismo, Aureoles dijo: \u201c\u00bfqu\u00e9 pensar\u00e1 Andr\u00e9s (L\u00f3pez Obrador), despu\u00e9s de que luchamos juntos por la democracia? y ahora Morena es un narco-partido\u2026 en Sinaloa levantaron m\u00e1s de mil personas y en Michoac\u00e1n debe anularse la elecci\u00f3n porque los michoacanos no queremos que regrese el narco gobierno, un gobernador impuesto por el crimen organizado\u201d.<\/p>\n<p>*** Por supuesto, el l\u00edder nacional morenista, defendi\u00f3 con todo al gobernador electo, <strong>Alfredo Ram\u00edrez Bedolla<\/strong>, que asegura que vive en la justa median\u00eda y rechaz\u00f3 los se\u00f1alamientos que hiciera Aureoles Conejo. Al respecto, Mario Delgado asever\u00f3, tambi\u00e9n en entrevista radiof\u00f3nica, que \u201cSilvano (Aureoles), est\u00e1 dando sus \u00faltimas patadas de ahogado\u2026 \u00c9l intent\u00f3 de todo para sacar adelante una elecci\u00f3n de Estado\u2026 \u00e9l va a tener que rendir cuentas y veo muy dif\u00edcil que Aureoles pueda evadir la c\u00e1rcel\u201d.<\/p>\n<p>*** Siguiendo con el mismo tema, hay que anotar que muy dispuesto y contento, el presidente L\u00f3pez Obrador les ofrecer\u00e1 en Palacio Nacional una comida a los 11 gobernadores electos de Morena y hasta el men\u00fa y la hora dispuso: las dos y media de la tarde y habr\u00e1 entre otros platillos de la cocina tabasque\u00f1a: tamalitos de chipil\u00edn, puchero, tostones, agua de matal\u00ed.<\/p>\n<p>*** En este sentido, lo que no hay que descartar es que tambi\u00e9n ya le pidieron audiencia al inquilino de Palacio Nacional los gobernadores electos de Quer\u00e9taro, <strong>Mauricio Kuri<\/strong> y de Nuevo Le\u00f3n, <strong>Samuel Garc\u00eda<\/strong>. Por cierto, en el caso de \u00e9ste \u00faltimo, a lo mejor podr\u00eda dilucidarse si en realidad quien fuera senador por Movimiento Ciudadano, era una especie de \u201ccaballo negro\u201d de Morena; algo as\u00ed como el candidato real de L\u00f3pez Obrador. \u00bfSer\u00e1?<\/p>\n<p>*** Acompa\u00f1ada por el secretario de Seguridad Nacional del vecino del norte, <strong>Alejandro Mayorkas<\/strong>, la vicepresidenta de los Estados Unidos, <strong>Kamala Harris<\/strong>, estar\u00e1 ma\u00f1ana en la frontera entre ese pa\u00eds y M\u00e9xico, concretamente, en El Paso, Texas. El objetivo de su visita es lo referente a la migraci\u00f3n y es la primera que realiza, desde que lleg\u00f3 a la vicepresidencia, a la frontera sur.<\/p>\n<p>*** En la sesi\u00f3n de la Comisi\u00f3n Permanente del Congreso de la Uni\u00f3n, el presidente de la Mesa Directiva del Senado de la Rep\u00fablica, <strong>Eduardo Ram\u00edrez<\/strong>, manifest\u00f3 la profunda preocupaci\u00f3n por las arbitrariedades, por decir lo menos, que comete el presidente de Nicaragua, Daniel Ortega, quien a poco menos de cinco meses de las elecciones en ese pa\u00eds, busca perpetuarse en el poder y para limpiarse el camino, ha encarcelado a alrededor de 19 pol\u00edticos, entre ellos, 5 aspirantes a la presidencia de esa naci\u00f3n. El senador Ram\u00edrez subray\u00f3 que en Nicaragua, las libertades pol\u00edticas est\u00e1n siendo agredidas.<\/p>\n<p>*** Sobre la ratificaci\u00f3n que tiene que hacer el Senado de la Rep\u00fablica sobre el nombramiento de <strong>Roberto Salcedo Aquino<\/strong> como nuevo titular de la Funci\u00f3n P\u00fablica, la presidenta de la Mesa Directiva de la C\u00e1mara de Diputados, <strong>Dulce Mar\u00eda Sauri<\/strong>, opin\u00f3 que no es necesario convocar a un per\u00edodo extraordinario, \u201cla argumentaci\u00f3n va en que no hay necesidad de un periodo extraordinario porque ya en 60 d\u00edas estar\u00e1 instalado el periodo ordinario del Senado de la Rep\u00fablica y en el poco probable caso de que decidieran no ratificar ese nombramiento, que por cierto ha suscitado amplios apoyos en distintos sectores, en distintas fuerzas pol\u00edticas, en que la persona designada por el Presidente de la Rep\u00fablica, Roberto Salcedo, tiene todas las cartas credenciales para realizar un muy\u00a0 buen desempe\u00f1o en la Funci\u00f3n P\u00fablica, pues entonces, en ese probable caso, los actos o el nombramiento cesar\u00eda; pero, en tanto no suceda la ratificaci\u00f3n puede desarrollar su trabajo bajo las condiciones de cualquier secretario o secretaria de gabinete\u201d.<\/p>\n<p><u><a href=\"mailto:morcora@gmail.com\" target=\"_blank\" rel=\"noopener noreferrer\"><em>morcora@gmail.com<\/em><\/a><\/u><\/p>\n","protected":false},"excerpt":{"rendered":"<p><span style=\"color: #005497;\"><strong>Adriana Moreno Cordero<\/strong><\/span><\/p>\n","protected":false},"author":3,"featured_media":0,"comment_status":"open","ping_status":"open","sticky":false,"template":"","format":"standard","meta":{"_monsterinsights_skip_tracking":false,"_monsterinsights_sitenote_active":false,"_monsterinsights_sitenote_note":"","_monsterinsights_sitenote_category":0,"footnotes":""},"categories":[69370],"tags":[69369,69368,43674],"class_list":["post-511624","post","type-post","status-publish","format-standard","hentry","category-adriana-moreno-cordero","tag-adriana-moreno-cordero","tag-la-retaguardia","tag-opinion"],"_links":{"self":[{"href":"https:\/\/www.diarioimagen.net\/index.php?rest_route=\/wp\/v2\/posts\/511624","targetHints":{"allow":["GET"]}}],"collection":[{"href":"https:\/\/www.diarioimagen.net\/index.php?rest_route=\/wp\/v2\/posts"}],"about":[{"href":"https:\/\/www.diarioimagen.net\/index.php?rest_route=\/wp\/v2\/types\/post"}],"author":[{"embeddable":true,"href":"https:\/\/www.diarioimagen.net\/index.php?rest_route=\/wp\/v2\/users\/3"}],"replies":[{"embeddable":true,"href":"https:\/\/www.diarioimagen.net\/index.php?rest_route=%2Fwp%2Fv2%2Fcomments&post=511624"}],"version-history":[{"count":0,"href":"https:\/\/www.diarioimagen.net\/index.php?rest_route=\/wp\/v2\/posts\/511624\/revisions"}],"wp:attachment":[{"href":"https:\/\/www.diarioimagen.net\/index.php?rest_route=%2Fwp%2Fv2%2Fmedia&parent=511624"}],"wp:term":[{"taxonomy":"category","embeddable":true,"href":"https:\/\/www.diarioimagen.net\/index.php?rest_route=%2Fwp%2Fv2%2Fcategories&post=511624"},{"taxonomy":"post_tag","embeddable":true,"href":"https:\/\/www.diarioimagen.net\/index.php?rest_route=%2Fwp%2Fv2%2Ftags&post=511624"}],"curies":[{"name":"wp","href":"https:\/\/api.w.org\/{rel}","templated":true}]}}