{"id":511633,"date":"2021-06-24T00:03:18","date_gmt":"2021-06-24T05:03:18","guid":{"rendered":"https:\/\/www.diarioimagen.net\/?p=511633"},"modified":"2021-06-24T01:10:33","modified_gmt":"2021-06-24T06:10:33","slug":"onu-y-vaticano-contra-la-4t","status":"publish","type":"post","link":"https:\/\/www.diarioimagen.net\/?p=511633","title":{"rendered":"ONU y Vaticano, contra la 4T"},"content":{"rendered":"<h2>Espacio Electoral<\/h2>\n<h5>Eleazar Flores<\/h5>\n<p>&nbsp;<\/p>\n<p><strong>MEXICO NO RESPONDE-.<\/strong> Con fecha y calendario, la Organizaci\u00f3n de las Naciones Unidas y el Vaticano han recriminado al gobierno de M\u00e9xico su violencia preelectoral y, al menos p\u00fablicamente, \u00e9ste no ha respondido.<\/p>\n<p>La ONU a trav\u00e9s de la Comisi\u00f3n de Derechos Humanos y el Vaticano por medio del nuncio apost\u00f3lico Franco Coppola y Pietro Paroli, quien visit\u00f3 nuestro pa\u00eds en nombre del Papa Francisco.<\/p>\n<p>Si a lo anterior, se suma el clamor de la OEA, cuyos pa\u00edses condenaron al r\u00e9gimen del nicarag\u00fcense Daniel Ortega -menos M\u00e9xico y Argentina-, concluir\u00e1 que en diplomacia vamos \u201crequetebi\u00e9n\u201d.<\/p>\n<p><strong>ONU-.<\/strong> Desde Suiza, en el seno de la 47 sesi\u00f3n del Consejo de Derechos Humanos de la ONU, su titular, la chilena Michelle Bachelet, pidi\u00f3 al gobierno de M\u00e9xico no cuestionar m\u00e1s a las autoridades electorales, pidi\u00e9ndole evitar lenguaje que agrave o cuestione a instituciones como el INE.<\/p>\n<p>A\u00f1adi\u00f3 sentirse preocupada por el lenguaje escuchado a lo largo del proceso comicial, -ella estuvo en M\u00e9xico- con agresiones a 91 pol\u00edticos, , de entre ellos 31 candidatos muertos.<\/p>\n<p>La doctora Ver\u00f3nica Michelle Bachellet Jena sabe bien de lo que habla, pues ha sido presidente de Chile en dos ocasiones -de 2006 a 2010 y de 2014 a 2018-, por lo que conoce el intr\u00edngulis de la democracia latinoamericana. Tan pronto dej\u00f3 su cargo en el pa\u00eds andino, la ONU la incorpor\u00f3 a las tareas de Derechos Humanos.<\/p>\n<p><strong>IGLESIA-.<\/strong> De hecho, la preocupaci\u00f3n del Papa Francisco por la violencia en nuestro pa\u00eds se extern\u00f3 p\u00fablicamente por primera vez cuando el nuncio apost\u00f3lico, Franco Coppola, visit\u00f3 Aguilillas, Michoac\u00e1n, comunidad cuyos pobladores ven\u00edan\u00a0 sufriendo violencia y p\u00e9rdida de vidas.<\/p>\n<p>La violencia se asienta en pueblos donde no hay gobierno, dijo, palabras m\u00e1s palabras menos, el 14 de abril de este a\u00f1o el nuncio apost\u00f3lico en dicha visita que ese d\u00eda casualmente Aguilillas luci\u00f3 pac\u00edfico, con concurridas ceremonias religiosas y sin bloqueos carreteros como ven\u00eda sucediendo.<\/p>\n<p>Pero un d\u00eda despu\u00e9s la violencia volvi\u00f3 a este pueblo.<\/p>\n<p>La semana pasada visit\u00f3 nuestro pa\u00eds el cardenal Pietro Parol\u00edn, alto funcionario del Estado Vaticano y en esta visita, el representante papal, a finales de semana, tambi\u00e9n se entrevist\u00f3 con el presidente Andr\u00e9s Manuel L\u00f3pez Obrador, acompa\u00f1ado del canciller Marcelo Ebrard.<\/p>\n<p>Escueto fue el comunicado del encuentro entre el Presidente de M\u00e9xico y el representante del Papa Francisco, pero ya en declaraciones y entrevistas, tanto Pietro Parol\u00edn como el nuncio Franco Coppola externaron preocupaci\u00f3n por los \u00edndices de violencia e inseguridad que padece nuestro pa\u00eds.<\/p>\n<p>Pudieron haber ventilado el considerable n\u00famero de sacerdotes fallecidos por la violencia, pero de eso no se inform\u00f3 nada. \u00bfSe llegar\u00e1 a saber?<\/p>\n<p><em><a href=\"mailto:elefa44@gmail.com\" target=\"_blank\" rel=\"noopener noreferrer\">elefa44@gmail.com<\/a><\/em><\/p>\n","protected":false},"excerpt":{"rendered":"<p><span style=\"color: #005497;\"><strong>Eleazar Flores<\/strong><\/span><\/p>\n","protected":false},"author":3,"featured_media":0,"comment_status":"open","ping_status":"open","sticky":false,"template":"","format":"standard","meta":{"_monsterinsights_skip_tracking":false,"_monsterinsights_sitenote_active":false,"_monsterinsights_sitenote_note":"","_monsterinsights_sitenote_category":0,"footnotes":""},"categories":[81743],"tags":[81744,81776,43674],"class_list":["post-511633","post","type-post","status-publish","format-standard","hentry","category-eleazar-flores","tag-eleazar-flores","tag-espacio-electoral","tag-opinion"],"_links":{"self":[{"href":"https:\/\/www.diarioimagen.net\/index.php?rest_route=\/wp\/v2\/posts\/511633","targetHints":{"allow":["GET"]}}],"collection":[{"href":"https:\/\/www.diarioimagen.net\/index.php?rest_route=\/wp\/v2\/posts"}],"about":[{"href":"https:\/\/www.diarioimagen.net\/index.php?rest_route=\/wp\/v2\/types\/post"}],"author":[{"embeddable":true,"href":"https:\/\/www.diarioimagen.net\/index.php?rest_route=\/wp\/v2\/users\/3"}],"replies":[{"embeddable":true,"href":"https:\/\/www.diarioimagen.net\/index.php?rest_route=%2Fwp%2Fv2%2Fcomments&post=511633"}],"version-history":[{"count":0,"href":"https:\/\/www.diarioimagen.net\/index.php?rest_route=\/wp\/v2\/posts\/511633\/revisions"}],"wp:attachment":[{"href":"https:\/\/www.diarioimagen.net\/index.php?rest_route=%2Fwp%2Fv2%2Fmedia&parent=511633"}],"wp:term":[{"taxonomy":"category","embeddable":true,"href":"https:\/\/www.diarioimagen.net\/index.php?rest_route=%2Fwp%2Fv2%2Fcategories&post=511633"},{"taxonomy":"post_tag","embeddable":true,"href":"https:\/\/www.diarioimagen.net\/index.php?rest_route=%2Fwp%2Fv2%2Ftags&post=511633"}],"curies":[{"name":"wp","href":"https:\/\/api.w.org\/{rel}","templated":true}]}}