{"id":511774,"date":"2021-06-25T00:03:12","date_gmt":"2021-06-25T05:03:12","guid":{"rendered":"https:\/\/www.diarioimagen.net\/?p=511774"},"modified":"2021-06-25T09:04:03","modified_gmt":"2021-06-25T14:04:03","slug":"labores-de-limpieza-y-retiro-de-lodo-en-la-carretera-a-lago-de-guadalupe","status":"publish","type":"post","link":"https:\/\/www.diarioimagen.net\/?p=511774","title":{"rendered":"Labores de limpieza y retiro de lodo en la carretera a Lago de Guadalupe"},"content":{"rendered":"<p>&nbsp;<\/p>\n<p><a href=\"https:\/\/www.diarioimagen.net\/?attachment_id=511887\" rel=\"attachment wp-att-511887\"><img loading=\"lazy\" decoding=\"async\" class=\"aligncenter size-full wp-image-511887\" src=\"https:\/\/www.diarioimagen.net\/wp-content\/uploads\/2021\/06\/tlalne-1.jpg\" alt=\"\" width=\"460\" height=\"270\" \/><\/a><\/p>\n<p>&nbsp;<\/p>\n<p><strong>Tlalnepantla, Estado de M\u00e9xico<\/strong><strong>.-<\/strong> El gobierno municipal realiz\u00f3 labores de limpieza y retiro del lodo que se acumul\u00f3 en la carretera a Lago de Guadalupe tras la fuerte lluvia, con apoyo del personal de Servicios y Mantenimiento Urbano.<\/p>\n<p>La administraci\u00f3n que encabeza Raciel P\u00e9rez Cruz trabaja para mantener limpios los espacios p\u00fablicos.<\/p>\n","protected":false},"excerpt":{"rendered":"<p>El gobierno municipal realiz\u00f3 labores de limpieza y retiro del lodo que se acumul\u00f3 en la carretera a Lago de Guadalupe tras la fuerte lluvia, con apoyo del personal de Servicios y Mantenimiento Urbano.<\/p>\n","protected":false},"author":3,"featured_media":511887,"comment_status":"open","ping_status":"open","sticky":false,"template":"","format":"standard","meta":{"_monsterinsights_skip_tracking":false,"_monsterinsights_sitenote_active":false,"_monsterinsights_sitenote_note":"","_monsterinsights_sitenote_category":0,"footnotes":""},"categories":[5],"tags":[7943],"class_list":["post-511774","post","type-post","status-publish","format-standard","has-post-thumbnail","hentry","category-estado-de-mexico","tag-lago-de-guadalupe"],"_links":{"self":[{"href":"https:\/\/www.diarioimagen.net\/index.php?rest_route=\/wp\/v2\/posts\/511774","targetHints":{"allow":["GET"]}}],"collection":[{"href":"https:\/\/www.diarioimagen.net\/index.php?rest_route=\/wp\/v2\/posts"}],"about":[{"href":"https:\/\/www.diarioimagen.net\/index.php?rest_route=\/wp\/v2\/types\/post"}],"author":[{"embeddable":true,"href":"https:\/\/www.diarioimagen.net\/index.php?rest_route=\/wp\/v2\/users\/3"}],"replies":[{"embeddable":true,"href":"https:\/\/www.diarioimagen.net\/index.php?rest_route=%2Fwp%2Fv2%2Fcomments&post=511774"}],"version-history":[{"count":0,"href":"https:\/\/www.diarioimagen.net\/index.php?rest_route=\/wp\/v2\/posts\/511774\/revisions"}],"wp:featuredmedia":[{"embeddable":true,"href":"https:\/\/www.diarioimagen.net\/index.php?rest_route=\/wp\/v2\/media\/511887"}],"wp:attachment":[{"href":"https:\/\/www.diarioimagen.net\/index.php?rest_route=%2Fwp%2Fv2%2Fmedia&parent=511774"}],"wp:term":[{"taxonomy":"category","embeddable":true,"href":"https:\/\/www.diarioimagen.net\/index.php?rest_route=%2Fwp%2Fv2%2Fcategories&post=511774"},{"taxonomy":"post_tag","embeddable":true,"href":"https:\/\/www.diarioimagen.net\/index.php?rest_route=%2Fwp%2Fv2%2Ftags&post=511774"}],"curies":[{"name":"wp","href":"https:\/\/api.w.org\/{rel}","templated":true}]}}