{"id":511814,"date":"2021-06-25T00:08:19","date_gmt":"2021-06-25T05:08:19","guid":{"rendered":"https:\/\/www.diarioimagen.net\/?p=511814"},"modified":"2021-06-25T03:47:31","modified_gmt":"2021-06-25T08:47:31","slug":"para-ser-fifi-se-necesita-empezar-a-ahorrar-y-reunir-500-millones-de-dls","status":"publish","type":"post","link":"https:\/\/www.diarioimagen.net\/?p=511814","title":{"rendered":"Para ser \u201cfif\u00ed\u201d se necesita empezar a ahorrar y reunir 500 millones de dls"},"content":{"rendered":"<h2>Clase Pol\u00edtica<\/h2>\n<h5>Miguel \u00c1ngel Rivera<\/h5>\n<p>&nbsp;<\/p>\n<p>Para ponerlo en t\u00e9rminos deportivos, el presidente Andr\u00e9s Manuel L\u00f3pez Obrador coloc\u00f3 \u201cmuy alta la vara\u201d para los \u201caspiracionistas\u201d que pretenden llegar a \u201cfifis\u201d, pues deber\u00edan tener un capital de 500 millones de d\u00f3lares.<\/p>\n<p>Nada de moneda nacional. No bastan 500 millones de pesos. Tienen que ser d\u00f3lares. Al cambio de 20 pesos por d\u00f3lar, para ingresar al sector \u201cfif\u00ed\u201d, se necesitan 10 mil millones de pesos. Nada de rebajas, se es o no se es.<\/p>\n<p>Como ocurre con cierta frecuencia en sus conferencias ma\u00f1aneras, el primer mandatario parec\u00eda incomprendido y por ello emprendi\u00f3 una larga explicaci\u00f3n a prop\u00f3sito de que un reportero le pregunt\u00f3 qu\u00e9 se va a hacer con funcionarios p\u00fablicos provenientes de anteriores administraciones que no parecen haber asimilado los principios de la llamada Cuarta Transformaci\u00f3n y que practican un \u201cjuego sucio\u201d.<\/p>\n<p>\u201cPues lo que se busca es que sean servidores p\u00fablicos honestos, independientemente de su filiaci\u00f3n partidista, lo que est\u00e1 mal es que ocupen los cargos para robar, que haya nepotismo, influyentismo, todas esas lacras de la pol\u00edtica; por lo dem\u00e1s, somos libres\u201d, respondi\u00f3 el jefe del Ejecutivo federal, quien agreg\u00f3:<\/p>\n<p>\u201cCuando yo hablo de un sector de la clase media <strong><em>aspiracionista<\/em><\/strong> me refiero a quienes tienen una influencia, producto de 36 a\u00f1os de dominio neoliberal, que influy\u00f3 mucho en lo educativo con la idea de triunfar a toda costa, sin escr\u00fapulos morales de ninguna \u00edndole; es escalar, ascender en la escala social como sea, <strong><em>haiga sido como haiga sido<\/em><\/strong>, dir\u00eda el cl\u00e1sico.<\/p>\n<p>\u201cEntonces, a ellos no les importa la moral ni el humanismo, son por lo general muy individualistas, ese fue uno de los da\u00f1os que caus\u00f3 el periodo neoliberal, la educaci\u00f3n hacia lo materialista abandonando principios, valores; y, adem\u00e1s, se creen sabihondos, lo saben todo y resulta que les juegan el dedo en la boca como quieren los oligarcas, los que se sent\u00edan due\u00f1os de M\u00e9xico, los manipulan; se llegan a sentir hasta fif\u00eds, se ofenden, cuando ellos pertenecen a las clases medias. \u201cEl \u2018fif\u00ed\u2019 es un junior, por lo general de la oligarqu\u00eda, de los de mero arriba. Para ser \u2018fif\u00ed\u2019 se requieren m\u00e1s de 500 millones de d\u00f3lares de fortuna.<\/p>\n<p>\u201cLos \u2018fif\u00eds\u2019 fueron los que celebraron cuando aprehendieron a Gustavo A. Madero y lo sacrificaron cobardemente, y eran los hijos de hacendados porfiristas que sal\u00edan a las calles como en caravana, con sus carros a festejarlo; y lo mismo cuando asesinaron al presidente Madero. Entonces, eso es lo que sucede.<\/p>\n<p>\u201cLo otro, poco a poco, aunque tambi\u00e9n no hay que perder mucho tiempo queri\u00e9ndolos convencer, porque hay quienes son fan\u00e1ticos del conservadurismo, muy cercanos al pensamiento fascista; son clasistas, son racistas.<\/p>\n<p>\u201cCuando me dicen: \u2018A ver, s\u00ed quiero saber lo que ustedes est\u00e1n haciendo, conv\u00e9nceme\u2019. No, est\u00e1 muy dif\u00edcil, vean la ma\u00f1anera y puede ser que ah\u00ed se informen de algo; pero no, no ven la ma\u00f1anera, tienen a L\u00f3pez-D\u00f3riga a todo lo que da, a Ciro, a Loret de Mola, Raymundo Riva Palacio, <em>El Universal<\/em>, bueno, son lectores fieles del <em>Reforma<\/em>.<\/p>\n<p>\u201cLos que leen, bueno, ni siquiera leen a Krauze o a Aguilar Cam\u00edn, leen a&#8230; \u00bfC\u00f3mo se llama este escritor de <em>bestselle<\/em>r?\u201d.<\/p>\n<p>La respuesta la dio el coordinador general de Comunicaci\u00f3n Social y vocero del Gobierno de la Rep\u00fablica Jes\u00fas Ram\u00edrez Cuevas<strong>, <\/strong>quien precis\u00f3 que el escritor al que se refer\u00eda el primer mandatario es Francisco Mart\u00edn Moreno.<\/p>\n<p>El presidente L\u00f3pez Obrador se sigui\u00f3 con sus explicaciones y sus cr\u00edticas a otros conocidos periodistas e intelectuales.<\/p>\n<p>Pero lo importante, para los denostados <strong><em>aspiracionistas<\/em><\/strong>, el primer mandatario ya les fij\u00f3 la meta. Si quieren incorporarse al sector \u201cfif\u00ed\u201d, deben tener una fortuna de por lo menos 500 millones de d\u00f3lares.<\/p>\n<p style=\"text-align: center;\"><strong>El supercoordinador de los <em>superdelegados<\/em>, fuera<br \/>\ndel gobierno de la llamada Cuarta Transformaci\u00f3n<\/strong><\/p>\n<p>Poco despu\u00e9s de la ilustrativa ma\u00f1anera se dio a conocer la noticia de un nuevo ajuste en el nivel m\u00e1s alto de la denominada 4T. Se trata de la renuncia de Gabriel Garc\u00eda Hern\u00e1ndez, el coordinador de los superdelegados, inventados por el presidente L\u00f3pez Obrador para ser ubicados en cada una de las entidades federativas, en reemplazo del anterior sistema en que pr\u00e1cticamente cada dependencia federal nombraba un representante en cada uno de los estados de la Rep\u00fablica, incluida la Ciudad de M\u00e9xico.<\/p>\n<p>El resultado del cambio es que esos delegados \u00fanicos acumularon un gran poder, por lo que se les agreg\u00f3 el prefijo de \u201cs\u00faper\u201d, ya que en lo administrativo supervisan o aprueban los programas y obras a los que se destina dinero de la federaci\u00f3n. En lo pol\u00edtico adquirieron gran relevancia por el manejo de los programas sociales con fines electorales, lo que los convirti\u00f3 en autom\u00e1tico en precandidatos a gobernadores por el partido oficial, Morena, aunque en algunos casos, no se dio el pase autom\u00e1tico.<\/p>\n<p>Al ser coordinador de esos superdelegados y comandante supremo de las decenas de miles de los denominados \u201csiervos de la naci\u00f3n\u201d -y por la cercan\u00eda personal que se le supon\u00eda con el presidente L\u00f3pez Obrador- Garc\u00eda Hern\u00e1ndez era considerado uno de los personajes con mayor poder dentro de la llamada Cuarta Transformaci\u00f3n, aunque no ten\u00eda un cargo oficial se le con un rango igual e inclusive superior al de los secretarios de estado.<\/p>\n<p>Por eso resulta sorpresiva su salida, presentada como renuncia, no como cese, y sin mayor explicaci\u00f3n. Garc\u00eda Hern\u00e1ndez s\u00f3lo inform\u00f3 que vuelve al Senado, al que lleg\u00f3 por v\u00eda plurinominal.<\/p>\n<p>De ese personaje, el experimentado luchador de izquierda y ex diputado por el desaparecido PRT Ricardo Pascoe Pierce escribi\u00f3 de Garc\u00eda Hern\u00e1ndez en su columna en el diario <strong><em>Exc\u00e9lsior<\/em><\/strong> en febrero de 2015: \u201cDurante el sexenio de L\u00f3pez Obrador (en el entonces DF) fue director de Adquisiciones en la Oficial\u00eda Mayor para luego convertirse en el apoderado legal de Honestidad Valiente, la asociaci\u00f3n civil que sirvi\u00f3 para lavar dinero durante las campa\u00f1as presidenciales de 2006 y 2012. Fue quien supo c\u00f3mo crear las condiciones para que L\u00f3pez Obrador pudiera tener larga vida en la pol\u00edtica sin incomodidades econ\u00f3micas. En 2012, aparece consignado en reportajes period\u00edsticos acusado por el PRI como el integrante de Honestidad Valiente que serv\u00eda de operador para recabar donaciones y ser el v\u00ednculo entre Austeridad Republicana, un organismo que recib\u00eda dinero \u201coscuro\u201d del GDF a trav\u00e9s de contratos sospechosos y lo pasaba a Honestidad Valiente\u201d.<\/p>\n<p style=\"text-align: center;\"><strong><em>Guerreras de la Libertad<\/em><\/strong><strong>\u00a0en Azteca: la sociedad<br \/>\nvista desde una perspectiva de g\u00e9nero<\/strong><\/p>\n<p>Hasta la primera mitad del siglo XX, el mundo era protagonizado y relatado casi exclusivamente desde la mirada masculina. Desde entonces, una revoluci\u00f3n nada silenciosa ha luchado continua y estoicamente por una sociedad con perspectiva de g\u00e9nero, tema en que el periodismo debe ser vanguardia.<\/p>\n<p>Pilar Ferreira, Martha Ramos, Fabiola Guarneros y Andrea Merlos, quienes han ocupado puestos de alta direcci\u00f3n en medios period\u00edsticos por a\u00f1os, nos cuentan los esfuerzos adicionales y sacrificios que tuvieron que hacer para demostrar la amplitud de sus capacidades.<\/p>\n<p>Alicia Salgado y Sanjuana Mart\u00ednez narran sus experiencias en la cobertura de investigaciones en que han enfrentado acoso por parte de funcionarios que han utilizado su posici\u00f3n y la privacidad de una entrevista para poner en peligro la integridad de las mujeres.<\/p>\n<p><strong><em>Guerreras de la Libertad<\/em><\/strong> como Rosa Montero, Adriana P\u00e9rez Ca\u00f1edo, Katia D\u00b4Artigues, Eunice Albarr\u00e1n, Elena Poniatowska, Blanche Petrich, Catalina Noriega, Adela Micha,\u00a0 Elisa Alan\u00eds, Ivonne Melgar, Nayeli Rold\u00e1n, Estela Livera,\u00a0 Guadalupe Michaca, B\u00e1rbara Anderson y Marielena Vega se plantean preguntas sobre qu\u00e9 debe pasar en el \u00e1mbito legislativo, judicial y de derechos humanos para erradicar la impunidad que alienta al machismo y el acoso que a\u00fan persisten en la sociedad, al mismo tiempo que impulsan una cultura de la equidad y la igualdad por medio del ejemplo y el convencimiento.<\/p>\n<p>No se pierda el estreno del tercer cap\u00edtulo de <strong><em>Guerreras de la Libertad<\/em><\/strong> el s\u00e1bado 26 de junio a las 19:30 hrs. En televisi\u00f3n abierta digital por adn40 en el canal 1.2 de la Rep\u00fablica Mexicana y el 40.1 del Valle de M\u00e9xico. V\u00e9alo tambi\u00e9n en Internet por http:\/\/live.adn40.mx y en la app de Azteca disponible gratuitamente en iTunes y Play Store. Sea parte de esta experiencia participando en redes sociales con el hashtag #GuerrerasDeLaLibertad<\/p>\n<p><a href=\"mailto:riparcangel@hotmail.com\" target=\"_blank\" rel=\"noopener noreferrer\"><em>riparcangel@hotmail.com<\/em><\/a><\/p>\n","protected":false},"excerpt":{"rendered":"<p><span style=\"color: #005497;\"><strong>Miguel \u00c1ngel Rivera<\/strong><\/span><\/p>\n","protected":false},"author":3,"featured_media":0,"comment_status":"open","ping_status":"open","sticky":false,"template":"","format":"standard","meta":{"_monsterinsights_skip_tracking":false,"_monsterinsights_sitenote_active":false,"_monsterinsights_sitenote_note":"","_monsterinsights_sitenote_category":0,"footnotes":""},"categories":[84119],"tags":[84120,84121,43674],"class_list":["post-511814","post","type-post","status-publish","format-standard","hentry","category-miguel-angel-rivera","tag-clase-politica","tag-miguel-angel-rivera","tag-opinion"],"_links":{"self":[{"href":"https:\/\/www.diarioimagen.net\/index.php?rest_route=\/wp\/v2\/posts\/511814","targetHints":{"allow":["GET"]}}],"collection":[{"href":"https:\/\/www.diarioimagen.net\/index.php?rest_route=\/wp\/v2\/posts"}],"about":[{"href":"https:\/\/www.diarioimagen.net\/index.php?rest_route=\/wp\/v2\/types\/post"}],"author":[{"embeddable":true,"href":"https:\/\/www.diarioimagen.net\/index.php?rest_route=\/wp\/v2\/users\/3"}],"replies":[{"embeddable":true,"href":"https:\/\/www.diarioimagen.net\/index.php?rest_route=%2Fwp%2Fv2%2Fcomments&post=511814"}],"version-history":[{"count":0,"href":"https:\/\/www.diarioimagen.net\/index.php?rest_route=\/wp\/v2\/posts\/511814\/revisions"}],"wp:attachment":[{"href":"https:\/\/www.diarioimagen.net\/index.php?rest_route=%2Fwp%2Fv2%2Fmedia&parent=511814"}],"wp:term":[{"taxonomy":"category","embeddable":true,"href":"https:\/\/www.diarioimagen.net\/index.php?rest_route=%2Fwp%2Fv2%2Fcategories&post=511814"},{"taxonomy":"post_tag","embeddable":true,"href":"https:\/\/www.diarioimagen.net\/index.php?rest_route=%2Fwp%2Fv2%2Ftags&post=511814"}],"curies":[{"name":"wp","href":"https:\/\/api.w.org\/{rel}","templated":true}]}}