{"id":511819,"date":"2021-06-25T00:12:44","date_gmt":"2021-06-25T05:12:44","guid":{"rendered":"https:\/\/www.diarioimagen.net\/?p=511819"},"modified":"2021-06-28T06:02:31","modified_gmt":"2021-06-28T11:02:31","slug":"realinea-amlo-sus-alfiles-para-reencauzar-su-sucesion","status":"publish","type":"post","link":"https:\/\/www.diarioimagen.net\/?p=511819","title":{"rendered":"\u00bfRealinea AMLO sus alfiles para reencauzar su sucesi\u00f3n?\u00a0"},"content":{"rendered":"<h2>Tras la puerta del poder<\/h2>\n<h5>Roberto Vizca\u00edno<\/h5>\n<p>&nbsp;<\/p>\n<p>Luego de que el derrumbe de la L\u00ednea 12 y los resultados electorales en la capital invalidaron a <strong>Marcelo Ebrard<\/strong> y a <strong>Claudia Sheinbaum<\/strong> para 2024, el presidente <strong>Andr\u00e9s Manuel L\u00f3pez Obrador<\/strong> reacomoda a sus operadores y reencauza su sucesi\u00f3n.<\/p>\n<p>El escenario movi\u00f3 entonces los reflectores de toda la clase pol\u00edtica nacional y extranjera, la empresarial e intelectual hacia <strong>Ricardo Monreal<\/strong>, quien qued\u00f3 expuesto innecesaria e indeseadamente por \u00e9l mismo como la carta m\u00e1s viable, pero a la vez m\u00e1s expuesta a golpes arteros y odios. Prueba de ello el encabezado por <strong>Dolores Padierna<\/strong> y <strong>Ren\u00e9 Bejarano<\/strong>.<\/p>\n<p>Su sobreexposici\u00f3n medi\u00e1tica y pol\u00edtica cobr\u00f3 mayor fuerza cuando el propio <strong>L\u00f3pez Obrador<\/strong> lo dej\u00f3 fuera de una lista inicial de prospectos al adelantar 3 a\u00f1os su propio proceso sucesorio.<\/p>\n<p><strong>Monreal<\/strong> declar\u00f3 entonces, que era un proceso fuera de tiempo, que \u00e9l no se aprovechar\u00eda de la defenestraci\u00f3n de otros aspirantes pero que nadie lo dejara fuera de ese proceso una vez que el proceso retomara su paso.<\/p>\n<p>El zacatecano, sin enredos ni actuaciones <em>bajo la mesa<\/em> o en lo <em>oscurito<\/em>, le dejaba en claro a <strong>AMLO<\/strong> que -ca\u00eddos <strong>Marcelo<\/strong> y <strong>Claudia<\/strong>-, \u00e9l continuar\u00eda con su aspiraci\u00f3n de jugar <strong><em>en buena lid<\/em><\/strong>, en 2024.<\/p>\n<p>Por eso mismo la mayor interrogante la tarde de ayer surg\u00eda de la decisi\u00f3n de <strong>AMLO<\/strong> de regresar a <strong>Gabriel Garc\u00eda Hern\u00e1ndez<\/strong> de la coordinaci\u00f3n General para Programas del Desarrollo de la Presidencia de la Rep\u00fablica a su esca\u00f1o en el Senado.<\/p>\n<p>\u00bfA qu\u00e9 va al Senado el operador m\u00e1s cercano y de mayor confianza de AMLO? A quien algunos llegaron incluso a mencionar como \u201cel vicepresidente\u201d por el gran poder y recursos que operar\u00eda.<\/p>\n<p>Egresado de Econom\u00eda de la UNAM, con maestr\u00eda en Finanzas P\u00fablicas por el Instituto Nacional de Administraci\u00f3n P\u00fablica ser\u00e1 los ojos y la voz directa del Presidente dentro del grupo mayoritario de Morena y ante la oposici\u00f3n y dem\u00e1s sectores que se mueven en ese espacio.<\/p>\n<p>Y es que para nadie hoy en los sectores interesados es un secreto que <strong>Garc\u00eda Hern\u00e1ndez<\/strong> a nadie rinde cuentas directas m\u00e1s que a su jefe, y es quiz\u00e1 el de las mayores confianzas de <strong>L\u00f3pez Obrador<\/strong>, un pol\u00edtico que desconf\u00eda hasta de su sombra.<\/p>\n<p>A su lado, renuente, al\u00e9rgico a todo lo que signifique medios de comunicaci\u00f3n <strong>Garc\u00eda Hern\u00e1ndez<\/strong> le ha demostrado una lealtad y una honestidad a toda prueba a su jefe.\u00a0 Desde esa posici\u00f3n, fuera de todos los nombramientos oficiales, <strong>Garc\u00eda Hern\u00e1ndez<\/strong> y durante 18 a\u00f1os ha operado miles de millones de pesos y las estructuras sociales y electorales que m\u00e1s le interesan al tabasque\u00f1o.<\/p>\n<p>Del 1 de diciembre de 2018 a la fecha, adem\u00e1s de senador electo, fue el coordinador General para Programas del Desarrollo de la Presidencia de la Rep\u00fablica y como tal coordinador de los 32 delegados especiales en el pa\u00eds. Fue el creador de las Brigadas de Bienestar, cuyos miembros son todos j\u00f3venes con estudios superiores que ganan sobre los 25 mil pesos mensuales y que son los principales promotores de AMLO y la 4T.<\/p>\n<p>Desde esa posici\u00f3n \u00e9l decidi\u00f3 c\u00f3mo y cu\u00e1nto se distribuy\u00f3 entre adultos mayores, j\u00f3venes sin estudios, etc etc.<\/p>\n<p>Dividi\u00f3 al pa\u00eds en 270 secciones -casi una por distrito electoral- para recabar datos de sectores de la poblaci\u00f3n y darles respuesta casi personal a sus integrantes.<\/p>\n<p>Y lanz\u00f3 a varios de sus delegados como candidatos a gobernador en sus estados.<\/p>\n<p>El triunfo de Morena en 11 de 15 de esas elecciones quiz\u00e1 se le deba en gran parte a su operaci\u00f3n. Con <strong>AMLO<\/strong> como jefe de Gobierno en la capital fue director de Adquisiciones en la Oficial\u00eda Mayor, un \u00e1rea que concentr\u00f3 las compras de toda la administraci\u00f3n p\u00fablica, estrategia que tom\u00f3 el tabasque\u00f1o para evitar desv\u00edos desde las Secretar\u00edas. Desde entonces la oposici\u00f3n lo percibi\u00f3 como el verdadero gestor de los recursos econ\u00f3micos de campa\u00f1a del tabasque\u00f1o. Luego de la derrota de 2006, Garc\u00eda Hern\u00e1ndez estrech\u00f3 su relaci\u00f3n con AMLO y fue apoderado legal de la <strong>Fundaci\u00f3n Honestidad Valiente<\/strong>, que recibi\u00f3 muchos millones en forma oscura.<\/p>\n<p>Obvio que regresa al Senado para tareas relacionadas con la sucesi\u00f3n presidencial del 2024.\u00a0 \u00bfPara atajar a <strong>Ricardo Monreal<\/strong>? \u00bfBuscar quitarle la coordinaci\u00f3n de Morena?<\/p>\n<p>Si es as\u00ed, <strong>Garc\u00eda Hern\u00e1ndez<\/strong> va a tener que aprender mucho de pol\u00edtica porque el zacatecano en eso tiene nivel de varios doctorados.<\/p>\n<p>Ayer mismo, <strong>Monreal <\/strong>en su cuenta de Twitter le envi\u00f3 el siguiente mensaje: \u201cEl senador <strong>Gabriel Garc\u00eda Hern\u00e1ndez<\/strong> a lo largo de su actividad p\u00fablica ha demostrado ser un profesionista de gran experiencia, inteligencia y vocaci\u00f3n social. Le damos la bienvenida al grupo parlamentario cuando desee incorporarse; siempre ser\u00e1 de mucha utilidad para la Rep\u00fablica\u201d.<\/p>\n<p>O sea, \u00bfuno m\u00e1s en esa grey&#8230;? Pronto lo veremos.<\/p>\n<p><em><a href=\"mailto:rvizcainoa@gmail.com\" target=\"_blank\" rel=\"noopener noreferrer\">rvizcainoa@gmail.com<\/a><br \/>\n<u><a href=\"http:\/\/endirecto.mx\" target=\"_blank\" rel=\"noopener noreferrer\">www.endirecto.mx<\/a><br \/>\n<a href=\"https:\/\/twitter.com\/_rvizcaino\" target=\"_blank\" rel=\"noopener noreferrer\">@_RVizcaino<\/a><br \/>\n<a href=\"https:\/\/www.facebook.com\/rvizcainoa\" target=\"_blank\" rel=\"noopener noreferrer\">facebook.com\/rvizcainoa<\/a><\/u><\/em><\/p>\n","protected":false},"excerpt":{"rendered":"<p><span style=\"color: #005497;\"><strong>Roberto Vizca\u00edno<\/strong><\/span><br \/>\n<br \/>\nLuego de que el derrumbe de la L\u00ednea 12 y los resultados electorales en la capital invalidaron a <strong>Marcelo Ebrard<\/strong> y a <strong>Claudia Sheinbaum<\/strong> para 2024, el presidente <strong>Andr\u00e9s Manuel L\u00f3pez Obrador<\/strong> reacomoda a sus operadores y reencauza su sucesi\u00f3n.<\/p>\n","protected":false},"author":3,"featured_media":0,"comment_status":"open","ping_status":"open","sticky":false,"template":"","format":"standard","meta":{"_monsterinsights_skip_tracking":false,"_monsterinsights_sitenote_active":false,"_monsterinsights_sitenote_note":"","_monsterinsights_sitenote_category":0,"footnotes":""},"categories":[136],"tags":[43674,93,94],"class_list":["post-511819","post","type-post","status-publish","format-standard","hentry","category-roberto-vizcaino-opinion","tag-opinion","tag-roberto-vizcaino","tag-tras-la-puerta-del-poder"],"_links":{"self":[{"href":"https:\/\/www.diarioimagen.net\/index.php?rest_route=\/wp\/v2\/posts\/511819","targetHints":{"allow":["GET"]}}],"collection":[{"href":"https:\/\/www.diarioimagen.net\/index.php?rest_route=\/wp\/v2\/posts"}],"about":[{"href":"https:\/\/www.diarioimagen.net\/index.php?rest_route=\/wp\/v2\/types\/post"}],"author":[{"embeddable":true,"href":"https:\/\/www.diarioimagen.net\/index.php?rest_route=\/wp\/v2\/users\/3"}],"replies":[{"embeddable":true,"href":"https:\/\/www.diarioimagen.net\/index.php?rest_route=%2Fwp%2Fv2%2Fcomments&post=511819"}],"version-history":[{"count":0,"href":"https:\/\/www.diarioimagen.net\/index.php?rest_route=\/wp\/v2\/posts\/511819\/revisions"}],"wp:attachment":[{"href":"https:\/\/www.diarioimagen.net\/index.php?rest_route=%2Fwp%2Fv2%2Fmedia&parent=511819"}],"wp:term":[{"taxonomy":"category","embeddable":true,"href":"https:\/\/www.diarioimagen.net\/index.php?rest_route=%2Fwp%2Fv2%2Fcategories&post=511819"},{"taxonomy":"post_tag","embeddable":true,"href":"https:\/\/www.diarioimagen.net\/index.php?rest_route=%2Fwp%2Fv2%2Ftags&post=511819"}],"curies":[{"name":"wp","href":"https:\/\/api.w.org\/{rel}","templated":true}]}}