{"id":511930,"date":"2021-06-28T00:01:26","date_gmt":"2021-06-28T05:01:26","guid":{"rendered":"https:\/\/www.diarioimagen.net\/?p=511930"},"modified":"2021-06-28T05:45:21","modified_gmt":"2021-06-28T10:45:21","slug":"vacunados-con-cansino-y-sputnik-v-no-aprobadas-por-la-oms-estados-unidos-y-la-ue-no-podran-viajar-a-europa","status":"publish","type":"post","link":"https:\/\/www.diarioimagen.net\/?p=511930","title":{"rendered":"Vacunados con <em>CanSino<\/em> y <em>Sputnik V<\/em> \u2014no aprobadas por la OMS, Estados Unidos y la UE\u2014 no podr\u00e1n viajar a Europa"},"content":{"rendered":"<h2>De cinco estrellas<\/h2>\n<h5>Victoria Gonz\u00e1lez Prado<\/h5>\n<p>&nbsp;<\/p>\n<ul>\n<li><strong><em>Gabriel Dom\u00ednguez Villar, nuevo delegado Comercial de Iberia para M\u00e9xico y Puerto Rico<\/em><\/strong><\/li>\n<li><strong>Nobu Hotel Los Cabos<em>, se distingue por ofrecer vivencia \u00fanica en las costas de Cabo San Lucas<\/em><\/strong><\/li>\n<\/ul>\n<p>&nbsp;<\/p>\n<div id=\"attachment_512012\" style=\"width: 470px\" class=\"wp-caption aligncenter\"><a href=\"https:\/\/www.diarioimagen.net\/?attachment_id=512012\" rel=\"attachment wp-att-512012\"><img loading=\"lazy\" decoding=\"async\" aria-describedby=\"caption-attachment-512012\" class=\"size-full wp-image-512012\" src=\"https:\/\/www.diarioimagen.net\/wp-content\/uploads\/2021\/06\/turismo-11.jpg\" alt=\"\" width=\"460\" height=\"270\" \/><\/a><p id=\"caption-attachment-512012\" class=\"wp-caption-text\">Viajeros con vacunas no aprobadas no podr\u00e1n viajar.<\/p><\/div>\n<p>&nbsp;<\/p>\n<p>Sin duda, viajeros de M\u00e9xico y otros pa\u00edses podr\u00edan quedar \u201caislados\u201d al no poder viajar a Estados Unidos y a la Uni\u00f3n Europea (UE) ya que la Organizaci\u00f3n Mundial de la Salud (OMS) dio a conocer que s\u00f3lo las vacunas, <em>Pfizer, AstraZeneca, Janssen, Moderna, Sinopharm<\/em> y <em>Sinovac, <\/em>est\u00e1n autorizadas para su uso de emergencia ante el Covid-19. La china <em>CanSino<\/em> y la rusa <em>Sputnik V<\/em>, usadas en M\u00e9xico, a\u00fan no han sido aprobadas.<\/p>\n<p>De alguna manera, la situaci\u00f3n es muy conveniente para Estados Unidos al ofrecer revacunar a quienes hayan recibido las dosis no avaladas por la FDA o la OMS, pues de esta forma generar\u00e1n gastos por hospedaje, alimentaci\u00f3n y transporte para quienes opten por la revacunaci\u00f3n que, por cierto, deber\u00e1 realizarse despu\u00e9s de 28 d\u00edas de haber recibido dosis como la <em>CansinoBio<\/em> o <em>Sputnik V<\/em>, que est\u00e1n fuera del listado de uso de emergencia<\/p>\n<p>Por si fuera poco, para M\u00e9xico, no existe la certeza de que el comprobante que se extiende tras ser vacunado tenga validez oficial en otros pa\u00edses.<\/p>\n<p>Cabe recordar que la primera vacuna que la OMS incluy\u00f3 en su listado fue <em>Pfizer\/BioNTech<\/em> en diciembre de 2020, despu\u00e9s <em>AstraZeneca<\/em> (<em>SKBio<\/em> de Rep\u00fablica de Corea, <em>Serum Institute of India<\/em> y Estados Unidos) en febrero; Janssen (<em>Johnson &amp; Johnson<\/em>) en marzo; Moderna en abril, <em>Sinopharm<\/em> en mayo y Sinovac el 1 de junio.<\/p>\n<p>Seg\u00fan comunicado de la OMS, su lista de uso de emergencia implica evaluaci\u00f3n rigurosa de los datos finales de los ensayos cl\u00ednicos de fase II y fase III, y datos adicionales sustanciales sobre seguridad, eficacia, calidad y plan de gesti\u00f3n de riesgos.<\/p>\n<p>Recientemente, Estados Unidos emiti\u00f3 recomendaci\u00f3n para for\u00e1neos y advirti\u00f3 que s\u00f3lo quienes han recibido todas las dosis recomendadas de vacuna Covid-19 autorizada por la Administraci\u00f3n de Medicamentos y Alimentos (FDA)\u00a0o incluida en la lista de la\u00a0OMS<strong>\u00a0<\/strong>se consideran completamente vacunados a efectos de los lineamientos de salud p\u00fablica.<\/p>\n<p>Canad\u00e1 que ha mantenido sus fronteras cerradas, en comunicado emitido por la Agencia de Salud P\u00fablica inform\u00f3 que a partir del martes 6 de julio, los viajeros completamente vacunados estar\u00e1n autorizados a entrar a suelo canadiense ya no tendr\u00e1n que hacer cuarentena, ni pasar test de Covid-19 al octavo d\u00eda de su arribo.<\/p>\n<p>A partir del 1 de julio, la Uni\u00f3n Europea permitir\u00e1 el ingreso a viajeros de otros pa\u00edses que hayan recibido alguna de las vacunas aprobadas por la Agencia Europea de Medicina (EMA por sus siglas en ingl\u00e9s): P<em>fizer\/ BioNTech, Moderna, AstraZeneca y Janssen<\/em> (<em>Johnson &amp; Johnson<\/em>) con comprobante.<\/p>\n<p>\u2730\u2730\u2730\u2730\u2730 <strong>V\u00edctor Moneo<\/strong>, director de Ventas Am\u00e9rica Latina para Iberia, nombr\u00f3 a\u00a0<strong>Gabriel Dom\u00ednguez Villar<\/strong>, nuevo delegado Comercial\u00a0para la compa\u00f1\u00eda a\u00e9rea\u00a0en M\u00e9xico y Puerto Rico, con la finalidad de fortalecer distintas \u00e1reas y\u00a0dar continuidad a todos los retos que tienen por delante. Mientras tanto, <strong>Marta S\u00e1nchez Oquillas<\/strong>, quien ocup\u00f3 el cargo se incorpora a la Direcci\u00f3n Ventas Europa, Oriente Medio, EE.UU. y Asia de la aerol\u00ednea como\u00a0<em>Business Developer Manager Reino Unido e Irlanda.<\/em><\/p>\n<p><strong>Gabriel Dom\u00ednguez Villar<\/strong> ocupar\u00e1 su nueva posici\u00f3n \u20131 de julio\u2013 para liderar y representar a Iberia y\u00a0<em>British Airways<\/em>\u00a0en los mercados de M\u00e9xico y Puerto Rico. Es licenciado en Econom\u00eda\u00a0e Investigaci\u00f3n y T\u00e9cnicas de Mercado, cursadas en la Universidad de Granada. Cuenta con MBA en la Escuela de Organizaci\u00f3n Industrial (EOI), especialidad Internacional realizada en la EM Lyon (Francia) y Programa <em>Executive<\/em>\u00a0de Gesti\u00f3n de Empresas en el Centro de Estudios Garrigues (Madrid).<\/p>\n<p>En 2014 inici\u00f3 su carrera profesional en Iberia en el \u00e1rea de\u00a0<em>Revenue Management<\/em>\u00a0como\u00a0<em>Long Haul Pricing Manager<\/em>\u00a0y, tres a\u00f1os m\u00e1s tarde, como\u00a0<em>Long Haul Demand and Pricing Manager.<\/em>\u00a0En 2019 se incorpor\u00f3 a la direcci\u00f3n Comercial de Iberia como delegado Comercial en Centroam\u00e9rica y Venezuela, con base en Panam\u00e1.<\/p>\n<p>\u2730\u2730\u2730\u2730\u2730 <em>Nobu Hotel Los Cabos<\/em>, se distingue por ofrecer vivencia \u00fanica en las costas de Cabo San Lucas, la marca fue creada por el famoso chef japon\u00e9s <strong>Nobu Matsuhisa<\/strong> y el actor, ganador de un premio de la Academia, <strong>Robert De Niro<\/strong>.<\/p>\n<p>El chef, naci\u00f3 en Saitama, Jap\u00f3n. Despu\u00e9s de terminar la preparatoria, comenz\u00f3 a trabajar en establecimiento de <em>sushi <\/em>en Tokio llamado <em>Matsuei.<\/em> Cuando cumpli\u00f3 24 a\u00f1os, viaj\u00f3 a Lima, Per\u00fa, tras la propuesta de uno de sus comensales, para formar parte de proyecto culinario. El tiempo que vivi\u00f3 en aquel pa\u00eds sudam\u00e9ricano marc\u00f3 su estilo gastron\u00f3mico de forma sustancial, al punto de verse influenciado por las t\u00e9cnicas e ingredientes detr\u00e1s de famosos platillos peruanos tradicionales.<\/p>\n<p><strong>Nobu<\/strong> regres\u00f3 a Jap\u00f3n \u2014despu\u00e9s de breve intervalo en Buenos Aires, Argentina\u2014, momento en el que surgi\u00f3 la oportunidad de abrir restaurante en Alaska. Un incendio ech\u00f3 el proyecto abajo, pero el \u00edmpetu del chef japon\u00e9s segu\u00eda en lo alto. As\u00ed, viaj\u00f3 a Los \u00c1ngeles, donde trabaj\u00f3 durante casi una d\u00e9cada antes de abrir <em>Matsuhisa<\/em>, su primer proyecto personal, en Beverly Hills en 1987.<\/p>\n<p>Ah\u00ed, conoci\u00f3 a <strong>Robert De Niro<\/strong> y <strong>Meir Teper<\/strong>, esa amistad se tradujo en el restaurante hom\u00f3nimo con el que inici\u00f3 esta historia en 1994 en la ciudad de Nueva York. Despu\u00e9s de 20 a\u00f1os, el nombre\u00a0<em>Nobu<\/em>\u00a0no s\u00f3lo se ha convertido en portafolio de restaurantes de renombre internacional: es marca de estilo de vida que combina lo mejor de la cultura culinaria, japonesa y de hospitalidad de lujo.<\/p>\n<p>Los hoteles<em>\u00a0<\/em>traen consigo el \u00edmpetu y las bases de los restaurantes, apelando a balance entre el lujo, la diversi\u00f3n, el cuidado en los detalles y la teatralidad, lo que se convierte en experiencias llenas de estilo y entretenimiento. Hu\u00e9spedes y viajeros pueden disfrutar agradable estancia y relajaci\u00f3n lujosa en las habitaciones del hotel y en los restaurantes, bares y spas, lugares que se caracterizan por su innovaci\u00f3n y creatividad.<\/p>\n<p>En este escenario,\u00a0<em>Nobu Hotel Los Cabos<\/em>\u00a0es considerado lugar para ir y ser visto como\u00a0\u00a0 escenario ic\u00f3nico de la pen\u00ednsula de Baja California, con vistas fascinantes a las aguas\u00a0 color zafiro que se extienden hasta donde alcanza la mirada.<\/p>\n<p>Este propiedad ofrece 200 habitaciones y suites, amplios espacios para reuniones y eventos, lujoso spa, tiendas, piscinas infinitas, caba\u00f1as privadas, variedad de bares y restaurantes, entre ellos el restaurante\u00a0<em>Nobu<\/em>\u00a0en la playa con delicioso men\u00fa.<\/p>\n<p>El <em>Nobu<\/em> en Los Cabos\u00a0es espacio de hospitalidad de lujo que confecciona experiencias memorables para sus hu\u00e9spedes con la uni\u00f3n equilibrada entre el lujo y la diversi\u00f3n\u00a0\u00a0 obtenidos gracias al servicio lleno de orgullo y pasi\u00f3n.<\/p>\n<p>&nbsp;<\/p>\n<blockquote>\n<p style=\"text-align: right;\">\u201c<strong>El<\/strong> <strong>\u00e1ngel de la fama tiene sus alas hechas de papel&#8230; peri\u00f3dico\u201d.<br \/>\n<\/strong><\/p>\n<\/blockquote>\n<p>&nbsp;<\/p>\n<p><em><span class=\"Apple-converted-space\"><a href=\"mailto:victoriagprado@gmail.com\" target=\"_blank\" rel=\"noopener noreferrer\">victoriagprado@gmail.com<\/a><br \/>\nTwitter: <a href=\"https:\/\/twitter.com\/victoriagprado\" target=\"_blank\" rel=\"noopener noreferrer\">@victoriagprado<\/a><\/span><\/em><\/p>\n","protected":false},"excerpt":{"rendered":"<p>Sin duda, viajeros de M\u00e9xico y otros pa\u00edses podr\u00edan quedar \u201caislados\u201d al no poder viajar a Estados Unidos y a la Uni\u00f3n Europea (UE) ya que la Organizaci\u00f3n Mundial de la Salud (OMS) dio a conocer que s\u00f3lo las vacunas, <em>Pfizer, AstraZeneca, Janssen, Moderna, Sinopharm<\/em> y <em>Sinovac, <\/em>est\u00e1n autorizadas para su uso de emergencia ante el Covid-19. La china <em>CanSino<\/em> y la rusa <em>Sputnik V<\/em>, usadas en M\u00e9xico, a\u00fan no han sido aprobadas.<\/p>\n","protected":false},"author":3,"featured_media":512012,"comment_status":"open","ping_status":"open","sticky":false,"template":"","format":"standard","meta":{"_monsterinsights_skip_tracking":false,"_monsterinsights_sitenote_active":false,"_monsterinsights_sitenote_note":"","_monsterinsights_sitenote_category":0,"footnotes":""},"categories":[11],"tags":[107,43681,106],"class_list":["post-511930","post","type-post","status-publish","format-standard","has-post-thumbnail","hentry","category-turismo","tag-de-cinco-estrellas","tag-turismo","tag-victoria-gonzalez-prado"],"_links":{"self":[{"href":"https:\/\/www.diarioimagen.net\/index.php?rest_route=\/wp\/v2\/posts\/511930","targetHints":{"allow":["GET"]}}],"collection":[{"href":"https:\/\/www.diarioimagen.net\/index.php?rest_route=\/wp\/v2\/posts"}],"about":[{"href":"https:\/\/www.diarioimagen.net\/index.php?rest_route=\/wp\/v2\/types\/post"}],"author":[{"embeddable":true,"href":"https:\/\/www.diarioimagen.net\/index.php?rest_route=\/wp\/v2\/users\/3"}],"replies":[{"embeddable":true,"href":"https:\/\/www.diarioimagen.net\/index.php?rest_route=%2Fwp%2Fv2%2Fcomments&post=511930"}],"version-history":[{"count":0,"href":"https:\/\/www.diarioimagen.net\/index.php?rest_route=\/wp\/v2\/posts\/511930\/revisions"}],"wp:featuredmedia":[{"embeddable":true,"href":"https:\/\/www.diarioimagen.net\/index.php?rest_route=\/wp\/v2\/media\/512012"}],"wp:attachment":[{"href":"https:\/\/www.diarioimagen.net\/index.php?rest_route=%2Fwp%2Fv2%2Fmedia&parent=511930"}],"wp:term":[{"taxonomy":"category","embeddable":true,"href":"https:\/\/www.diarioimagen.net\/index.php?rest_route=%2Fwp%2Fv2%2Fcategories&post=511930"},{"taxonomy":"post_tag","embeddable":true,"href":"https:\/\/www.diarioimagen.net\/index.php?rest_route=%2Fwp%2Fv2%2Ftags&post=511930"}],"curies":[{"name":"wp","href":"https:\/\/api.w.org\/{rel}","templated":true}]}}