{"id":512076,"date":"2021-06-29T00:07:36","date_gmt":"2021-06-29T05:07:36","guid":{"rendered":"https:\/\/www.diarioimagen.net\/?p=512076"},"modified":"2021-06-30T03:40:22","modified_gmt":"2021-06-30T08:40:22","slug":"fundamental-en-la-uaem-planificar-uso-de-recursos-publicos","status":"publish","type":"post","link":"https:\/\/www.diarioimagen.net\/?p=512076","title":{"rendered":"Fundamental en la UAEM, planificar uso de recursos p\u00fablicos"},"content":{"rendered":"<p><em>\u00a0<\/em><\/p>\n<ul>\n<li><strong><em>Este lunes 28 de junio se llevaron a cabo seis Foros de Consulta para la Formulaci\u00f3n del Plan General de Desarrollo 2021-2033 y el Plan Rector de Desarrollo Institucional 2021-2025 de la Universidad Aut\u00f3noma del Estado de M\u00e9xico<\/em><\/strong><\/li>\n<\/ul>\n<p><strong>\u00a0<\/strong><\/p>\n<div id=\"attachment_512156\" style=\"width: 470px\" class=\"wp-caption aligncenter\"><a href=\"https:\/\/www.diarioimagen.net\/?attachment_id=512156\" rel=\"attachment wp-att-512156\"><img loading=\"lazy\" decoding=\"async\" aria-describedby=\"caption-attachment-512156\" class=\"size-full wp-image-512156\" src=\"https:\/\/www.diarioimagen.net\/wp-content\/uploads\/2021\/06\/uaem-7.jpg\" alt=\"\" width=\"460\" height=\"270\" \/><\/a><p id=\"caption-attachment-512156\" class=\"wp-caption-text\">Yolanda Ballesteros Sent\u00edes, secretaria de Docencia de la instituci\u00f3n, encabez\u00f3 en representaci\u00f3n del rector Carlos Eduardo Barrera D\u00edaz, la inauguraci\u00f3n de los Foros de Consulta para la Formulaci\u00f3n del Plan General de Desarrollo (PGD) 2021-2033 y el Plan Rector de Desarrollo Institucional (PRDI) 2021-2025 de la UAEM<\/p><\/div>\n<p>&nbsp;<\/p>\n<p><strong>Ecatepec, Estado de M\u00e9xico.\u2013<\/strong> Con la participaci\u00f3n de estudiantes y personal acad\u00e9mico y administrativo de los centros universitarios Ecatepec, Zumpango y Teotihuac\u00e1n, as\u00ed como las unidades acad\u00e9micas profesionales Acolman y Tlalnepantla, el Centro Universitario UAEM Ecatepec fue una de las seis sedes de los Foros de Consulta para la Formulaci\u00f3n del Plan General de Desarrollo (PGD) 2021-2033 y el Plan Rector de Desarrollo Institucional (PRDI) 2021-2025 de la Universidad Aut\u00f3noma del Estado de M\u00e9xico (UAEM) que se llevaron a cabo este lunes 28 de junio.<\/p>\n<p>Al encabezar, en representaci\u00f3n del rector Carlos Eduardo Barrera D\u00edaz, la inauguraci\u00f3n del foro en este espacio universitario, la secretaria de Docencia de la instituci\u00f3n, Yolanda Ballesteros Sent\u00edes, destac\u00f3 el deber que tiene la comunidad universitaria de utilizar con transparencia, eficacia y eficiencia los recursos que el Estado asigna a la UAEM para el cumplimiento de su misi\u00f3n.<\/p>\n<p>Para ello, consider\u00f3, es fundamental planificar racionalmente el uso del patrimonio universitario y la aplicaci\u00f3n de los recursos que nos entrega la sociedad a trav\u00e9s del estado y la federaci\u00f3n. \u201cLa UAEM cuenta con un sistema de planeaci\u00f3n universitaria que permite orientar y ordenar, conducir el trabajo acad\u00e9mico y administrativo destinado a cumplir sus fines institucionales\u201d, dijo.<\/p>\n<p>Este sistema, abund\u00f3, es participativo porque concita la intervenci\u00f3n de la comunidad, adem\u00e1s de presentar un car\u00e1cter integral, por lo cual establece previsiones para la universidad en su conjunto y cada uno de sus espacios acad\u00e9micos y las dependencias de la administraci\u00f3n central.<\/p>\n<p>Acompa\u00f1ada de la encargada del despacho de la direcci\u00f3n del Centro Universitario UAEM Ecatepec, Alma Galindo Carbajal, la secretaria indic\u00f3 que \u201clos foros de consulta tienen por objetivo recopilar la opini\u00f3n, las apreciaciones, los argumentos y propuestas de la comunidad universitaria con respecto a su visi\u00f3n de la universidad para el periodo 2021-2033, as\u00ed como la problem\u00e1tica que habremos de superar durante el periodo 2021-2025\u201d.<\/p>\n<p>Refiri\u00f3 que dadas las circunstancias que obligan a restringir la actividad presencial, cada integrante de la comunidad verde y oro pudo subir sus propuestas a la plataforma <em>on line<\/em> creada exprofeso, aunque se dej\u00f3 abierta la opci\u00f3n de exponerlas en los foros presenciales que se realizaron en 11 sedes universitarias -con un aforo limitado, con el objeto de salvaguardar la salud de la comunidad- cinco se desarrollaron el pasado 24 de junio y seis este lunes 28.<\/p>\n<p>Cabe destacar que estos foros de consulta tambi\u00e9n tuvieron lugar, este lunes en el plantel \u201cAdolfo L\u00f3pez Mateos\u201d de la Escuela Preparatoria, donde se organizaron mesas de trabajo para discutir el futuro de la educaci\u00f3n Media Superior.<\/p>\n<p>Los temas que se discutieron a lo largo de estos ejercicios fueron: Docencia, Investigaci\u00f3n y Estudios Avanzados, Difusi\u00f3n Cultural, Gesti\u00f3n y Extensi\u00f3n y Vinculaci\u00f3n. Adem\u00e1s, se plantearon 14 ejes, entre los que destacan educaci\u00f3n human\u00edstica y de calidad, investigaci\u00f3n con compromiso social, difusi\u00f3n de la cultura con inclusi\u00f3n, vinculaci\u00f3n y emprendimiento, gesti\u00f3n eficiente y eficaz gobierno participativo y planeaci\u00f3n participativa.<\/p>\n","protected":false},"excerpt":{"rendered":"<p>Con la participaci\u00f3n de estudiantes y personal acad\u00e9mico y administrativo de los centros universitarios Ecatepec, Zumpango y Teotihuac\u00e1n, as\u00ed como las unidades acad\u00e9micas profesionales Acolman y Tlalnepantla, el Centro Universitario UAEM Ecatepec fue una de las seis sedes de los Foros de Consulta para la Formulaci\u00f3n del Plan General de Desarrollo (PGD) 2021-2033 y el Plan Rector de Desarrollo Institucional (PRDI) 2021-2025 de la Universidad Aut\u00f3noma del Estado de M\u00e9xico (UAEM) que se llevaron a cabo este lunes 28 de junio.<\/p>\n","protected":false},"author":3,"featured_media":512156,"comment_status":"open","ping_status":"open","sticky":false,"template":"","format":"standard","meta":{"_monsterinsights_skip_tracking":false,"_monsterinsights_sitenote_active":false,"_monsterinsights_sitenote_note":"","_monsterinsights_sitenote_category":0,"footnotes":""},"categories":[5],"tags":[454,43675],"class_list":["post-512076","post","type-post","status-publish","format-standard","has-post-thumbnail","hentry","category-estado-de-mexico","tag-ecatepec","tag-estado-de-mexico"],"_links":{"self":[{"href":"https:\/\/www.diarioimagen.net\/index.php?rest_route=\/wp\/v2\/posts\/512076","targetHints":{"allow":["GET"]}}],"collection":[{"href":"https:\/\/www.diarioimagen.net\/index.php?rest_route=\/wp\/v2\/posts"}],"about":[{"href":"https:\/\/www.diarioimagen.net\/index.php?rest_route=\/wp\/v2\/types\/post"}],"author":[{"embeddable":true,"href":"https:\/\/www.diarioimagen.net\/index.php?rest_route=\/wp\/v2\/users\/3"}],"replies":[{"embeddable":true,"href":"https:\/\/www.diarioimagen.net\/index.php?rest_route=%2Fwp%2Fv2%2Fcomments&post=512076"}],"version-history":[{"count":0,"href":"https:\/\/www.diarioimagen.net\/index.php?rest_route=\/wp\/v2\/posts\/512076\/revisions"}],"wp:featuredmedia":[{"embeddable":true,"href":"https:\/\/www.diarioimagen.net\/index.php?rest_route=\/wp\/v2\/media\/512156"}],"wp:attachment":[{"href":"https:\/\/www.diarioimagen.net\/index.php?rest_route=%2Fwp%2Fv2%2Fmedia&parent=512076"}],"wp:term":[{"taxonomy":"category","embeddable":true,"href":"https:\/\/www.diarioimagen.net\/index.php?rest_route=%2Fwp%2Fv2%2Fcategories&post=512076"},{"taxonomy":"post_tag","embeddable":true,"href":"https:\/\/www.diarioimagen.net\/index.php?rest_route=%2Fwp%2Fv2%2Ftags&post=512076"}],"curies":[{"name":"wp","href":"https:\/\/api.w.org\/{rel}","templated":true}]}}