{"id":512245,"date":"2021-06-30T00:01:50","date_gmt":"2021-06-30T05:01:50","guid":{"rendered":"https:\/\/www.diarioimagen.net\/?p=512245"},"modified":"2021-06-30T03:01:35","modified_gmt":"2021-06-30T08:01:35","slug":"el-comunismo-cabalga-en-america","status":"publish","type":"post","link":"https:\/\/www.diarioimagen.net\/?p=512245","title":{"rendered":"El comunismo cabalga en Am\u00e9rica"},"content":{"rendered":"<h2>De pe a pa<\/h2>\n<h5>Alberto Vieyra G.<\/h5>\n<p>&nbsp;<\/p>\n<p>\u201cMorena es un narcopartido\u201d. Con esa temeraria acusaci\u00f3n, el todav\u00eda gobernador de Michoac\u00e1n, Silvano Aureoles, parece haber terminado con su carrera pol\u00edtica, al menos en el tiempo que dure la llamada \u201cCuarta Transformaci\u00f3n\u201d. La lapidaria acusaci\u00f3n tiene dedicatoria para el gobernador electo de Michoac\u00e1n, el morenista Alfredo Ram\u00edrez Bedolla, de quien se asegura que la DEA norteamericana lo tiene en su lista negra por asuntos torcidos de narcotr\u00e1fico, igual el tambi\u00e9n morenista gobernador electo de San Luis Potos\u00ed, Ricardo Gallardo Cardona.<\/p>\n<p>La temeraria acusaci\u00f3n de Silvano Aureoles provoc\u00f3 la ira del que quita y pone en Palacio Nacional y no son pocos los analistas y observadores pol\u00edticos que opinan lo mismo que el mandatario que cobra en las tierras de <em>Juan Colorado<\/em>. Por su lado, el jerarca nacional de PAN, el michoacano Marko Cort\u00e9s no se qued\u00f3 atr\u00e1s y tambi\u00e9n arremeti\u00f3 contra Morena, tild\u00e1ndolo tambi\u00e9n de ser un partido que cobija a delincuentes de las mafias criminales.<\/p>\n<p>Llama poderosamente la atenci\u00f3n aquella declaraci\u00f3n de AMLO del 7 de junio cuando en la ma\u00f1anera felicit\u00f3 a grupos criminales por \u201csu buen comportamiento\u201d durante las elecciones federales del 6 de junio.<\/p>\n<p>Para no pocos analistas y observadores pol\u00edticos esa y la infame declaraci\u00f3n de \u201cabrazos y no balazos\u201d hablan de una indiscutible alianza entre el gobierno de AMLO y grupos criminales, y a mayor abundancia recuerdan el <em>culiacanazo<\/em>, cuando AMLO orden\u00f3 soltar al hijo del \u201cChapo\u201d, Ovidio Guzm\u00e1n y, posteriormente, el almuerzo que tuvo con la mam\u00e1 del narcotraficante, condenado a cadena perpetua en Estados Unidos. \u00a1Qu\u00e9 peligroso que los partidos pol\u00edticos se hayan convertido en la cobija de delincuentes de alto rango, como hoy ocurre en Colombia y Nicaragua!<\/p>\n<p>Por cierto, el pasado fin de semana, el presidente colombiano Iv\u00e1n Duque estuvo a punto de morir en un helic\u00f3pterazo en la poblaci\u00f3n de C\u00facuta, donde grupos criminales de izquierda que pertenecen a la guerrilla colombiana se adjudicaron la paternidad del atentado en el cual fueron utilizadas armas de fabricaci\u00f3n rusa. Las autoridades han publicado bocetos de las caras de los presuntos responsables del ataque, que podr\u00edan estar vinculados con grupos disidentes de las FARC y bandas criminales asentadas entre el departamento fronterizo del norte de Santander y Venezuela. Una regi\u00f3n considerada como la meca de la coca\u00edna en la cordillera de los Andes.<\/p>\n<p>\u00bfQu\u00e9 nos dice dicho atentado, en el que milagrosamente Duque salv\u00f3 el pellejo? Bueno, pues que el tenebroso comunismo que hist\u00f3ricamente ha sido veneno puro del capitalismo, principalmente norteamericano, cabalga agigantadamente en Am\u00e9rica, haciendo alianza con c\u00e9lulas guerrilleras y criminales del narcotr\u00e1fico.<\/p>\n<p>La presencia rusa en Am\u00e9rica es cada vez m\u00e1s notoria y esa presencia incluye una sofisticada tecnolog\u00eda, puesta al servicio de gobernantes y de partidos opositores a la derecha.<\/p>\n<p>Pocos medios de comunicaci\u00f3n en M\u00e9xico han dado cuenta, por ejemplo, de que AMLO tiene l\u00ednea directa con Mosc\u00fa. Porque tiene a su mando un ej\u00e9rcito de m\u00e1s de 100 militares que lo custodian discretamente vestidos de civiles entre ellos, tambi\u00e9n mujeres que son entrenados en Rusia, si faltar la sofisticada tecnolog\u00eda que usa el Presidente mexicano en su dizque modesta camioneta blindada con tecnolog\u00eda rusa que incluye tambi\u00e9n, armas rusas que han sido detectadas por reporteros que cubren la fuente presidencial.<\/p>\n<p>La gran interrogante es: \u00bfSi Estados Unidos derrot\u00f3 al comunismo durante la llamada Guerra Fr\u00eda, permitir\u00e1 ahora que ese opio pol\u00edtico se instale en Am\u00e9rica, profundizando en la ignorancia y la dictadura de los pueblos?<\/p>\n<p><a href=\"mailto:info@agenciamn.com\" target=\"_blank\" rel=\"noopener noreferrer\"><em>info@agenciamn.com<\/em><\/a><\/p>\n","protected":false},"excerpt":{"rendered":"<p><span style=\"color: #005497;\"><strong>Alberto Vieyra G.<\/strong><\/span><\/p>\n","protected":false},"author":3,"featured_media":0,"comment_status":"open","ping_status":"open","sticky":false,"template":"","format":"standard","meta":{"_monsterinsights_skip_tracking":false,"_monsterinsights_sitenote_active":false,"_monsterinsights_sitenote_note":"","_monsterinsights_sitenote_category":0,"footnotes":""},"categories":[4596],"tags":[43697,4597,43674],"class_list":["post-512245","post","type-post","status-publish","format-standard","hentry","category-alberto-vieyra-g","tag-alberto-vieyra-g","tag-de-pe-a-pa","tag-opinion"],"_links":{"self":[{"href":"https:\/\/www.diarioimagen.net\/index.php?rest_route=\/wp\/v2\/posts\/512245","targetHints":{"allow":["GET"]}}],"collection":[{"href":"https:\/\/www.diarioimagen.net\/index.php?rest_route=\/wp\/v2\/posts"}],"about":[{"href":"https:\/\/www.diarioimagen.net\/index.php?rest_route=\/wp\/v2\/types\/post"}],"author":[{"embeddable":true,"href":"https:\/\/www.diarioimagen.net\/index.php?rest_route=\/wp\/v2\/users\/3"}],"replies":[{"embeddable":true,"href":"https:\/\/www.diarioimagen.net\/index.php?rest_route=%2Fwp%2Fv2%2Fcomments&post=512245"}],"version-history":[{"count":0,"href":"https:\/\/www.diarioimagen.net\/index.php?rest_route=\/wp\/v2\/posts\/512245\/revisions"}],"wp:attachment":[{"href":"https:\/\/www.diarioimagen.net\/index.php?rest_route=%2Fwp%2Fv2%2Fmedia&parent=512245"}],"wp:term":[{"taxonomy":"category","embeddable":true,"href":"https:\/\/www.diarioimagen.net\/index.php?rest_route=%2Fwp%2Fv2%2Fcategories&post=512245"},{"taxonomy":"post_tag","embeddable":true,"href":"https:\/\/www.diarioimagen.net\/index.php?rest_route=%2Fwp%2Fv2%2Ftags&post=512245"}],"curies":[{"name":"wp","href":"https:\/\/api.w.org\/{rel}","templated":true}]}}