{"id":512254,"date":"2021-06-30T00:03:41","date_gmt":"2021-06-30T05:03:41","guid":{"rendered":"https:\/\/www.diarioimagen.net\/?p=512254"},"modified":"2021-06-30T03:09:10","modified_gmt":"2021-06-30T08:09:10","slug":"amlo-rechaza-a-aureoles","status":"publish","type":"post","link":"https:\/\/www.diarioimagen.net\/?p=512254","title":{"rendered":"AMLO rechaza a Aureoles\u00a0"},"content":{"rendered":"<h2>Centro..!<\/h2>\n<h5>Arturo R\u00edos Ruiz<em>\u00a0<\/em><\/h5>\n<p><em>\u00a0<\/em><\/p>\n<ul>\n<li><strong><em>Silvano acus\u00f3 a Morena de \u201cnarcopartido\u201d<\/em><\/strong><\/li>\n<li><strong><em>Ahora, el gobernador busca al \u201cpreciso\u201d\u00a0<\/em><\/strong><\/li>\n<\/ul>\n<p>&nbsp;<\/p>\n<p>Silvano Aureoles Conejo, gobernador de Michoac\u00e1n, pide audiencia con AMLO para darle pruebas de presunto v\u00ednculo de Morena y el narcotr\u00e1fico. Cuatro horas despu\u00e9s, el Presidente le avis\u00f3 que no lo recibir\u00eda y se fuera a la Fiscal\u00eda Federal y denunciara.<\/p>\n<p>La presunta atadura de Morena con el narcotr\u00e1fico est\u00e1 m\u00e1s que difundida en M\u00e9xico y allende las fronteras; los m\u00e1s importantes medios de comunicaci\u00f3n lo han explayado y ha prevalecido el disimulo de todos los niveles de esta administraci\u00f3n. Ese silencio despierta m\u00e1s dudas.<\/p>\n<p>Aureoles, sentado en una silla, como lo hacen los ancianos de provincia en la acera afuera de su casa por la tarde cuando los rayos del sol aminoran, el gobernador esper\u00f3 a manera de protesta y urgencia por la audiencia con el mandatario.<\/p>\n<p>En entrevista con medios afuera de Palacio Nacional, el gobernador michoacano afirm\u00f3 que no entregar\u00e1 las supuestas pruebas a nadie m\u00e1s que al presidente L\u00f3pez Obrador, a quien recrimin\u00f3 que pese a que ha solicitado cita con \u00e9l en siete ocasiones, \u201cno se ha dignado en recibirme\u201d.<\/p>\n<p>El gobernador Silvano Aureoles advirti\u00f3\u00a025 de junio pasado,\u00a0que escalar\u00e1 sus denuncias ante las autoridades de justicia de Estados Unidos, sobre la injerencia del crimen organizado en las elecciones del 6 de junio.<\/p>\n<p>Se vio valent\u00f3n, en\u00e9rgico y osado, dio entrevista a Ciro G\u00f3mez Leiva y reiter\u00f3 su postura, con el efecto de aprobaci\u00f3n del respetable y ahora desconcierta en la aparente b\u00fasqueda de una negociaci\u00f3n.<\/p>\n<p>La negativa del Presidente a recibirlo, hace pensar que lo que trae en sus alforjas Silvano, no es novedad para \u00e9l, sobran los se\u00f1alamientos del papel de la delincuencia organizada en los estados triunfadores de Morena que fueron felicitados por el mandatario \u201cporque se portaron bien\u201d.<\/p>\n<p>Nos cuenta <em>Animal Pol\u00edtico<\/em> en su publicaci\u00f3n del 5 de junio, que,\u00a0Desde que comenz\u00f3 el proceso electoral, 91 candidatos fueron asesinados y se registraron 910 agresiones de distinta \u00edndole, desde amenazas e intimidaciones, hasta ataques, golpes, secuestros y homicidios, un proceso electoral en uno de los m\u00e1s violentos, seg\u00fan la consultora Etellekt. Muy mal portados los felicitados.<\/p>\n<p>La realidad en M\u00e9xico es conmovedora, los \u00edndices del crimen est\u00e1n por las nubes y la acci\u00f3n de los cuerpos para defender a la sociedad brillan por su pasividad; el Ej\u00e9rcito establecido para defender la naci\u00f3n de amenazas extranjeras, est\u00e1n ocupados manejando miles de millones en tareas ajenas a su encargo constitucional y muy contentos con esa modalidad. La Guardia Nacional, opaca<\/p>\n<p>Vamos mal, as\u00ed como estamos y parece que continuaremos igual hasta el final del sexenio, los intereses pol\u00edticos y planes presidenciales continuar\u00e1n inamovibles y los actores, s\u00f3lo cuidan sus ventajas y no los de la colectividad.<\/p>\n<p><em><a href=\"mailto:rrrart2000@hotmail.com\" target=\"_blank\" rel=\"noopener noreferrer\">rrrart2000@hotmail.com<\/a><\/em><\/p>\n","protected":false},"excerpt":{"rendered":"<p><span style=\"color: #005497;\"><strong>Arturo R\u00edos Ruiz<\/strong><\/span><\/p>\n","protected":false},"author":3,"featured_media":0,"comment_status":"open","ping_status":"open","sticky":false,"template":"","format":"standard","meta":{"_monsterinsights_skip_tracking":false,"_monsterinsights_sitenote_active":false,"_monsterinsights_sitenote_note":"","_monsterinsights_sitenote_category":0,"footnotes":""},"categories":[82265],"tags":[82266,10806,43674],"class_list":["post-512254","post","type-post","status-publish","format-standard","hentry","category-arturo-rios-ruiz","tag-arturo-rios-ruiz","tag-centro","tag-opinion"],"_links":{"self":[{"href":"https:\/\/www.diarioimagen.net\/index.php?rest_route=\/wp\/v2\/posts\/512254","targetHints":{"allow":["GET"]}}],"collection":[{"href":"https:\/\/www.diarioimagen.net\/index.php?rest_route=\/wp\/v2\/posts"}],"about":[{"href":"https:\/\/www.diarioimagen.net\/index.php?rest_route=\/wp\/v2\/types\/post"}],"author":[{"embeddable":true,"href":"https:\/\/www.diarioimagen.net\/index.php?rest_route=\/wp\/v2\/users\/3"}],"replies":[{"embeddable":true,"href":"https:\/\/www.diarioimagen.net\/index.php?rest_route=%2Fwp%2Fv2%2Fcomments&post=512254"}],"version-history":[{"count":0,"href":"https:\/\/www.diarioimagen.net\/index.php?rest_route=\/wp\/v2\/posts\/512254\/revisions"}],"wp:attachment":[{"href":"https:\/\/www.diarioimagen.net\/index.php?rest_route=%2Fwp%2Fv2%2Fmedia&parent=512254"}],"wp:term":[{"taxonomy":"category","embeddable":true,"href":"https:\/\/www.diarioimagen.net\/index.php?rest_route=%2Fwp%2Fv2%2Fcategories&post=512254"},{"taxonomy":"post_tag","embeddable":true,"href":"https:\/\/www.diarioimagen.net\/index.php?rest_route=%2Fwp%2Fv2%2Ftags&post=512254"}],"curies":[{"name":"wp","href":"https:\/\/api.w.org\/{rel}","templated":true}]}}