{"id":512262,"date":"2021-06-30T00:03:56","date_gmt":"2021-06-30T05:03:56","guid":{"rendered":"https:\/\/www.diarioimagen.net\/?p=512262"},"modified":"2021-06-30T03:19:08","modified_gmt":"2021-06-30T08:19:08","slug":"otra-vez-el-tal-hugo","status":"publish","type":"post","link":"https:\/\/www.diarioimagen.net\/?p=512262","title":{"rendered":"Otra vez, el tal Hugo"},"content":{"rendered":"<h2>Espacio Electoral<\/h2>\n<h5>Eleazar Flores<\/h5>\n<p>&nbsp;<\/p>\n<p><strong>QUE PRUEBE O DESMIENTA-.<\/strong> Que \u201c pruebe o desmienta\u201d pidi\u00f3 el padre de la Cuarta Transformaci\u00f3n al gobernador Silvano Aureoles respecto a su acusaci\u00f3n de que con el gobernador reci\u00e9n electo, Alfredo Ram\u00edrez Bedolla, en Michoac\u00e1n gobernar\u00e1 el <em>narco<\/em>.<\/p>\n<p>Al subsecretario Hugo L\u00f3pez-Gatell, que ayer denunci\u00f3 que detr\u00e1s de los sufridos padres de familia que claman para que sus hijos con c\u00e1ncer tengan medicamentos como los ten\u00edan antes, \u201chay un intento golpista\u201d, tambi\u00e9n deber\u00eda exig\u00edrsele lo mismo, \u201cque pruebe o que desmienta\u201d.<\/p>\n<p>Dif\u00edcilmente y en esta caso imposible, que el Presidente de la Rep\u00fablica le exija al tal Hugo que pruebe o desmienta esos intentos golpistas de grupos con ligas internacionales, como lo dijo en uno de los tantos programas televisivos oficialistas que tiene el gobierno en sus canales 11, 14\u00a0 y 22, m\u00e1s los que se le acumulan en otras televisoras privadas.<\/p>\n<p>Por sus dotes medi\u00e1ticas de autosuficiencia, amparadas seguramente en el ilimitado apoyo presidencial, ni la pena vale reproducir las frases \u201cgolpistas\u201d de L\u00f3pez, -L\u00f3pez-Gatell no, el otro que ustedes ya saben qui\u00e9n-, pues ser\u00eda darle cr\u00e9dito como aqu\u00e9l que a diario y en ocasiones cada rato, insulta a los medios.<\/p>\n<p>Pero en esto de las medicinas para padecimientos oncol\u00f3gicos de ni\u00f1os y personas mayores ni a qui\u00e9n creerle, pues hay \u201cotros datos\u201d que niegan que esas medicinas hayan sido ya entregadas a los interesados el lunes pasado, como las hab\u00eda prometido ya sabe qui\u00e9n.<\/p>\n<p>Por las poses soberbias del tal L\u00f3pez, los bloqueos estrat\u00e9gicos de familiares de ni\u00f1os con c\u00e1ncer podr\u00edan aumentar, generalizarse y ampliarse a otras ciudades importantes del pa\u00eds, tan en caliente, que ser\u00edan en este mismo fin de semana.<\/p>\n<p>Incluso a esas manifestaciones de repudio al subsecretario L\u00f3pez-Gatell podr\u00edan\u00a0 sumarse para reforzarlas, otros grupos plenamente identificados, como los integrantes de la comunidad LGTB etc., que acaban de celebrar, y en paz, un cada vez m\u00e1s concurrido aniversario de su reconocimiento.<\/p>\n<p>Pero detr\u00e1s de todos esos apoyos y manifestaciones que seguramente tendr\u00e1n familiares y enfermos de c\u00e1ncer, lo lastimoso es que el superior del tal Hugo, \u2014que por cierto no es el secretario del ramo\u2014, no s\u00f3lo no le llamar\u00e1 la atenci\u00f3n, sino que hasta lo reconocer\u00e1 p\u00fablicamente, al tiempo.<\/p>\n<p>En este tipo de actitudes de alta insensibilidad al dolor humano es donde uno les puede dar la raz\u00f3n a quienes aseguran que \u201cya no es como antes\u201d, \u201cno somos los mismos\u201d, pues la ausencia pol\u00edtica en desgracias como la L\u00ednea 12 o la reciente masacre en Reynosa lo confirman, pues seguramente se trata de \u201cincidentes\u201d.<\/p>\n<p>Eso s\u00ed, la consulta para castigar a servidores p\u00fablicos del pasado, va, faltaba menos.<\/p>\n<p><em><a href=\"mailto:elefa44@gmail.com\" target=\"_blank\" rel=\"noopener noreferrer\">elefa44@gmail.com<\/a><\/em><\/p>\n","protected":false},"excerpt":{"rendered":"<p><span style=\"color: #005497;\"><strong>Eleazar Flores<\/strong><\/span><\/p>\n","protected":false},"author":3,"featured_media":0,"comment_status":"open","ping_status":"open","sticky":false,"template":"","format":"standard","meta":{"_monsterinsights_skip_tracking":false,"_monsterinsights_sitenote_active":false,"_monsterinsights_sitenote_note":"","_monsterinsights_sitenote_category":0,"footnotes":""},"categories":[81743],"tags":[81744,81776],"class_list":["post-512262","post","type-post","status-publish","format-standard","hentry","category-eleazar-flores","tag-eleazar-flores","tag-espacio-electoral"],"_links":{"self":[{"href":"https:\/\/www.diarioimagen.net\/index.php?rest_route=\/wp\/v2\/posts\/512262","targetHints":{"allow":["GET"]}}],"collection":[{"href":"https:\/\/www.diarioimagen.net\/index.php?rest_route=\/wp\/v2\/posts"}],"about":[{"href":"https:\/\/www.diarioimagen.net\/index.php?rest_route=\/wp\/v2\/types\/post"}],"author":[{"embeddable":true,"href":"https:\/\/www.diarioimagen.net\/index.php?rest_route=\/wp\/v2\/users\/3"}],"replies":[{"embeddable":true,"href":"https:\/\/www.diarioimagen.net\/index.php?rest_route=%2Fwp%2Fv2%2Fcomments&post=512262"}],"version-history":[{"count":0,"href":"https:\/\/www.diarioimagen.net\/index.php?rest_route=\/wp\/v2\/posts\/512262\/revisions"}],"wp:attachment":[{"href":"https:\/\/www.diarioimagen.net\/index.php?rest_route=%2Fwp%2Fv2%2Fmedia&parent=512262"}],"wp:term":[{"taxonomy":"category","embeddable":true,"href":"https:\/\/www.diarioimagen.net\/index.php?rest_route=%2Fwp%2Fv2%2Fcategories&post=512262"},{"taxonomy":"post_tag","embeddable":true,"href":"https:\/\/www.diarioimagen.net\/index.php?rest_route=%2Fwp%2Fv2%2Ftags&post=512262"}],"curies":[{"name":"wp","href":"https:\/\/api.w.org\/{rel}","templated":true}]}}