{"id":512348,"date":"2021-07-01T00:33:36","date_gmt":"2021-07-01T05:33:36","guid":{"rendered":"https:\/\/www.diarioimagen.net\/?p=512348"},"modified":"2021-07-05T01:01:30","modified_gmt":"2021-07-05T06:01:30","slug":"alertan-por-desplazamiento-de-variante-delta-de-covid-en-la-ciudad-de-mexico","status":"publish","type":"post","link":"https:\/\/www.diarioimagen.net\/?p=512348","title":{"rendered":"Alertan por desplazamiento de variante delta de Covid en la Ciudad de M\u00e9xico"},"content":{"rendered":"<p>&nbsp;<\/p>\n<h3 style=\"text-align: center;\">Tambi\u00e9n est\u00e1 presente en Quintana Roo y Baja California<\/h3>\n<p>&nbsp;<\/p>\n<div id=\"attachment_512437\" style=\"width: 470px\" class=\"wp-caption aligncenter\"><a href=\"https:\/\/www.diarioimagen.net\/?attachment_id=512437\" rel=\"attachment wp-att-512437\"><img loading=\"lazy\" decoding=\"async\" aria-describedby=\"caption-attachment-512437\" class=\"size-full wp-image-512437\" src=\"https:\/\/www.diarioimagen.net\/wp-content\/uploads\/2021\/07\/Delta.jpg\" alt=\"\" width=\"460\" height=\"270\" \/><\/a><p id=\"caption-attachment-512437\" class=\"wp-caption-text\">La variante delta del SARS-CoV-2 ha desplazado a otras mutaciones en la CDMX, alert\u00f3 la OPS.<\/p><\/div>\n<p>&nbsp;<\/p>\n<p>Las variante delta de la Covid-19 fue identificada en 3 estados del pa\u00eds, entre ellos la Ciudad de M\u00e9xico, donde tiene una circulaci\u00f3n predominante desplazando a otras cepas del virus, alert\u00f3 el asesor en Enfermedades Virales Emergentes de la Organizaci\u00f3n Panamericana de la Salud (OPS), Jairo M\u00e9ndez Rico.<\/p>\n<p>\u201cLa variante delta, en particular, tambi\u00e9n ha sido detectada hasta el momento en tres estados: Quintana Roo, Baja California y en Ciudad de M\u00e9xico, de hecho en Ciudad de M\u00e9xico es quiz\u00e1s donde ha tenido un poco m\u00e1s de desplazamiento y ha de hecho, ido moviendo a otras variantes que estaban circulando previamente\u2026\u201d<\/p>\n<p>Mientras tanto, el director de Emergencias en Salud de la OPS, Ciro Ugarte, inform\u00f3 que observan un incremento sostenido de nuevos casos de Covid-19 en las \u00faltimas semanas, espec\u00edficamente en Canc\u00fan, en la pen\u00ednsula de Baja California y en la Ciudad de M\u00e9xico, por lo que recomend\u00f3 reforzar medidas de salud p\u00fablica y vigilancia de variantes de preocupaci\u00f3n.<\/p>\n<p>\u201cLa \u00faltima semana por ejemplo se reportaron casi el doble de casos de lo que se hab\u00eda reportado una semana previa.<\/p>\n<p>\u201cEsta es una se\u00f1al temprana de que es necesario implementar todas las medidas incluyendo la detecci\u00f3n m\u00e1s activa de casos<\/p>\n<p>\u201cEsta vigilancia incluyendo la vigilancia de las variantes que se ha mencionado durante esta conferencia, son los pasos fundamentales para contener la transmisi\u00f3n en M\u00e9xico\u201d.<\/p>\n<p>Por su parte, la directora de la OPS, Carissa F. Etienne reconoci\u00f3 que puede haber casos en que las vacunas no son 100% efectivas contra las variantes del SARS-CoV-2, sin embargo, mencion\u00f3 que en gran porcentaje su eficacia es innegable.<\/p>\n<p style=\"text-align: center;\"><strong>Variantes que preocupan a la OMS<\/strong><\/p>\n<p>La expansi\u00f3n de cuatro variantes del coronavirus ha encendido nuevamente las alarmas en la comunidad internacional ante el temor de que puedan complicar la gesti\u00f3n de la pandemia, que ya ha dejado casi 4 millones de fallecidos y m\u00e1s de 181 millones personas infectadas.<\/p>\n<p>Se trata de las variantes del SARS-CoV-2 alfa, beta, gamma y delta, detectadas originariamente en Reino Unido,Sud\u00e1frica, Brasil e India, respectivamente. Se caracterizan por una mayor facilidad para transmitirse con respecto a la de Wuhan, seg\u00fan los estudios realizados hasta la fecha.<\/p>\n<p>De hecho, se est\u00e1n expandiendo por todo el mundo con celeridad: Alfa ya ha sido reportada en m\u00e1s de 164 pa\u00edses, beta est\u00e1 presente en m\u00e1s de 115 territorios, gamma se extiende en 68 estados y delta, en 80.<\/p>\n","protected":false},"excerpt":{"rendered":"<p>Las variante delta de la Covid-19 fue identificada en 3 estados del pa\u00eds, entre ellos la Ciudad de M\u00e9xico, donde tiene una circulaci\u00f3n predominante desplazando a otras cepas del virus, alert\u00f3 el asesor en Enfermedades Virales Emergentes de la Organizaci\u00f3n Panamericana de la Salud (OPS), Jairo M\u00e9ndez Rico.<\/p>\n","protected":false},"author":3,"featured_media":512437,"comment_status":"open","ping_status":"open","sticky":false,"template":"","format":"standard","meta":{"_monsterinsights_skip_tracking":false,"_monsterinsights_sitenote_active":false,"_monsterinsights_sitenote_note":"","_monsterinsights_sitenote_category":0,"footnotes":""},"categories":[6],"tags":[91722,12757,43692,92354],"class_list":["post-512348","post","type-post","status-publish","format-standard","has-post-thumbnail","hentry","category-cd-de-mexico","tag-delta","tag-organizacion-panamericana-de-la-salud","tag-salud","tag-variante"],"_links":{"self":[{"href":"https:\/\/www.diarioimagen.net\/index.php?rest_route=\/wp\/v2\/posts\/512348","targetHints":{"allow":["GET"]}}],"collection":[{"href":"https:\/\/www.diarioimagen.net\/index.php?rest_route=\/wp\/v2\/posts"}],"about":[{"href":"https:\/\/www.diarioimagen.net\/index.php?rest_route=\/wp\/v2\/types\/post"}],"author":[{"embeddable":true,"href":"https:\/\/www.diarioimagen.net\/index.php?rest_route=\/wp\/v2\/users\/3"}],"replies":[{"embeddable":true,"href":"https:\/\/www.diarioimagen.net\/index.php?rest_route=%2Fwp%2Fv2%2Fcomments&post=512348"}],"version-history":[{"count":0,"href":"https:\/\/www.diarioimagen.net\/index.php?rest_route=\/wp\/v2\/posts\/512348\/revisions"}],"wp:featuredmedia":[{"embeddable":true,"href":"https:\/\/www.diarioimagen.net\/index.php?rest_route=\/wp\/v2\/media\/512437"}],"wp:attachment":[{"href":"https:\/\/www.diarioimagen.net\/index.php?rest_route=%2Fwp%2Fv2%2Fmedia&parent=512348"}],"wp:term":[{"taxonomy":"category","embeddable":true,"href":"https:\/\/www.diarioimagen.net\/index.php?rest_route=%2Fwp%2Fv2%2Fcategories&post=512348"},{"taxonomy":"post_tag","embeddable":true,"href":"https:\/\/www.diarioimagen.net\/index.php?rest_route=%2Fwp%2Fv2%2Ftags&post=512348"}],"curies":[{"name":"wp","href":"https:\/\/api.w.org\/{rel}","templated":true}]}}