{"id":512384,"date":"2021-07-01T00:02:14","date_gmt":"2021-07-01T05:02:14","guid":{"rendered":"https:\/\/www.diarioimagen.net\/?p=512384"},"modified":"2021-07-01T01:24:10","modified_gmt":"2021-07-01T06:24:10","slug":"legisladores-de-morena-evaden-discutir-desabasto-de-medicamentos","status":"publish","type":"post","link":"https:\/\/www.diarioimagen.net\/?p=512384","title":{"rendered":"Legisladores de Morena evaden discutir desabasto de medicamentos"},"content":{"rendered":"<h2>La Retaguardia<\/h2>\n<h5>Adriana Moreno Cordero<\/h5>\n<p>&nbsp;<\/p>\n<ul>\n<li><strong><em>Noticiarios de TV Azteca, los m\u00e1s vistos; \u201cplanta\u201d L\u00f3pez Obrador a una Guardia Nacional, mojada<\/em><\/strong><\/li>\n<\/ul>\n<p>&nbsp;<\/p>\n<p>Qu\u00e9 pena que diputados y senadores de Morena, as\u00ed como de sus r\u00e9moras, de plano, durante la sesi\u00f3n de la Comisi\u00f3n Permanente del Congreso de la Uni\u00f3n, se rehusaran a modificar el Orden del D\u00eda para que se realizara un exhorto de los panistas y as\u00ed, revisar el delicado tema del desabasto de medicamentos y exigir la renuncia del subsecretario <strong>Hugo L\u00f3pez-Gatell<\/strong>. Con eso de que los legisladores del partido oficial tienen \u201cl\u00ednea\u201d directa ni m\u00e1s ni menos que de su jefe, el presidente <strong>Andr\u00e9s Manuel L\u00f3pez Obrador<\/strong>, cualquier posibilidad de di\u00e1logo se cierra.<\/p>\n<p>Como prueba de esto \u00faltimo, desesperados, pero con contundencia, los padres de los ni\u00f1os que padecen c\u00e1ncer, volvieron a bloquear la Terminal 1 del Aeropuerto de la Ciudad de M\u00e9xico porque todo se le va a esta llamada y fracasada Cuarta Transformaci\u00f3n en decir que \u201cya merito\u201d llegan los medicamentos que se requieren de manera urgente.<\/p>\n<p>Durante dicho bloqueo, alguien les hizo llegar la propuesta de que se trasladaran a la Secretar\u00eda de Gobernaci\u00f3n, que tan dignamente encabeza <strong>Olga S\u00e1nchez Cordero<\/strong>, pero la verdad, \u00bfla responsable de la pol\u00edtica interna del pa\u00eds les iba a resolver algo?, si la ministra en retiro no puede controlar ni siquiera los muchos conflictos internos que se generan en su dependencia, con uno m\u00e1s, no puede, si ella s\u00f3lo est\u00e1 de ornato en la Segob, \u00bfo no?<\/p>\n<p>Uno de los errores de L\u00f3pez Obrador, fue suponer que con \u201csolidarizarse\u201d con la causa de los padres de ni\u00f1os con c\u00e1ncer, -eso s\u00ed \u201cde dientes para afuera\u201d-, era suficiente y enviar a su funcionario \u201cestrella\u201d, el subsecretario de Promoci\u00f3n y Prevenci\u00f3n de la Salud tambi\u00e9n a \u201csolidarizarse\u201d y culpar a los medios que, siempre perversos, sacan de contexto sus palabras.<\/p>\n<p>Hasta en la tarde continuaba el bloqueo en el aeropuerto de la CDMX y vale subrayar que no s\u00f3lo asistieron padres de la capital de la Rep\u00fablica; tambi\u00e9n lo hicieron de otros estados como Veracruz y Sonora, que se plantaron en esta justa demanda. Al filo de las 5 de la tarde, se cumpl\u00edan 8 horas desde que inici\u00f3 a las 9 de la ma\u00f1ana y las siempre competentes autoridades de la llamada Cuarta Transformaci\u00f3n, no les daban una fecha en la que podr\u00edan recibir sus medicamentos.<\/p>\n<p>S\u00fabitamente, se levant\u00f3 el bloqueo a las 5 con 10 minutos. <strong>Omar Hern\u00e1ndez<\/strong>, uno de los padres, inform\u00f3 que personal del Insabi, -Instituto que no pasa de ser tan in\u00fatil como un <em>elefante blanco<\/em>-, les entregaron medicamentos, ni siquiera completos, que no les durar\u00e1n m\u00e1s de dos semanas.<\/p>\n<p>Los padres marcaron los muchos errores que tiene la Secretar\u00eda de Salud en este problema, empezando porque no se han tomado la molestia de elaborar un censo de ni\u00f1os, adultos y j\u00f3venes que padecen c\u00e1ncer en sus diversos tipos.<\/p>\n<p>De no cumplirse a cabalidad con el suministro regular de medicamentos, seguir\u00e1n las movilizaciones y har\u00e1n un proceso de seguimiento para visitar bodegas donde se hacen acopios de este tipo de medicamentos y estar\u00e1n con lupa rastreando la entrega regular en tiempo y forma.<\/p>\n<p style=\"text-align: center;\"><strong>Municiones<\/strong><\/p>\n<p>*** De acuerdo con su m\u00e1s reciente estudio mundial y a una muestra realizada entre 2 mil 36 personas, el <strong><em>Digital News Report 2021<\/em><\/strong> destaca que, del <em>ranking<\/em> conformado por los 16 medios informativos m\u00e1s importantes en M\u00e9xico (Prensa, Radio y Televisi\u00f3n), TV Azteca Noticias es el medio de comunicaci\u00f3n con la mejor calificaci\u00f3n en presencia y alcance ocupando el sitio n\u00famero uno; mientras que, entre los sitios en l\u00ednea, ocupa el tercer sitio por debajo de <em>El Universal on line<\/em> y <em>UNOTV<\/em>. Se trata en s\u00ed, de un reconocimiento m\u00e1s al profesionalismo y ejercicio period\u00edstico que ha caracterizado a <strong>Azteca Noticias<\/strong> y su programa insignia <em>Hechos<\/em>, bajo la conducci\u00f3n de <strong>Javier Alatorre<\/strong>, por la confiabilidad, credibilidad y cercan\u00eda con la audiencia, siempre presente en los m\u00e1s importantes acontecimientos de M\u00e9xico y el mundo. Cabe recordar que, tan s\u00f3lo en el primer trimestre de este a\u00f1o, la prestigiada empresa en medici\u00f3n de audiencia, Nielsen-IBOPE M\u00e9xico, refer\u00eda que el 50% de la poblaci\u00f3n en M\u00e9xico se inform\u00f3 a trav\u00e9s de los noticieros Hechos de Azteca Noticias, con lo que estamos hablando de m\u00e1s de 55 millones de personas. Para dimensionar el prestigio del <em>Digital News Report 2021<\/em>, Informe de Noticias Digitales, basta se\u00f1alar que cuenta con el auspicio de la BBC News, Google, la Autoridad de Medios Holandesa (CvdM), la Universidad de Navarra, la Universidad de Canberra,<em> le Centre d\u2019\u00e9tudes sur les m\u00e9dias<\/em>, Qu\u00e9bec, Canad\u00e1, entre otras. Hoy por hoy, el reporte anual de <em>Instituto Reuters<\/em> es la mejor herramienta de conocimiento para seguir la evoluci\u00f3n de las tendencias en el consumo de informaci\u00f3n digital a nivel mundial y para entender qu\u00e9 es lo que m\u00e1s valora la ciudadan\u00eda a la hora de informarse, sobre todo en estos tiempos en que la desinformaci\u00f3n est\u00e1, desafortunadamente, a la orden del d\u00eda.<\/p>\n<p>*** Pues nada, resulta que en el festejo de <strong>Alfredo Barrera Cervantes<\/strong>, Director de Administraci\u00f3n de Personal del INM, se gener\u00f3 una epidemia en dicha \u00e1rea de trabajo, de Covid-19 y hoy en d\u00eda sigue el contagio, ya que no han sanitizado las instalaciones -y no se ve que lo vayan a hacer-, por lo que se sigue presentando el personal a laboral de manera normal. El inmueble de dichas oficinas se encuentra ubicado en la Delegaci\u00f3n del Instituto Nacional de Migraci\u00f3n, en Avenida Ej\u00e9rcito Nacional\u00a0 No,\u00a0 862, en el rumbo de Polanco Seccion Palmas.<\/p>\n<p>*** El coordinador de la bancada panista en el Senado de la Rep\u00fablica, el veracruzano <strong>Julen Rementar\u00eda del Puerto<\/strong>, ret\u00f3 a los legisladores de Morena a expresar una condena p\u00fablica, clara, aut\u00e9ntica y firme a narcotraficantes e integrantes del crimen organizado, ya que, de no hacerlo, habr\u00eda que preguntarse: \u201c\u00bfde qu\u00e9 lado est\u00e1n?\u201d. Refiri\u00f3 el senador Rementer\u00eda que tan s\u00f3lo de enero a mayo de este a\u00f1o, se han registrado 239 masacres en todo el pa\u00eds, esto,\u00a0 de acuerdo al conteo que realiza Causa en Com\u00fan. Sin embargo, -agreg\u00f3-, los legisladores de Morena se han quedado callados ante la violencia generalizada y tambi\u00e9n cuando el presidente L\u00f3pez Obrador felicit\u00f3 a los criminales por su buen comportamiento en los comicios del 6 de junio pasado. Lo bueno es que a decir del inquilino de Palacio Nacional, ya no hay masacres. Qu\u00e9 tal que todav\u00eda hubiera&#8230;<\/p>\n<p>*** Muchas porras les lanz\u00f3 en su gustad\u00edsimo \u201cstand-up\u201d ma\u00f1anero el Presidente a la Guardia Nacional que consta de 100 mil elementos para los cuales se han habilitado 165 cuarteles. Total, que se deshizo en elogios el tabasque\u00f1o, pero, qu\u00e9 tal que los dej\u00f3 plantados en el Campo Marte ayer y lo peor es que moj\u00e1ndose. No hubo disculpas, simplemente y luego de 2 horas de pertinaz lluvia, se avis\u00f3 que el magno evento quedaba cancelado. \u00bfSer\u00e1 que solamente la lluvia provoc\u00f3 la ausencia de L\u00f3pez Obrador?<\/p>\n<p><u><a href=\"mailto:morcora@gmail.com\" target=\"_blank\" rel=\"noopener noreferrer\"><em>morcora@gmail.com<\/em><\/a><\/u><\/p>\n","protected":false},"excerpt":{"rendered":"<p><span style=\"color: #005497;\"><strong>Adriana Moreno Cordero<\/strong><\/span><\/p>\n","protected":false},"author":3,"featured_media":0,"comment_status":"open","ping_status":"open","sticky":false,"template":"","format":"standard","meta":{"_monsterinsights_skip_tracking":false,"_monsterinsights_sitenote_active":false,"_monsterinsights_sitenote_note":"","_monsterinsights_sitenote_category":0,"footnotes":""},"categories":[69370],"tags":[69369,69368,43674],"class_list":["post-512384","post","type-post","status-publish","format-standard","hentry","category-adriana-moreno-cordero","tag-adriana-moreno-cordero","tag-la-retaguardia","tag-opinion"],"_links":{"self":[{"href":"https:\/\/www.diarioimagen.net\/index.php?rest_route=\/wp\/v2\/posts\/512384","targetHints":{"allow":["GET"]}}],"collection":[{"href":"https:\/\/www.diarioimagen.net\/index.php?rest_route=\/wp\/v2\/posts"}],"about":[{"href":"https:\/\/www.diarioimagen.net\/index.php?rest_route=\/wp\/v2\/types\/post"}],"author":[{"embeddable":true,"href":"https:\/\/www.diarioimagen.net\/index.php?rest_route=\/wp\/v2\/users\/3"}],"replies":[{"embeddable":true,"href":"https:\/\/www.diarioimagen.net\/index.php?rest_route=%2Fwp%2Fv2%2Fcomments&post=512384"}],"version-history":[{"count":0,"href":"https:\/\/www.diarioimagen.net\/index.php?rest_route=\/wp\/v2\/posts\/512384\/revisions"}],"wp:attachment":[{"href":"https:\/\/www.diarioimagen.net\/index.php?rest_route=%2Fwp%2Fv2%2Fmedia&parent=512384"}],"wp:term":[{"taxonomy":"category","embeddable":true,"href":"https:\/\/www.diarioimagen.net\/index.php?rest_route=%2Fwp%2Fv2%2Fcategories&post=512384"},{"taxonomy":"post_tag","embeddable":true,"href":"https:\/\/www.diarioimagen.net\/index.php?rest_route=%2Fwp%2Fv2%2Ftags&post=512384"}],"curies":[{"name":"wp","href":"https:\/\/api.w.org\/{rel}","templated":true}]}}