{"id":512390,"date":"2021-07-01T00:08:16","date_gmt":"2021-07-01T05:08:16","guid":{"rendered":"https:\/\/www.diarioimagen.net\/?p=512390"},"modified":"2021-07-01T01:32:33","modified_gmt":"2021-07-01T06:32:33","slug":"la-guardia-nacional-nada-que-festejar","status":"publish","type":"post","link":"https:\/\/www.diarioimagen.net\/?p=512390","title":{"rendered":"La Guardia Nacional, nada que festejar"},"content":{"rendered":"<h2>Punto por punto<\/h2>\n<h5>Augusto Corro<\/h5>\n<p>&nbsp;<\/p>\n<p>A\u00fan nada que festejar en el segundo aniversario de la Guardia Nacional (GN); pues el crimen organizado sigue presente con probabilidades de incrementarse en nuestro pa\u00eds.<\/p>\n<p>Por ahora, la GN cuenta con cien mil elementos en sus filas que fueron distribuidos en diferentes lugares del territorio nacional.<\/p>\n<p>Sin embargo, la espiral de violencia contin\u00faa y la inseguridad se agudiz\u00f3. En los registros de la criminalidad van al alza las cifras por homicidios dolosos, feminicidios, secuestros, asaltos, etc.<\/p>\n<p>Las guerras entre los c\u00e1rteles d\u00eda a d\u00eda muestran que entre los delincuentes no hay tregua al tiempo que se multiplican las masacres.\u00a0 Ah\u00ed est\u00e1n los casos de Tamaulipas, Guanajuato, Zacatecas y Michoac\u00e1n. En esas entidades y en otras m\u00e1s pareciera que no hay leyes, ni autoridades que la hagan valer.<\/p>\n<p>Se supon\u00eda que en los sitios con focos rojos dominados por los carteles de la droga iba a ser determinante la acci\u00f3n de la GN. No fue as\u00ed; por lo menos no hasta hoy.<\/p>\n<p>\u00bfQu\u00e9 sigue en el asunto de la GN? Pues cierta incertidumbre, porque el presidente L\u00f3pez Obrador propuso, recientemente, la incorporaci\u00f3n de la GN a la Secretar\u00eda de la Defensa Nacional (Sedena).<\/p>\n<p>En fin, ante los resultados magros de la GN es necesaria la creaci\u00f3n de nuevas estrategias para combatir a la delincuencia organizada. Ya vimos que la que est\u00e1n en vigor, si es que hay, no funcionaron. La realidad es que a dos a\u00f1os y medio de gobierno <em>obradorista<\/em> no hay avances sustanciales en el combate a la delincuencia organizada.<\/p>\n<p style=\"text-align: center;\"><strong>El PRI y la barbarie<\/strong><\/p>\n<p>Parece incre\u00edble, pero en el Partido Revolucionario Institucional (PRI) se desat\u00f3 la lucha interna por lo que qued\u00f3 de ese partidazo, es decir, por el cascar\u00f3n.<\/p>\n<p>Sumido en el desprestigio por su apoyo a gobiernos corruptos, en el tricolor surgieron los grupos que quieren apropi\u00e1rselo.<\/p>\n<p>El martes, empezaron los enfrentamientos violentos entre las corrientes, seg\u00fan se dijo, encabezadas por el actual presidente, Alejandro Moreno (<em>Alito<\/em> o <em>Amlito<\/em>) y Ulises Ruiz Ortiz. No se trat\u00f3 de un simple zafarrancho. En los videos apareci\u00f3 gente armada decida a pelear. Una persona result\u00f3 herida de bala. Otros m\u00e1s, lesionados que terminaron en el hospital.<\/p>\n<p>Quiz\u00e1s el Revolucionario Institucional nunca hab\u00eda estado en condici\u00f3n tan deplorable, como en la que se encuentra actualmente.<\/p>\n<p>Si bien es suerte, que tuvo un aliento de vida al aumentar el n\u00famero de diputados federales, a nivel nacional le fue muy mal.<\/p>\n<p>Por ejemplo, perdi\u00f3 las ocho gubernaturas que ten\u00eda en su poder. El dirigente priista ni siquiera tuvo la fuerza para ganar en su entidad, donde su sobrino fue el candidato fallido.<\/p>\n<p>El panorama pol\u00edtico en el PRI se cancel\u00f3. Su futuro es incierto. \u00bfQu\u00e9 se puede de dos priistas como Ulises Ruiz Ortiz y el propio Alejandro Moreno, que no sea la violencia?<\/p>\n<p>Los dos tricolores tienen una cola muy larga, como se dice coloquialmente, que necesitan recortarse si quieren erigirse en due\u00f1os del Revolucionario Institucional.<\/p>\n<p>Ulises tiene pendiente un expediente sobre su represi\u00f3n contra los maestros cuando fue gobernador de Oaxaca; y Alejandro tiene otra carpeta en la que se le acus\u00f3 de presunto enriquecimiento il\u00edcito.<\/p>\n<p>En fin, tan malo el pinto como el colorado, como reza el refr\u00e1n.<\/p>\n<p style=\"text-align: center;\"><strong>Relevo en el Metro<\/strong><\/p>\n<p>La directora del Metro, Florencia Serran\u00eda, fue relevada en el cargo, la sustituye Guillermo Calder\u00f3n. El cambio se registr\u00f3 casi dos meses despu\u00e9s del desplome de un tramo elevado de la L\u00ednea 12 del Metro, en el que murieron 26 personas.<\/p>\n<p>Las autoridades capitalinas y federales se tomaron su tiempo para iniciar los ajustes pol\u00edticos en el caso de la tragedia de la Estaci\u00f3n Olivos de la llamada \u201cL\u00ednea Dorada\u201d.<\/p>\n<p>\u00bfCon el despido de Serran\u00eda se da carpetazo al asunto? \u00bfYa no habr\u00e1 funcionarios involucrados en la construcci\u00f3n de ese tramo del Metro y su mantenimiento?<\/p>\n<p>\u00bfSe aplicar\u00e1 el tradicional borr\u00f3n y cuenta nueva, como en otras \u00e9pocas de gobiernos priistas o panistas?<\/p>\n<p>\u00bfUsted qu\u00e9 opina amable lector?<\/p>\n<p><a href=\"mailto:aco2742@hotmail.com\" target=\"_blank\" rel=\"noopener noreferrer\"><em>aco2742@hotmail.com<\/em><\/a><\/p>\n","protected":false},"excerpt":{"rendered":"<p><span style=\"color: #005497;\"><strong>Augusto Corro<\/strong><\/span><\/p>\n","protected":false},"author":3,"featured_media":0,"comment_status":"open","ping_status":"open","sticky":false,"template":"","format":"standard","meta":{"_monsterinsights_skip_tracking":false,"_monsterinsights_sitenote_active":false,"_monsterinsights_sitenote_note":"","_monsterinsights_sitenote_category":0,"footnotes":""},"categories":[157],"tags":[43686,43674,11515],"class_list":["post-512390","post","type-post","status-publish","format-standard","hentry","category-augusto-corro","tag-augusto-corro","tag-opinion","tag-punto-por-punto"],"_links":{"self":[{"href":"https:\/\/www.diarioimagen.net\/index.php?rest_route=\/wp\/v2\/posts\/512390","targetHints":{"allow":["GET"]}}],"collection":[{"href":"https:\/\/www.diarioimagen.net\/index.php?rest_route=\/wp\/v2\/posts"}],"about":[{"href":"https:\/\/www.diarioimagen.net\/index.php?rest_route=\/wp\/v2\/types\/post"}],"author":[{"embeddable":true,"href":"https:\/\/www.diarioimagen.net\/index.php?rest_route=\/wp\/v2\/users\/3"}],"replies":[{"embeddable":true,"href":"https:\/\/www.diarioimagen.net\/index.php?rest_route=%2Fwp%2Fv2%2Fcomments&post=512390"}],"version-history":[{"count":0,"href":"https:\/\/www.diarioimagen.net\/index.php?rest_route=\/wp\/v2\/posts\/512390\/revisions"}],"wp:attachment":[{"href":"https:\/\/www.diarioimagen.net\/index.php?rest_route=%2Fwp%2Fv2%2Fmedia&parent=512390"}],"wp:term":[{"taxonomy":"category","embeddable":true,"href":"https:\/\/www.diarioimagen.net\/index.php?rest_route=%2Fwp%2Fv2%2Fcategories&post=512390"},{"taxonomy":"post_tag","embeddable":true,"href":"https:\/\/www.diarioimagen.net\/index.php?rest_route=%2Fwp%2Fv2%2Ftags&post=512390"}],"curies":[{"name":"wp","href":"https:\/\/api.w.org\/{rel}","templated":true}]}}