{"id":512412,"date":"2021-07-01T00:10:59","date_gmt":"2021-07-01T05:10:59","guid":{"rendered":"https:\/\/www.diarioimagen.net\/?p=512412"},"modified":"2021-07-01T01:50:41","modified_gmt":"2021-07-01T06:50:41","slug":"michoacan-estado-caliente","status":"publish","type":"post","link":"https:\/\/www.diarioimagen.net\/?p=512412","title":{"rendered":"Michoac\u00e1n, estado \u201ccaliente\u201d\u00a0"},"content":{"rendered":"<h2>De frente y de perfil<\/h2>\n<h5>Ram\u00f3n Zurita Sahag\u00fan<\/h5>\n<p>&nbsp;<\/p>\n<p>Desde hace alg\u00fan tiempo se sospecha que, en algunos estados del pa\u00eds, los gobernadores o gente cercana a ellos entraron en contubernio con los grupos delincuenciales que asuelan la regi\u00f3n que gobiernan.<\/p>\n<p>Muchos de ellos no alzaron la voz, sino hasta que se sintieron copados y fue entonces cuando denunciaron, sin acudir a los sitios determinados para iniciar investigaciones al respecto.<\/p>\n<p>Trasciende que la infiltraci\u00f3n es de tal tama\u00f1o que las entidades que no sufren el acoso de los grupos vinculados a la delincuencia organizada son porque pactaron con alguno de ellos, especialmente, los ubicados como m\u00e1s poderosos.<\/p>\n<p>Solamente cuando le llega el agua al cuello es cuando refieren las presiones y aunque no acuden con las autoridades competentes lanzan su grito de auxilio o pretenden lavarse las manos sobre su inacci\u00f3n en contra de estos grupos.<\/p>\n<p>Silvano Aureoles Conejo es uno de esos casos, ya que despu\u00e9s de gobernar durante cinco a\u00f1os Michoac\u00e1n y de enfrentar m\u00faltiples problemas de los que se hizo ajeno, recurre a gritos destemplados para acusar que la delincuencia organizada pact\u00f3 con el crimen organizado para hacer ganador al candidato propuesto por Morena.<\/p>\n<p>Claro que el golpe propinado en los comicios peg\u00f3 en la l\u00ednea de flotaci\u00f3n de un gobernante soberbio y engre\u00eddo que relajado en su forma de gobernar fue amante de las fiestas y de los elogios a su persona y a sus desatinos.<\/p>\n<p>Silvano enfrent\u00f3 muchos problemas en su quinquenio, los que endosaron a la Federaci\u00f3n y se los resbalaba de esa manera. Maestros, narcotr\u00e1fico, enfrentamientos, falta de pagos en algunos rubros y otros asuntos dej\u00f3 pendientes el que algunos consideran el \u00faltimo gobernador surgido de las filas del PRD, un partido en v\u00edas de extinci\u00f3n.<\/p>\n<p>Lo del triunfo de Morena era \u201cbola cantada\u201d, ya que la administraci\u00f3n de Silvano fue un desastre y con todo y la operaci\u00f3n realizada desde las altas instancias del gobierno estatal, el candidato de la alianza conformada por PRD, PAN y PRI, qued\u00f3 a unos cuantos puntos porcentuales del ganador.<\/p>\n<p>Para ejemplificar el desastre de la administraci\u00f3n de Silvano, s\u00f3lo basta echar una mirada a lo sucedido el martes en esa entidad. Mientras el gobernador armaba un espect\u00e1culo en las afueras de Palacio Nacional, donde se mont\u00f3 en una silla a exigir lo recibiera el presidente de la rep\u00fablica, el estado enfrenta una serie de problemas que le son ajenos al gobernante: los deslaves provocados por las fuertes lluvias amenazan algunas regiones del estado; el crimen se apodera nuevamente de Aguililla; los criminales (C\u00e1rtel Jalisco Nueva Generaci\u00f3n) rafaguean uno de los tantos poblados de la entidad y se enfrentan con la polic\u00eda; los aguacateros mantienen su fuerza p\u00fablica, para enfrentar las amenazas de las delincuencia; un grupo de maestros parodi\u00f3 al gobernante y se sent\u00f3 a esperarlo fuera de Palacio de Gobierno y un alcalde electo, de Penjamillo, fue secuestrado, en un martes normal de Michoac\u00e1n<\/p>\n<p>Silvano se lava las manos y acusa que \u201cnarco-gobiernos\u201d lo antecedieron y que otro m\u00e1s ser\u00e1 el que lo suceda, aunque no dice nada del suyo, donde la presencia de los grupos delincuenciales ha sido sumamente notoria, con enfrentamientos, asesinatos y presencia de los grupos delincuenciales en los principales municipios del estado, adem\u00e1s del resurgimiento de las autodefensas.<\/p>\n<p>Es cierto, que algunos personajes que le antecedieron se vieron envueltos en asuntos vinculados con los grupos delincuenciales y por ello fue detenido Jes\u00fas Reyna, gobernador interino, quien, finalmente, fue absuelto y por breve tiempo se detuvo tambi\u00e9n al hijo del entonces gobernador Fausto Vallejo (Rodrigo Vallejo, <em>El Gerber<\/em>), quien fue evidenciado departiendo amigablemente con Servando G\u00f3mez, La Tuta, cabeza de uno de los m\u00e1s importantes grupos delincuenciales, conocidos como los Caballeros Templarios. Otro personaje pol\u00edtico relacionado con el crimen organizado es el ex diputado federal y hermano de Leonel Godoy, Julio C\u00e9sar Godoy, pr\u00f3fugo de la justicia.<\/p>\n<p>Es cierto, hay evidencias de que el crimen organizado se encuentra mezclado en las estructuras gubernamentales de esa entidad desde hace muchos a\u00f1os y la administraci\u00f3n de Silvano Aureoles no es ajena a ello.<\/p>\n<p><a href=\"mailto:ramonzurita44@hotmail.com\" target=\"_blank\" rel=\"noopener noreferrer\"><em>ramonzurita44@hotmail.com<\/em><\/a><\/p>\n","protected":false},"excerpt":{"rendered":"<p><span style=\"color: #005497;\"><strong>Ram\u00f3n Zurita Sahag\u00fan<\/strong><\/span><br \/>\n<br \/>\nDesde hace alg\u00fan tiempo se sospecha que, en algunos estados del pa\u00eds, los gobernadores o gente cercana a ellos entraron en contubernio con los grupos delincuenciales que asuelan la regi\u00f3n que gobiernan.\u00a0<\/p>\n","protected":false},"author":3,"featured_media":0,"comment_status":"open","ping_status":"open","sticky":false,"template":"","format":"standard","meta":{"_monsterinsights_skip_tracking":false,"_monsterinsights_sitenote_active":false,"_monsterinsights_sitenote_note":"","_monsterinsights_sitenote_category":0,"footnotes":""},"categories":[234],"tags":[304,43674,43687],"class_list":["post-512412","post","type-post","status-publish","format-standard","hentry","category-ramon-zurita-sahagun","tag-de-frente-y-de-perfil","tag-opinion","tag-ramon-zurita-sahagun"],"_links":{"self":[{"href":"https:\/\/www.diarioimagen.net\/index.php?rest_route=\/wp\/v2\/posts\/512412","targetHints":{"allow":["GET"]}}],"collection":[{"href":"https:\/\/www.diarioimagen.net\/index.php?rest_route=\/wp\/v2\/posts"}],"about":[{"href":"https:\/\/www.diarioimagen.net\/index.php?rest_route=\/wp\/v2\/types\/post"}],"author":[{"embeddable":true,"href":"https:\/\/www.diarioimagen.net\/index.php?rest_route=\/wp\/v2\/users\/3"}],"replies":[{"embeddable":true,"href":"https:\/\/www.diarioimagen.net\/index.php?rest_route=%2Fwp%2Fv2%2Fcomments&post=512412"}],"version-history":[{"count":0,"href":"https:\/\/www.diarioimagen.net\/index.php?rest_route=\/wp\/v2\/posts\/512412\/revisions"}],"wp:attachment":[{"href":"https:\/\/www.diarioimagen.net\/index.php?rest_route=%2Fwp%2Fv2%2Fmedia&parent=512412"}],"wp:term":[{"taxonomy":"category","embeddable":true,"href":"https:\/\/www.diarioimagen.net\/index.php?rest_route=%2Fwp%2Fv2%2Fcategories&post=512412"},{"taxonomy":"post_tag","embeddable":true,"href":"https:\/\/www.diarioimagen.net\/index.php?rest_route=%2Fwp%2Fv2%2Ftags&post=512412"}],"curies":[{"name":"wp","href":"https:\/\/api.w.org\/{rel}","templated":true}]}}