{"id":512414,"date":"2021-07-01T00:12:28","date_gmt":"2021-07-01T05:12:28","guid":{"rendered":"https:\/\/www.diarioimagen.net\/?p=512414"},"modified":"2021-07-01T01:53:02","modified_gmt":"2021-07-01T06:53:02","slug":"monreal-truena-contra-la-scjn-su-resolucion-sobre-la-mariguana-genero-gran-embrollo-y-confusion","status":"publish","type":"post","link":"https:\/\/www.diarioimagen.net\/?p=512414","title":{"rendered":"Monreal truena contra la SCJN: su resoluci\u00f3n sobre la mariguana \u201cgener\u00f3 gran embrollo y confusi\u00f3n\u201d\u00a0\u00a0"},"content":{"rendered":"<h2>Tras la puerta del poder<\/h2>\n<h5>Roberto Vizca\u00edno<\/h5>\n<p>&nbsp;<\/p>\n<p>\u201c&#8230; creo que la (Suprema) Corte ha generado un gran problema en la pr\u00e1ctica&#8230; en el discurso la (su) soluci\u00f3n puede ser excelente&#8230; pero en el momento de la operaci\u00f3n y la ejecuci\u00f3n, <strong>esa resoluci\u00f3n es un gran embrollo, un gran problema el que va a provocar<\/strong>\u201d.<\/p>\n<p>Tranquilo, pausado, pero absolutamente severo, sin concesiones, el zacatecano emiti\u00f3 as\u00ed su juicio sobre la decisi\u00f3n de los ministros de declarar inconstitucionales 5 art\u00edculos de la Ley de Salud que sancionan y limitan el uso l\u00fadico de la mariguana, as\u00ed como su cultivo, producci\u00f3n, transportaci\u00f3n y comercializaci\u00f3n y orden\u00f3 a la Cofepris emitir autorizaciones a mayores de 18 a\u00f1os que soliciten todo o cualquiera de estos rubros.<\/p>\n<p>No dijo <strong>Monreal<\/strong> que la Suprema Corte se excedi\u00f3, pero lo sugiri\u00f3 claramente al indicar que lo \u00fanico que cada autoridad puede hacer es lo que est\u00e1 determinado por la Constituci\u00f3n, y la Carta Magna no dice que la Corte pueda legislar.<\/p>\n<p>\u201c&#8230; lo que hizo la corte fue declarar inconstitucional los art\u00edculos de la ley de salud y eso no es normal, porque no puede legislar. el \u00fanico que puede emitir reglas jur\u00eddicas es el Congreso&#8230; la Corte indic\u00f3 que Cofepris (deb\u00eda) expedir autorizaciones para siembra, cultivo, transporte y comercializaci\u00f3n de la marihuana de manera individual a mayores de 18 a\u00f1os&#8230; pero Cofepris no puede emitir lineamientos que sean normas generales\u201d.<\/p>\n<p>Por lo dem\u00e1s, advirti\u00f3 que la Suprema Corte \u201cno es nuestro jefe y no dependemos de ella\u201d. Y cuando hace meses le dijo al Senado que deb\u00eda legislar esta materia (sobre el uso m\u00e9dico y l\u00fadico de la marihuana junto con su producci\u00f3n, transportaci\u00f3n y comercializaci\u00f3n\u201d), el Senado decidi\u00f3 en forma soberana no hacerlo.<\/p>\n<p>Y no lo hizo porque en el largo y farragoso debate y sus planteamientos, siempre prevalecieron enormes intereses ajenos.<\/p>\n<p>Monreal consider\u00f3 que la resoluci\u00f3n de la Suprema Corte dej\u00f3 en claro que los ministros y senadores debieron acercarse m\u00e1s entre ellos y platicar todo sobre el caso, \u201cpero no lo hicieron\u201d.<\/p>\n<p>Una vez emitida esta resoluci\u00f3n, agreg\u00f3 el zacatecano, la Suprema Corte no s\u00f3lo ha generado un gran embrollo y problema que se va a reflejar en la pr\u00e1ctica y operaci\u00f3n del uso y todo lo dem\u00e1s de la marihuana, sino que crea una falsa expectativa, porque al final no se va a poder no consumir, ni producir, ni transportar y menos comercializar la marihuana como muchos creen a partir de la resoluci\u00f3n de los ministros.<\/p>\n<p>Y nada de eso puede ocurrir porque las Leyes penales y otras contin\u00faan vigentes y continuar\u00e1n hasta que el Senado y el Congreso no legislen una nueva ley que se convierta en norma general.<\/p>\n<p>Otra cosa que ha creado la Corte, dice, es <strong>confusi\u00f3n<\/strong>.<\/p>\n<p>De entrada, explic\u00f3, ser\u00e1 complicado diferenciar entre consumidores y comercializadores, entre quienes siembran para su autoconsumo y quien los hace para uso industrial y comercial.<\/p>\n<p style=\"text-align: center;\"><strong>Ante la indiferencia general, escala el conflicto entre priistas<\/strong><\/p>\n<p>Nadie los pel\u00f3. Ni diputados, ni gobernadores, ni ex gobernadores, ni senadores o sus coordinadores, bueno ni la militancia, nadie ha salido a sumarse o a reivindicar el movimiento contra <strong>Alejandro Moreno <\/strong>y su Comit\u00e9 Ejecutivo estallado anteayer por el ex gobernador de Oaxaca <strong>Ulises Ruiz<\/strong> y <strong>Nallely Guti\u00e9rrez<\/strong> en exigencia de la renuncia del campechano al liderazgo del tricolor.<\/p>\n<p>Ayer, el abogado del PRI los denunci\u00f3 ante la FGR por <strong><em>asociaci\u00f3n delictuosa y secuestro.<\/em><\/strong><\/p>\n<p>La verdad es que, sin apoyo de las bases y cuadros de ese partido, el movimiento de <strong>Ulises y Nayelli<\/strong> no tiene m\u00e1s futuro que el fracaso. Creo que se dejaron llevar por la emoci\u00f3n.<\/p>\n<p><em><a href=\"mailto:rvizcainoa@gmail.com\" target=\"_blank\" rel=\"noopener noreferrer\">rvizcainoa@gmail.com<\/a><br \/>\n<u><a href=\"http:\/\/endirecto.mx\" target=\"_blank\" rel=\"noopener noreferrer\">www.endirecto.mx<\/a><br \/>\n<a href=\"https:\/\/twitter.com\/_rvizcaino\" target=\"_blank\" rel=\"noopener noreferrer\">@_RVizcaino<\/a><br \/>\n<a href=\"https:\/\/www.facebook.com\/rvizcainoa\" target=\"_blank\" rel=\"noopener noreferrer\">facebook.com\/rvizcainoa<\/a><\/u><\/em><\/p>\n","protected":false},"excerpt":{"rendered":"<p><span style=\"color: #005497;\"><strong>Roberto Vizca\u00edno<\/strong><\/span><br \/>\n<br \/>\n\u201c&#8230; creo que la (Suprema) Corte ha generado un gran problema en la pr\u00e1ctica&#8230; en el discurso la (su) soluci\u00f3n puede ser excelente&#8230; pero en el momento de la operaci\u00f3n y la ejecuci\u00f3n, <strong>esa resoluci\u00f3n es un gran embrollo, un gran problema el que va a provocar<\/strong>\u201d.<\/p>\n","protected":false},"author":3,"featured_media":0,"comment_status":"open","ping_status":"open","sticky":false,"template":"","format":"standard","meta":{"_monsterinsights_skip_tracking":false,"_monsterinsights_sitenote_active":false,"_monsterinsights_sitenote_note":"","_monsterinsights_sitenote_category":0,"footnotes":""},"categories":[136],"tags":[75367,43674,93,94],"class_list":["post-512414","post","type-post","status-publish","format-standard","hentry","category-roberto-vizcaino-opinion","tag-k","tag-opinion","tag-roberto-vizcaino","tag-tras-la-puerta-del-poder"],"_links":{"self":[{"href":"https:\/\/www.diarioimagen.net\/index.php?rest_route=\/wp\/v2\/posts\/512414","targetHints":{"allow":["GET"]}}],"collection":[{"href":"https:\/\/www.diarioimagen.net\/index.php?rest_route=\/wp\/v2\/posts"}],"about":[{"href":"https:\/\/www.diarioimagen.net\/index.php?rest_route=\/wp\/v2\/types\/post"}],"author":[{"embeddable":true,"href":"https:\/\/www.diarioimagen.net\/index.php?rest_route=\/wp\/v2\/users\/3"}],"replies":[{"embeddable":true,"href":"https:\/\/www.diarioimagen.net\/index.php?rest_route=%2Fwp%2Fv2%2Fcomments&post=512414"}],"version-history":[{"count":0,"href":"https:\/\/www.diarioimagen.net\/index.php?rest_route=\/wp\/v2\/posts\/512414\/revisions"}],"wp:attachment":[{"href":"https:\/\/www.diarioimagen.net\/index.php?rest_route=%2Fwp%2Fv2%2Fmedia&parent=512414"}],"wp:term":[{"taxonomy":"category","embeddable":true,"href":"https:\/\/www.diarioimagen.net\/index.php?rest_route=%2Fwp%2Fv2%2Fcategories&post=512414"},{"taxonomy":"post_tag","embeddable":true,"href":"https:\/\/www.diarioimagen.net\/index.php?rest_route=%2Fwp%2Fv2%2Ftags&post=512414"}],"curies":[{"name":"wp","href":"https:\/\/api.w.org\/{rel}","templated":true}]}}