{"id":512516,"date":"2021-07-02T00:01:20","date_gmt":"2021-07-02T05:01:20","guid":{"rendered":"https:\/\/www.diarioimagen.net\/?p=512516"},"modified":"2021-07-02T06:05:01","modified_gmt":"2021-07-02T11:05:01","slug":"vecinos-de-san-francisco-cascantitla-en-cuautitlan-acceden-a-descuentos-para-escriturar","status":"publish","type":"post","link":"https:\/\/www.diarioimagen.net\/?p=512516","title":{"rendered":"Vecinos de San Francisco Cascantitla, en Cuautitl\u00e1n, acceden a descuentos para escriturar"},"content":{"rendered":"<p>&nbsp;<\/p>\n<p><a href=\"https:\/\/www.diarioimagen.net\/?attachment_id=512623\" rel=\"attachment wp-att-512623\"><img loading=\"lazy\" decoding=\"async\" class=\"aligncenter size-full wp-image-512623\" src=\"https:\/\/www.diarioimagen.net\/wp-content\/uploads\/2021\/07\/cuautitlan.jpg\" alt=\"\" width=\"460\" height=\"460\" \/><\/a><\/p>\n<p>&nbsp;<\/p>\n<p><strong>Cuautitl\u00e1n, Estado de M\u00e9xico.- <\/strong>Durante la nonag\u00e9sima Octava Sesi\u00f3n ordinaria de cabildo, se autorizaron est\u00edmulos fiscales en tr\u00e1mites municipales para el ejercicio 2021, a los vecinos de San Francisco Cascantitla, que les permitir\u00e1n obtener sus escrituras en beneficio de su patrimonio familiar, destac\u00f3 el presidente municipal Ariel Ju\u00e1rez al encabezar la asamblea.<\/p>\n","protected":false},"excerpt":{"rendered":"<p>Durante la nonag\u00e9sima Octava Sesi\u00f3n ordinaria de cabildo, se autorizaron est\u00edmulos fiscales en tr\u00e1mites municipales para el ejercicio 2021, a los vecinos de San Francisco Cascantitla, que les permitir\u00e1n obtener sus escrituras en beneficio de su patrimonio familiar, destac\u00f3 el presidente municipal Ariel Ju\u00e1rez al encabezar la asamblea.<\/p>\n","protected":false},"author":3,"featured_media":512623,"comment_status":"open","ping_status":"open","sticky":false,"template":"","format":"standard","meta":{"_monsterinsights_skip_tracking":false,"_monsterinsights_sitenote_active":false,"_monsterinsights_sitenote_note":"","_monsterinsights_sitenote_category":0,"footnotes":""},"categories":[5],"tags":[681,93277,43675],"class_list":["post-512516","post","type-post","status-publish","format-standard","has-post-thumbnail","hentry","category-estado-de-mexico","tag-cuautitlan","tag-escriturar","tag-estado-de-mexico"],"_links":{"self":[{"href":"https:\/\/www.diarioimagen.net\/index.php?rest_route=\/wp\/v2\/posts\/512516","targetHints":{"allow":["GET"]}}],"collection":[{"href":"https:\/\/www.diarioimagen.net\/index.php?rest_route=\/wp\/v2\/posts"}],"about":[{"href":"https:\/\/www.diarioimagen.net\/index.php?rest_route=\/wp\/v2\/types\/post"}],"author":[{"embeddable":true,"href":"https:\/\/www.diarioimagen.net\/index.php?rest_route=\/wp\/v2\/users\/3"}],"replies":[{"embeddable":true,"href":"https:\/\/www.diarioimagen.net\/index.php?rest_route=%2Fwp%2Fv2%2Fcomments&post=512516"}],"version-history":[{"count":0,"href":"https:\/\/www.diarioimagen.net\/index.php?rest_route=\/wp\/v2\/posts\/512516\/revisions"}],"wp:featuredmedia":[{"embeddable":true,"href":"https:\/\/www.diarioimagen.net\/index.php?rest_route=\/wp\/v2\/media\/512623"}],"wp:attachment":[{"href":"https:\/\/www.diarioimagen.net\/index.php?rest_route=%2Fwp%2Fv2%2Fmedia&parent=512516"}],"wp:term":[{"taxonomy":"category","embeddable":true,"href":"https:\/\/www.diarioimagen.net\/index.php?rest_route=%2Fwp%2Fv2%2Fcategories&post=512516"},{"taxonomy":"post_tag","embeddable":true,"href":"https:\/\/www.diarioimagen.net\/index.php?rest_route=%2Fwp%2Fv2%2Ftags&post=512516"}],"curies":[{"name":"wp","href":"https:\/\/api.w.org\/{rel}","templated":true}]}}