{"id":512549,"date":"2021-07-02T00:00:20","date_gmt":"2021-07-02T05:00:20","guid":{"rendered":"https:\/\/www.diarioimagen.net\/?p=512549"},"modified":"2021-07-02T03:56:37","modified_gmt":"2021-07-02T08:56:37","slug":"con-el-nanosatelite-d2-atlacom-1-hoy-el-nombre-de-atlacomulco-llego-al-espacio","status":"publish","type":"post","link":"https:\/\/www.diarioimagen.net\/?p=512549","title":{"rendered":"Con el nanosat\u00e9lite D2\/AtlaCom-1, hoy el nombre de Atlacomulco lleg\u00f3 al espacio"},"content":{"rendered":"<h2>Hora 14<\/h2>\n<h5>Mauricio Conde Olivares<\/h5>\n<p>&nbsp;<\/p>\n<p>Para el sector empresarial mexicano ya se empieza a ver la luz al final del t\u00fanel, pues el INEGI dio a conocer los Indicadores de Confianza Empresarial (ICE) correspondientes a junio del a\u00f1o en curso. Dichos indicadores se elaboran con los resultados de la Encuesta Mensual de Opini\u00f3n Empresarial (EMOE) los cuales permiten conocer, casi inmediatamente despu\u00e9s de terminado el mes de referencia, la opini\u00f3n de los directivos empresariales de los sectores Manufacturero, Construcci\u00f3n, Comercio y de los Servicios Privados no Financieros sobre la situaci\u00f3n econ\u00f3mica que se presenta tanto en el pa\u00eds como en sus empresas.<\/p>\n<p>A nivel de sector, el Indicador de Confianza Empresarial de las Manufacturas registr\u00f3 un incremento de 1.8 puntos en el sexto mes de 2021 frente al mes inmediato anterior, con cifras desestacionalizadas, el ICE del Comercio se acrecent\u00f3 2.1 puntos y el de la Construcci\u00f3n 1.8 puntos en igual periodo.<\/p>\n<p>En su comparaci\u00f3n anual, el Indicador de Confianza Empresarial por sector de actividad mostr\u00f3 el siguiente comportamiento: el ICE de las Manufacturas fue superior en 14.2 puntos, el del Comercio en 15 puntos y el de la Construcci\u00f3n en 12.5 puntos durante junio de este a\u00f1o.<\/p>\n<p>El Indicador Global de Opini\u00f3n Empresarial de Confianza4 (IGOEC), que es el promedio ponderado de los indicadores de los cuatro sectores que lo integran, se ubic\u00f3 en 51.6 puntos y signific\u00f3 una variaci\u00f3n positiva de 14.3 puntos en junio de 2021 respecto al mismo mes de un a\u00f1o antes, con cifras originales.<\/p>\n<p>Con este dato el Indicador de Confianza Empresarial Manufacturero se mantiene por segundo mes consecutivo por arriba del umbral de los 50 puntos.<\/p>\n<p>En tanto, le participo que la Agencia Federal de Aviaci\u00f3n Civil (AFAC) inici\u00f3 el procedimiento licitatorio para la contrataci\u00f3n de los \u201cServicios Integrales de Administraci\u00f3n, Mantenimiento Preventivo y Correctivo para Aeronaves CESSNA Citation Modelos 500\/550 y Super II, as\u00ed como Soporte T\u00e9cnico para los Sistemas de Inspecci\u00f3n en Vuelo\u201d.<\/p>\n<p>La convocatoria, considerada un evento rutinario que se lleva a cabo en cada ejercicio presupuestal, fue publicada en el Diario Oficial de la Federaci\u00f3n y en el Sistema COMPRANET el pasado 22 de junio de 2021.<\/p>\n<p>Como parte del procedimiento administrativo la apertura de propuestas se llevar\u00e1 a cabo ma\u00f1ana 2 de julio del a\u00f1o en curso. En caso de que los interesados cumplan en su totalidad con la normatividad vigente y los anexos t\u00e9cnico, econ\u00f3mico, administrativo y legal, se proceder\u00e1 a realizar la visita a instalaciones de los talleres (proveedores) participantes.<\/p>\n<p>El d\u00eda 9 de julio se tiene programado emitir el fallo de adjudicaci\u00f3n al licitante ganador. Y una vez concluida esta etapa, se proceder\u00e1 a la firma del instrumento legal y con ello la ejecuci\u00f3n de los servicios que avala la convocatoria en referencia.<\/p>\n<p>Cabe se\u00f1alar que este proceso es parte de la programaci\u00f3n presupuestal anual que realiza la AFAC y no se encuentra vinculado a la auditoria que realizar\u00e1 la FAA al Estado Mexicano.<\/p>\n<p>Dentro de las funciones asignadas a la AFAC, por medio de estas aeronaves se realiza la verificaci\u00f3n y certificaci\u00f3n de las radioayudas y ayudas visuales de la infraestructura aeroportuaria nacional; para proporcionar a las tripulaciones informaci\u00f3n de precisi\u00f3n respecto a la altitud, distancia, trayectorias de aproximaci\u00f3n y aerov\u00edas para la navegaci\u00f3n, entre otras.<\/p>\n<p>Lo anterior, permite garantizar la seguridad operacional a la navegaci\u00f3n en el espacio a\u00e9reo mexicano. Acciones que dan cumplimiento de las normas y recomendaciones de la Organizaci\u00f3n de Aviaci\u00f3n Civil Internacional (OACI); de los c\u00f3digos de aeronavegabilidad de la Federal Aviation Adminstration (FAA) y de la Agencia Europea de Seguridad A\u00e9rea (EASA).<\/p>\n<p>Adem\u00e1s, le informo que el Nanosat\u00e9lite \u201cD2\/AtlaCom-1\u201d fue lanzado exitosamente por Space X desde las instalaciones de la NASA en Cabo Ca\u00f1averal, en misi\u00f3n satelital internacional que permitir\u00e1 avanzar en la formaci\u00f3n de estudiantes de M\u00e9xico en captaci\u00f3n, an\u00e1lisis y procesamiento de im\u00e1genes satelitales.<\/p>\n<p>As\u00ed lo informaron el director general de la Agencia Espacial Mexicana (AEM), organismo descentralizado de la Secretar\u00eda de Comunicaciones y Transportes (SCT), Dr. Salvador Landeros Ayala; el alcalde de Atlacomulco, Estado de M\u00e9xico, Roberto T\u00e9llez Monroy; y los CEO\u00b4s de las compa\u00f1\u00edas Space JLTZ y NanoAvionics, Jos\u00e9 Luis Terreros Corrales, y Brent Abbott, respectivamente.<\/p>\n<p>\u201cEn esta misi\u00f3n se logr\u00f3 insertar un importante componente educativo, que permitir\u00e1 formar a nuestra juventud en captaci\u00f3n, an\u00e1lisis y procesamiento de im\u00e1genes satelitales, al tiempo que abre el camino para desarrollar con la Universidad Aut\u00f3noma del Estado de M\u00e9xico (UAEM\u00e9x) el primer programa piloto de su tipo en la historia del pa\u00eds, para impulso de la productividad agr\u00edcola con apoyo del D2\/AtlaCom-1\u201d, subray\u00f3 Landeros Ayala.<\/p>\n<p>Por su parte, el Rector de la UAEM\u00e9x, Dr. Carlos Barrera D\u00edaz, destac\u00f3 la innovaci\u00f3n que significar\u00e1 emplear recursos satelitales para fortalecer al agro, lo que podr\u00e1 permitir una mejor planificaci\u00f3n del uso de la tierra, reducci\u00f3n de costos, desarrollo de cadenas de suministros cada vez m\u00e1s sostenibles, conservaci\u00f3n de recursos naturales, y resiliencia ante desastres, entre otros beneficios alineados con los Objetivos de Desarrollo Sostenible de la Organizaci\u00f3n de las Naciones Unidas.<\/p>\n<p>\u201cCon el Nanosat\u00e9lite D2\/AtlaCom-1, hoy el nombre de Atlacomulco llega al espacio, poni\u00e9ndolo muy en alto con apoyo de la SCT a trav\u00e9s de la AEM, y se avanza haciendo historia en esta Cuarta Transformaci\u00f3n, impulsando el objetivo de seguir construyendo capacidades nacionales en la materia espacial para tareas prioritarias sociales, sobre todo en beneficio de quienes m\u00e1s lo necesitan\u201d, subray\u00f3 a su vez el alcalde T\u00e9llez Monroy.<\/p>\n<p>En el mismo sentido, son de destacarse los beneficios para la comunidad estudiantil, como la de la Universidad Polit\u00e9cnica de Atlacomulco (UPA), quienes, como se\u00f1al\u00f3 su Rector Ren\u00e9 Sant\u00edn Villavicencio, al formarse en an\u00e1lisis y procesamiento de datos satelitales, podr\u00e1n obtener con ello habilidades que les aportar\u00e1n alto valor agregado como profesionistas competitivos en esta nueva era digital.<\/p>\n<p>De igual modo, los beneficios ser\u00e1n extensivos hacia nuestro pa\u00eds, que podr\u00e1 contar cada vez m\u00e1s con capital humano joven, especializado en el aprovechamiento de Nanosat\u00e9lites para nobles tareas prioritarias sociales, como la protecci\u00f3n a la poblaci\u00f3n ante desastres naturales, incendios forestales, educaci\u00f3n y salud a distancia, y otros rubros estrat\u00e9gicos.<\/p>\n<p>\u201cEste lanzamiento por parte de Space X de Elon Musk, significa toda una nueva fase de la era espacial mexicana, pues abre una era de posibilidades de especializaci\u00f3n para la juventud de nuestro pa\u00eds y la propia industria, en este caso con la alianza internacional europeo-norteamericana con NanoAvionics, y Dragonfly Aerospace (socio sudafricano del proyecto), explic\u00f3 en su momento el presidente de Space JLTZ, Jos\u00e9 Luis Terreros Corrales.<\/p>\n<p>En su oportunidad, Brent Abbott expres\u00f3: \u201cEl Nanosat\u00e9lite D2\/AtlaCom-1, con su tecnolog\u00eda de punta, es un caso exitoso que acelera la colaboraci\u00f3n espacial entre tres continentes, mucho valoramos el poder ser aliados estrat\u00e9gicos para hacer historia en M\u00e9xico, y reiteramos el estar muy orgullosos de ser parte de este esfuerzo en pro de la educaci\u00f3n, y para poder contribuir a beneficios sociales globales.\u201d, concluy\u00f3; empero, lo anterior ser\u00e1 motivo de posterior an\u00e1lisis en otra entrega de <strong><em>Hora 14<\/em><\/strong>.<\/p>\n<p><em><a href=\"mailto:%20mauricio_conde@msn.com\" target=\"_blank\" rel=\"noopener noreferrer\">mauricioconde59@outlook.com<\/a><\/em><br \/>\n<em><a href=\"https:\/\/twitter.com\/mauconde007\" target=\"_blank\" rel=\"noopener noreferrer\">@mauconde007<\/a> <\/em><br \/>\n<em><a href=\"https:\/\/mauriciocondeblog.wordpress.com\" target=\"_blank\" rel=\"noopener noreferrer\">https:\/\/mauriciocondeblog.wordpress.com<\/a><\/em><\/p>\n","protected":false},"excerpt":{"rendered":"<p><span style=\"color: #005497;\"><strong>Mauricio Conde Olivares<\/strong><\/span><\/p>\n","protected":false},"author":3,"featured_media":0,"comment_status":"open","ping_status":"open","sticky":false,"template":"","format":"standard","meta":{"_monsterinsights_skip_tracking":false,"_monsterinsights_sitenote_active":false,"_monsterinsights_sitenote_note":"","_monsterinsights_sitenote_category":0,"footnotes":""},"categories":[35889],"tags":[43712,43674,44860],"class_list":["post-512549","post","type-post","status-publish","format-standard","hentry","category-mauricio-conde-olivares","tag-mauricio-conde-olivares","tag-opinion","tag-hora-14"],"_links":{"self":[{"href":"https:\/\/www.diarioimagen.net\/index.php?rest_route=\/wp\/v2\/posts\/512549","targetHints":{"allow":["GET"]}}],"collection":[{"href":"https:\/\/www.diarioimagen.net\/index.php?rest_route=\/wp\/v2\/posts"}],"about":[{"href":"https:\/\/www.diarioimagen.net\/index.php?rest_route=\/wp\/v2\/types\/post"}],"author":[{"embeddable":true,"href":"https:\/\/www.diarioimagen.net\/index.php?rest_route=\/wp\/v2\/users\/3"}],"replies":[{"embeddable":true,"href":"https:\/\/www.diarioimagen.net\/index.php?rest_route=%2Fwp%2Fv2%2Fcomments&post=512549"}],"version-history":[{"count":0,"href":"https:\/\/www.diarioimagen.net\/index.php?rest_route=\/wp\/v2\/posts\/512549\/revisions"}],"wp:attachment":[{"href":"https:\/\/www.diarioimagen.net\/index.php?rest_route=%2Fwp%2Fv2%2Fmedia&parent=512549"}],"wp:term":[{"taxonomy":"category","embeddable":true,"href":"https:\/\/www.diarioimagen.net\/index.php?rest_route=%2Fwp%2Fv2%2Fcategories&post=512549"},{"taxonomy":"post_tag","embeddable":true,"href":"https:\/\/www.diarioimagen.net\/index.php?rest_route=%2Fwp%2Fv2%2Ftags&post=512549"}],"curies":[{"name":"wp","href":"https:\/\/api.w.org\/{rel}","templated":true}]}}