{"id":512559,"date":"2021-07-02T00:02:49","date_gmt":"2021-07-02T05:02:49","guid":{"rendered":"https:\/\/www.diarioimagen.net\/?p=512559"},"modified":"2021-07-02T04:06:33","modified_gmt":"2021-07-02T09:06:33","slug":"lopez-obrador-y-su-mini-dia-del-presidente","status":"publish","type":"post","link":"https:\/\/www.diarioimagen.net\/?p=512559","title":{"rendered":"L\u00f3pez Obrador y su \u201cmini-d\u00eda del Presidente\u201d"},"content":{"rendered":"<h2>La Retaguardia<\/h2>\n<h5>Adriana Moreno Cordero<\/h5>\n<p>&nbsp;<\/p>\n<ul>\n<li><strong><em>Conocer m\u00e1s a las \u201cGuerreras de la Libertad\u201d<\/em><\/strong><\/li>\n<\/ul>\n<p>&nbsp;<\/p>\n<p>Tan repetitivo se ha vuelto, que ya harta. Podr\u00eda decirse que el presidente <strong>Andr\u00e9s Manuel L\u00f3pez Obrador<\/strong> arm\u00f3 para nutrir su ego lo que podr\u00eda llamarse \u201cel mini-d\u00eda del Presidente\u201d, esto, porque en el pasado, el uno de septiembre era el d\u00eda en que el jefe del Ejecutivo rend\u00eda su informe y recib\u00eda aplausos cada vez que hablaba. Sin embargo, ayer, s\u00f3lo le aplaudieron al tabasque\u00f1o en cuatro ocasiones y hasta eso, ovaciones m\u00e1s bien desinfladas.<\/p>\n<p>En Palacio Nacional se llev\u00f3 a cabo -con escasos invitados-, el d\u00e9cimo informe parcial de L\u00f3pez Obrador, en el que se puede detectar que al Ejecutivo, ya le urge \u201cechar las campanas al vuelo\u201d, a cualquier precio, as\u00ed \u00e9ste sea negar consuetudinariamente la realidad que lleva a M\u00e9xico a la crisis.<\/p>\n<p>Por ejemplo, dijo el tabasque\u00f1o, con el quasi secretario de Hacienda, <strong>Rogelio Ram\u00edrez de la O,<\/strong> vi\u00e9ndolo y aplaudi\u00e9ndole, que la econom\u00eda crecer\u00e1 en 6 % ; que la inflaci\u00f3n est\u00e1 estable y que se presentan signos alentadores de la recuperaci\u00f3n del pa\u00eds. \u00bfDe qu\u00e9 pa\u00eds estar\u00eda hablando?<\/p>\n<p>Con la crisis que el mismo inquilino de Palacio Nacional produjo en el tema de los ni\u00f1os con c\u00e1ncer que carecen de medicamentos, dijo que en cuanto al rubro sanitarios, supuestamente ha destinado 70 mil millones de pesos para atender pandemia de Covid-19, s\u00ed, esa que ha manejado tan mal y encima, tuvo el cinismo de asegurar que se han reducido los contagios de coronavirus porque se respondi\u00f3 a tiempo. \u00bfNo estar\u00e1 enterado que de nueva cuenta vamos al alza?<\/p>\n<p>Lo que dijo en cuanto a inseguridad y a presumir logros, no tiene desperdicio. L\u00f3pez Obrador neg\u00f3 que se hayan creado nuevos grupos delincuenciales porque \u201cya estaban integradas las bandas\u201d y en suma, que la inseguridad es\u00a0 heredada. En este punto, hay que se\u00f1alar que a tres a\u00f1os de gobierno de esta errada y llamada Cuarta Transformaci\u00f3n, no puede ser ya una justificaci\u00f3n que el pasado tenga la culpa de todo, eso, se llama incapacidad e ineptitud.<\/p>\n<p>Llam\u00f3 la atenci\u00f3n que ahora no saliera el Presidente con que a la delincuencia organizada se le debe dar \u201cabrazos, no balazos\u201d, sino que esta vez dijo que \u201cla violencia no se puede enfrentar con la violencia, sino con otros medios m\u00e1s humanos y m\u00e1s eficaces\u201d. Y \u00bfcu\u00e1les ser\u00e1n esos medios; el discurso desde el p\u00falpito de Palacio Nacional?<\/p>\n<p>Al hablar sobre sus adversarios, los calific\u00f3 de clasistas, racistas e hip\u00f3critas que aborrecen a los pobres, sector al que L\u00f3pez Obrador \u2013y eso no se podr\u00eda negar-, les ha venido comprando el voto.<\/p>\n<p style=\"text-align: center;\"><strong>Municiones<\/strong><\/p>\n<p>*** Ma\u00f1ana a las 7 y media de la noche por adn40, se transmitir\u00e1 el cuarto y \u00faltimo cap\u00edtulo de la extraordinaria serie \u201cGuerreras de la Libertad\u201d, en el que conoceremos m\u00e1s a fondo a las mujeres que se han dedicado al periodismo sin importar que lo hacen en condiciones de riesgo. Ellas nos cuentan las historias de mayor impacto en guerras, sitios dominados por el crimen organizado y en los desastres m\u00e1s devastadores. Una de estas guerreras es\u00a0<strong>Hannia Novell<\/strong>, quien encabez\u00f3 el equipo period\u00edstico de TV Azteca en la segunda guerra de Irak, un pa\u00eds en que el liderazgo femenino es mucho m\u00e1s complicado. Otra m\u00e1s, <strong>Fabiola Guarneros,<\/strong> revive el horror de un bombazo en el conflicto palestino-israel\u00ed y las escenas de sufrimiento que viven las personas que viven atrapadas en esa escalada de violencia. Por su parte, <strong>Elisa Alan\u00eds<\/strong> y <strong>Bibiana Belsasso<\/strong>, relatan los riesgos de la cobertura de noticias sobre el crimen organizado y las vidas destrozadas por la descomposici\u00f3n social que ocasiona. <strong>Nayeli Rold\u00e1n<\/strong> nos cuenta la complejidad de una investigaci\u00f3n que cimbr\u00f3 a M\u00e9xico como lo fue La estafa maestra, mientras que <strong>Lourdes Mendoza<\/strong> documenta que fue la primera en destapar, mediante su columna, la corrupci\u00f3n que imper\u00f3 en Pemex durante la administraci\u00f3n de Emilio Lozoya. Afortunadamente hay otras guerreras <strong>como Adriana P\u00e9rez Ca\u00f1edo, Estela Livera, Nayeli Roldan, Katia D\u2019Artigues, Blanche Petrich, Elisa Alan\u00eds, Sanjuana Mart\u00ednez, Eunice Albarr\u00e1n, Ivonne Melgar, Adela Micha, Ana Mar\u00eda Lomel\u00ed, B\u00e1rbara Anderson, Catalina Noriega, Alicia Salgado, Pilar Ferreira<\/strong> y <strong>Violeta Santiago<\/strong> completan este cuadro de \u201cGuerreras de la Libertad\u201d que contin\u00faan en la batalla por la equidad y la igualdad.<\/p>\n<p>*** <strong>Omar Hern\u00e1ndez<\/strong> es el presidente de la Asociaci\u00f3n que han conformado los padres de ni\u00f1os con c\u00e1ncer y como \u00e9l mismo lo dice,\u00a0 \u201csomos una asociaci\u00f3n muy seria, respetuosa y educada, pero no vamos a esperar que se les cambie el protocolo a nuestros ni\u00f1os\u201d. Esto porque asegura que los medicamentos est\u00e1n llegando a cuenta gotas, apenas en un 30% a hospitales de diferentes ciudades del pa\u00eds. Estos padres, cuya lucha es incesante y merece todo el apoyo, le marcan a esta errada Cuarta Transformaci\u00f3n sus errores y uno de ellos es que ni siquiera cuentan con un censo actualizado de los menores que desafortunadamente, padecen c\u00e1ncer y que requieren diferentes tipos de medicamentos, seg\u00fan sea el caso. Podr\u00eda decirse que el flamante director del Insabi, <strong>Juan Ferrer<\/strong>, puso solamente un \u201ccurita\u201d a un problema latente que la administraci\u00f3n lopezobradorista es incapaz de resolver, para quitar el plant\u00f3n que una vez m\u00e1s hicieron estos padres para que les cumplan sus justas demandas.<\/p>\n<p>*** Ahora bien, si esta situaci\u00f3n contin\u00faa la siguiente semana, Omar Hern\u00e1ndez informe que los padres de ni\u00f1os con c\u00e1ncer, \u201cvolveremos a actuar\u201d. Para el pr\u00f3ximo mi\u00e9rcoles en la Secretar\u00eda de Salud que encabeza el silente <strong>Jorge Alcocer<\/strong>, sostendr\u00e1n una reuni\u00f3n con <strong>Juan Ferrer<\/strong> y le ratificar\u00e1n, entre otros puntos que el medicamento no lleg\u00f3 al 100 por ciento a los hospitales y el que se entreg\u00f3, solo alcanzar\u00e1 para 15 d\u00edas y no est\u00e1n dispuestos a sentarse a esperar dos semanas a que se agote el biol\u00f3gico. El se\u00f1or Hern\u00e1ndez dijo una gran verdad, que en la Secretar\u00eda de Salud \u201cno pueden ponerse a trabajar y que tengan esto regularizado, compran a ciegas\u201d, por lo que propondr\u00e1n que los padres de menores con c\u00e1ncer, est\u00e1n dispuestos a colaborar para realizar el citado censo de ni\u00f1os con c\u00e1ncer a los que se les cambia el. Sin duda, esta llamada y deformada Cuarta Transformaci\u00f3n, ha fallado en el tema de las compras consolidadas y la terquedad del inquilino de Palacio Nacional se impone a\u00fan a costa de vidas en este caso, de ni\u00f1os.<\/p>\n<p>*** Nada m\u00e1s faltaron los fuegos artificiales en el Auditorio Nacional, donde Morena celebr\u00f3 el triunfo en las urnas en 2018. Para eso s\u00ed hay dinero, para recibir a alrededor de 4 mil 500 invitados, o, \u00bfacaso la senadora <strong>Susana Harp<\/strong>, <strong>Regina Orozco<\/strong> y dem\u00e1s artistas que se presentaron, no cobraron? En el Palacio Legislativo de San L\u00e1zaro, el coordinador morenista, <strong>Ignacio Mier<\/strong> -que sigue luchando con u\u00f1as y dientes por quedarse como coordinador-, convoc\u00f3 a diputados electos y salientes para transportarlos en autobuses de lujo, directito al Auditorio Nacional. Se reitera, para eso s\u00ed hay dinero<\/p>\n<p><u><a href=\"mailto:morcora@gmail.com\" target=\"_blank\" rel=\"noopener noreferrer\"><em>morcora@gmail.com<\/em><\/a><\/u><\/p>\n","protected":false},"excerpt":{"rendered":"<p><span style=\"color: #005497;\"><strong>Adriana Moreno Cordero<\/strong><\/span><\/p>\n","protected":false},"author":3,"featured_media":0,"comment_status":"open","ping_status":"open","sticky":false,"template":"","format":"standard","meta":{"_monsterinsights_skip_tracking":false,"_monsterinsights_sitenote_active":false,"_monsterinsights_sitenote_note":"","_monsterinsights_sitenote_category":0,"footnotes":""},"categories":[69370],"tags":[69369,69368,43674],"class_list":["post-512559","post","type-post","status-publish","format-standard","hentry","category-adriana-moreno-cordero","tag-adriana-moreno-cordero","tag-la-retaguardia","tag-opinion"],"_links":{"self":[{"href":"https:\/\/www.diarioimagen.net\/index.php?rest_route=\/wp\/v2\/posts\/512559","targetHints":{"allow":["GET"]}}],"collection":[{"href":"https:\/\/www.diarioimagen.net\/index.php?rest_route=\/wp\/v2\/posts"}],"about":[{"href":"https:\/\/www.diarioimagen.net\/index.php?rest_route=\/wp\/v2\/types\/post"}],"author":[{"embeddable":true,"href":"https:\/\/www.diarioimagen.net\/index.php?rest_route=\/wp\/v2\/users\/3"}],"replies":[{"embeddable":true,"href":"https:\/\/www.diarioimagen.net\/index.php?rest_route=%2Fwp%2Fv2%2Fcomments&post=512559"}],"version-history":[{"count":0,"href":"https:\/\/www.diarioimagen.net\/index.php?rest_route=\/wp\/v2\/posts\/512559\/revisions"}],"wp:attachment":[{"href":"https:\/\/www.diarioimagen.net\/index.php?rest_route=%2Fwp%2Fv2%2Fmedia&parent=512559"}],"wp:term":[{"taxonomy":"category","embeddable":true,"href":"https:\/\/www.diarioimagen.net\/index.php?rest_route=%2Fwp%2Fv2%2Fcategories&post=512559"},{"taxonomy":"post_tag","embeddable":true,"href":"https:\/\/www.diarioimagen.net\/index.php?rest_route=%2Fwp%2Fv2%2Ftags&post=512559"}],"curies":[{"name":"wp","href":"https:\/\/api.w.org\/{rel}","templated":true}]}}