{"id":512569,"date":"2021-07-02T00:03:51","date_gmt":"2021-07-02T05:03:51","guid":{"rendered":"https:\/\/www.diarioimagen.net\/?p=512569"},"modified":"2021-07-02T04:17:46","modified_gmt":"2021-07-02T09:17:46","slug":"omisiones-del-noveno-informe-o-decimo","status":"publish","type":"post","link":"https:\/\/www.diarioimagen.net\/?p=512569","title":{"rendered":"Omisiones del noveno informe, \u00bfo d\u00e9cimo?"},"content":{"rendered":"<h2>Espacio Electoral<\/h2>\n<h5>Eleazar Flores<\/h5>\n<p>&nbsp;<\/p>\n<p><strong>CONTRA EL C\u00c1NCER-.<\/strong> Por la lacerante situaci\u00f3n e inconsolable sufrimiento de\u00a0 enfermos, y sobre todo sus familiares, es inconcebible que el padre de la Cuarta Transformaci\u00f3n haya omitido tocar la escasez de medicamentos contra el c\u00e1ncer infantil, enfermedad que incluso ha cobrado vidas.<\/p>\n<p>Otra omisi\u00f3n fueron las innumerables p\u00e9rdidas de vidas de esta \u00faltima semana, tanto en el norte como en el centro del pa\u00eds, concretamente Tamaulipas, Michoac\u00e1n y Zacatecas, apenas en esta misma semana.<\/p>\n<p>Seguramente por la brevedad empleada en la lectura de este informe, de escasos 29 minutos, el Presidente de la Rep\u00fablica Andr\u00e9s Manuel L\u00f3pez Obrador no tuvo tiempo para tocar estos temas, pero s\u00ed ocuparse de sus \u201cadversarios pol\u00edticos\u201d o bien presumir una \u201cc\u00f3moda ventaja\u201d en la C\u00e1mara baja para proseguir con sus programas sociales.<\/p>\n<p>\u201cNo nos podr\u00e1n detener\u201d, recalc\u00f3 el mandatario en este informe que inici\u00f3 14 minutos despu\u00e9s de lo programado, que concluy\u00f3 a las 11.48 horas en el Sal\u00f3n de Honor del palacio nacional, desde hace casi dos a\u00f1os mansi\u00f3n de la familia L\u00f3pez Obrador-Guti\u00e9rrez Muller.<\/p>\n<p><strong>ENCUESTAS-.<\/strong> As\u00ed usted tuviera \u201cotros datos\u201d, los que cuentan para el especialista en dividir son los que dio a conocer ayer en los que tuvo una aprobaci\u00f3n de 6.7, en escala del uno al diez, seg\u00fan explic\u00f3 el propio titular del Ejecutivo federal. Dio muchos porcentajes m\u00e1s en los que trat\u00e1ndose de una encuesta hecha por su gobierno, todos son aprobatorios,<\/p>\n<p>Esos n\u00fameros y porcentajes aprobatorios ni siquiera se pueden cuestionar pues se desconocen los sistemas de evaluaci\u00f3n y la o las dependencias que lo elaboraron y si se va m\u00e1s a fondo queriendo conocer a las personas f\u00edsicas, seguramente es un punto menos que imposible.<\/p>\n<p><strong>SEGUIR\u00c1N PROGRAMAS-.<\/strong> El mandatario enumer\u00f3 los programas federales que podr\u00e1n seguir gracias a la \u201cc\u00f3moda mayor\u00eda\u201d que Morena y sus socios\u00a0 incondicionales votar\u00e1n a favor en la C\u00e1mara de Diputados, llegado el momento de aprobar el presupuesto.<\/p>\n<p>Seguir\u00e1n las pensiones para adultos mayores, que ya son de 3 mil 100 pesos bimestrales, las becas para j\u00f3venes del futuro, los programas estelares de la Cuarta Transformaci\u00f3n como son el Tren Maya, el Aeropuerto Santa Luc\u00eda y, desde luego, la retrasada y encarecida construcci\u00f3n de la refiner\u00eda Dos Bocas.<\/p>\n<p>En cuanto al ambiente y hechos circundantes de este \u00faltimo informe del semestre -pues faltan el constitucional del uno septiembre y el del tercer a\u00f1o de su gobierno, el uno de diciembre-, no fue algo digno de consignar pues las ausencias del titular del Poder Judicial ha sido una constante de este r\u00e9gimen.<\/p>\n<p>Por espacio e importancia del tema, acerca del tribunal presidencial contra los medios se abordar\u00e1 el lunes.<\/p>\n<p><em><a href=\"mailto:elefa44@gmail.com\" target=\"_blank\" rel=\"noopener noreferrer\">elefa44@gmail.com<\/a><\/em><\/p>\n","protected":false},"excerpt":{"rendered":"<p><span style=\"color: #005497;\"><strong>Eleazar Flores<\/strong><\/span><\/p>\n","protected":false},"author":3,"featured_media":0,"comment_status":"open","ping_status":"open","sticky":false,"template":"","format":"standard","meta":{"_monsterinsights_skip_tracking":false,"_monsterinsights_sitenote_active":false,"_monsterinsights_sitenote_note":"","_monsterinsights_sitenote_category":0,"footnotes":""},"categories":[81743],"tags":[81744,81776,43674],"class_list":["post-512569","post","type-post","status-publish","format-standard","hentry","category-eleazar-flores","tag-eleazar-flores","tag-espacio-electoral","tag-opinion"],"_links":{"self":[{"href":"https:\/\/www.diarioimagen.net\/index.php?rest_route=\/wp\/v2\/posts\/512569","targetHints":{"allow":["GET"]}}],"collection":[{"href":"https:\/\/www.diarioimagen.net\/index.php?rest_route=\/wp\/v2\/posts"}],"about":[{"href":"https:\/\/www.diarioimagen.net\/index.php?rest_route=\/wp\/v2\/types\/post"}],"author":[{"embeddable":true,"href":"https:\/\/www.diarioimagen.net\/index.php?rest_route=\/wp\/v2\/users\/3"}],"replies":[{"embeddable":true,"href":"https:\/\/www.diarioimagen.net\/index.php?rest_route=%2Fwp%2Fv2%2Fcomments&post=512569"}],"version-history":[{"count":0,"href":"https:\/\/www.diarioimagen.net\/index.php?rest_route=\/wp\/v2\/posts\/512569\/revisions"}],"wp:attachment":[{"href":"https:\/\/www.diarioimagen.net\/index.php?rest_route=%2Fwp%2Fv2%2Fmedia&parent=512569"}],"wp:term":[{"taxonomy":"category","embeddable":true,"href":"https:\/\/www.diarioimagen.net\/index.php?rest_route=%2Fwp%2Fv2%2Fcategories&post=512569"},{"taxonomy":"post_tag","embeddable":true,"href":"https:\/\/www.diarioimagen.net\/index.php?rest_route=%2Fwp%2Fv2%2Ftags&post=512569"}],"curies":[{"name":"wp","href":"https:\/\/api.w.org\/{rel}","templated":true}]}}