{"id":512723,"date":"2021-07-05T00:00:45","date_gmt":"2021-07-05T05:00:45","guid":{"rendered":"https:\/\/www.diarioimagen.net\/?p=512723"},"modified":"2021-07-05T03:57:43","modified_gmt":"2021-07-05T08:57:43","slug":"acuerdo-entre-omt-y-grupo-xcaret","status":"publish","type":"post","link":"https:\/\/www.diarioimagen.net\/?p=512723","title":{"rendered":"Acuerdo entre OMT y grupo Xcaret"},"content":{"rendered":"<h2>Hora 14<\/h2>\n<h5>Mauricio Conde Olivares<\/h5>\n<p>&nbsp;<\/p>\n<p>Entre las metas de la Industria de Reuniones en M\u00e9xico, que participa con el 1.6 por ciento del PIB Nacional y 15% del PIB Tur\u00edstico, adem\u00e1s de generar m\u00e1s 900 mil empleos y 25 mil millones de d\u00f3lares anuales, tiene como prop\u00f3sito una mayor profesionalizaci\u00f3n, robustecer las marcas COMIR-CNIR, fortalecer y ampliar sus relaciones con el gobierno federal, Asociaciones, Academia e iniciativa privada, para reactivar a partir del segundo semestre del a\u00f1o a \u00e9ste sector importante para el desarrollo econ\u00f3mico y social del pa\u00eds, adem\u00e1s de que el Congreso Nacional anual (CNIR) tenga alcances latinoamericanos.<\/p>\n<p>Lo anterior se desprende de los primeros acuerdos de la reuni\u00f3n de dos d\u00edas en la Ciudad de M\u00e9xico de empresarios que tuvieron como prop\u00f3sito analizar y discutir estrategias y l\u00edneas de acci\u00f3n que integrar\u00e1n el plan de trabajo para el peri\u00f3dico 2021\u20132022 del Consejo Mexicano de la Industria de Reuniones (COMIR), que preside Alejandro Ram\u00edrez Tabche.<\/p>\n<p>Los dirigentes empresariales de la Industria de Reuniones de todo el pa\u00eds acordaron trabajar sobre cuatro puntos que contemplar\u00e1 el nuevo Plan de Trabajo del COMIR:<\/p>\n<p>1.- Desarrollar e implementar el Bar\u00f3metro (digital) estad\u00edstico del comportamiento y desempe\u00f1o de la industria de reuniones, a nivel nacional, durante el \u00faltimo cuatrimestre de 2021.<\/p>\n<p>2.- Fortalecer las marcas COMIR y CNIR.<\/p>\n<p>3.- Fomentar las relaciones p\u00fablicas en los \u00e1mbitos preponderantes del gobierno; las asociaciones; los medios de comunicaci\u00f3n; la academia, y la iniciativa privada, a trav\u00e9s de un programa puntual de comunicaci\u00f3n estrat\u00e9gica, que transmita efectivamente el profundo impacto econ\u00f3mico que aporta la industria de reuniones.<\/p>\n<p>4.- Firmar con el Gobierno Federal, un acuerdo que vincule y comprometa a las embajadas mexicanas, basadas en los 10 mayores destinos emisores, a una agenda conjunta de promoci\u00f3n.<\/p>\n<p>De esta forma, los empresarios coincidieron en ampliar los alcances del Congreso Nacional de la Industria de Reuniones (CNIR); redefinirlo y ensancharlo para que participen representantes de la Industria de Latinoam\u00e9rica, a trav\u00e9s de programas m\u00e1s intensos de capacitaci\u00f3n.<\/p>\n<p>La reuni\u00f3n del COMIR cont\u00f3 con la participaci\u00f3n de Alejandro Ram\u00edrez Tabche, presidente; Gustavo Staufert, Secretario; Mauricio Magdaleno, Tesorero y Director General del Cluster de Turismo de Nuevo Le\u00f3n; Celia Navarrete, Vocal y Presidente de AMPROFEC; Francisco Cachafeiro y Ricardo Maga\u00f1a, presidentes actual y electo de MPI; Jair L\u00f3pez, presidente de ICCA; Luis D\u00edaz, representante de AMEREF; Gerardo Matienzo, presidente de PCO MM; Jes\u00fas Aguilar, presidente de PCMA; Elda Laura Cerda, presidente AMDEMAC; Jorge Carmona, presidente de IAEE, y Ma. Antonieta G\u00e1mez, presidente de ATR.<\/p>\n<p>Entre otros temas, se propuso establecer un programa que se denomine \u201c\u00danete en M\u00e9xico\u201d, que tenga como prop\u00f3sito cambiar y redefinir la estrategia de promoci\u00f3n para el mercado nacional y luego llevarlo al internacional en alianza con las Ocv. Dicha herramienta de promoci\u00f3n a desarrollar deber\u00e1 enlazar el programa de participaci\u00f3n de la industria de reuniones.<\/p>\n<p>En la parte internacional se debe llevar a cabo una estrategia con el gobierno federal a trav\u00e9s de la Secretar\u00eda de Turismo y las embajadas mexicanas en el mundo para que el alcance tenga resultados a fin de que los eventos internacionales vengan y se organicen en M\u00e9xico.<\/p>\n<p>Por ello, COMIR elaborar\u00e1 una estrategia de promoci\u00f3n para que la cadena de valor de la Industria de reuniones se reactive lo m\u00e1s pronto posible, ya que la pandemia provocada por Covid-19, la ha afectado negativamente e incluso paralizado por m\u00e1s de un a\u00f1o. Hay que posicionarla a trav\u00e9s de una campa\u00f1a de promoci\u00f3n nacional e internacional que tenga a la marca M\u00e9xico y en la cual COMIR debe ser parte fundamental, citaron.<\/p>\n<p>Fortalecimiento de la gesti\u00f3n de vinculaci\u00f3n, cabildeo legislativo para la elaboraci\u00f3n y aprobaci\u00f3n de leyes que beneficien a la Industria de Reuniones, establecer programas de atracci\u00f3n de eventos internacionales a M\u00e9xico, establecer una estrategia de comunicaci\u00f3n unificar el mensaje de la Industria de Reuniones con un c\u00f3digo de \u00e9tica que permee entre las instancias de gobierno, asociaciones, iniciativa privada y la propia sociedad, son otros de los compromisos de la COMIR.<\/p>\n<p>Dichos acuerdos y compromisos se establecieron en un documento final que ser\u00e1 dado a conocer a los socios de COMIR, que est\u00e1 integrada por 15 asociaciones.<\/p>\n<p>En la reuni\u00f3n estrat\u00e9gica de los empresarios dirigentes de la Industria de Reuniones para la elaboraci\u00f3n del Plan de Trabajo COMIR 2021-2022, estuvieron presentes tambi\u00e9n la facilitadora, Nayra Mendoza, y la directora de COMIR, Ana\u00ed Cruz, con el patrocinio de la empresa de audio Encore M\u00e9xico.<\/p>\n<p>Por otra parte, le comento que el Secretario de Turismo del Gobierno de M\u00e9xico, Miguel Torruco Marqu\u00e9s, y el Gobernador de Quintana Roo, Carlos Joaqu\u00edn Gonz\u00e1lez, fueron testigos de honor en el Memorando de Entendimiento que firmaron el Grupo Xcaret y la Organizaci\u00f3n Mundial del Turismo (OMT).<\/p>\n<p>El acuerdo, que busca mejorar la cooperaci\u00f3n entre ambas instancias para alcanzar objetivos comunes, fue suscrito por Miguel Quintana Pali, Director General de la empresa mexicana Grupo Xcaret, y por el Secretario General de la OMT, Zurab Pololikashvili.<\/p>\n<p>Explicaron que los puntos clave de este Memorando de Entendimiento son:<\/p>\n<p>La conservaci\u00f3n y promoci\u00f3n del patrimonio natural y cultural a trav\u00e9s del turismo.<\/p>\n<p>La promoci\u00f3n del turismo sostenible y la responsabilidad social del sector privado tur\u00edstico para promover la diversidad cultural.<\/p>\n<p>El fomento del cuidado y respeto por el medio ambiente y las pr\u00e1cticas innovadoras tur\u00edsticas.<\/p>\n<p>El intercambio de conocimiento y buenas pr\u00e1cticas con el fin de concienciar sobre sostenibilidad en el sector tur\u00edstico.<\/p>\n<p>Asimismo, de acuerdo al programa de trabajo de las partes y a las disposiciones de este Memorando, la OMT y el Grupo Xcaret cooperar\u00e1n en la ejecuci\u00f3n de proyectos que incluyan alguna de las siguientes \u00e1reas:<\/p>\n<p>Apoyar en el fomento de la investigaci\u00f3n, implementaci\u00f3n y difusi\u00f3n de proyectos innovadores en el sector tur\u00edstico.<\/p>\n<p>Promover los valores para un turismo sostenible, inclusivo y accesible para todos en el marco de actividades conjuntas.<\/p>\n<p>Trabajar conjuntamente en actividades de inter\u00e9s com\u00fan, relacionadas con la conservaci\u00f3n del patrimonio natural y cultural a trav\u00e9s del turismo.<\/p>\n<p>Cooperar para el desarrollo e implementaci\u00f3n de conferencias y eventos que apoyen el objetivo de este Memorando, especialmente en campos afines a la econom\u00eda creativa, como el sector del entretenimiento o la producci\u00f3n audiovisual.<\/p>\n<p>En otro orden, le informo que la asociaci\u00f3n civil Causa Com\u00fan extern\u00f3 que a dos a\u00f1os de su puesta en operaci\u00f3n, la Guardia Nacional es una extensi\u00f3n de las Fuerzas Armadas, a la que adem\u00e1s suma sus 46 atribuciones.<\/p>\n<p>El crimen y la violencia no han disminuido, como lo acreditan las cifras oficiales que difunde el Secretariado Ejecutivo del Sistema Nacional de Seguridad P\u00fablica. La impunidad con que act\u00faan bandas de asesinos, permite la multiplicaci\u00f3n de matanzas en distintos estados del pa\u00eds, explic\u00f3.<\/p>\n<p>Por ello, difundi\u00f3 que no se requieren despliegues militares, sino de polic\u00edas con atribuciones y capacidades de investigaci\u00f3n, de vinculaci\u00f3n ciudadana y apoyados en una aut\u00e9ntica pol\u00edtica de prevenci\u00f3n. Ante todo, se requiere, que el gobierno federal asuma su responsabilidad de enfrentar a los grupos criminales.<\/p>\n<p>Causa Com\u00fan argument\u00f3 que el gobierno federal promueve un marco de actuaci\u00f3n militar deliberadamente ambiguo, discrecional y sin controles. Por una parte, se construye una corporaci\u00f3n militar y no civil, y, por otra parte, se desnaturaliza la instituci\u00f3n castrense otorg\u00e1ndole una responsabilidad policial. No s\u00f3lo se le otorgaron a las Fuerzas Armadas responsabilidades de seguridad p\u00fablica a nivel constitucional, sino que absorben las 46 funciones que se establecieron para la Guardia Nacional. Ahora, el presidente de la Rep\u00fablica anuncia la intenci\u00f3n de que la \u201cnueva\u201d corporaci\u00f3n se integre formalmente a las Fuerzas Armadas, lo que consumar\u00eda el enga\u00f1o pol\u00edtico de ofrecer una corporaci\u00f3n civil, y el fraude a la Constituci\u00f3n; empero, lo anterior ser\u00e1 motivo de posterior an\u00e1lisis en otra entrega de <strong><em>Hora 14<\/em><\/strong>.<\/p>\n<p><em><a href=\"mailto:%20mauricio_conde@msn.com\" target=\"_blank\" rel=\"noopener noreferrer\">mauricioconde59@outlook.com<\/a><\/em><br \/>\n<em><a href=\"https:\/\/twitter.com\/mauconde007\" target=\"_blank\" rel=\"noopener noreferrer\">@mauconde007<\/a> <\/em><br \/>\n<em><a href=\"https:\/\/mauriciocondeblog.wordpress.com\" target=\"_blank\" rel=\"noopener noreferrer\">https:\/\/mauriciocondeblog.wordpress.com<\/a><\/em><\/p>\n","protected":false},"excerpt":{"rendered":"<p><span style=\"color: #005497;\"><strong>Mauricio Conde Olivares<\/strong><\/span><\/p>\n","protected":false},"author":3,"featured_media":0,"comment_status":"open","ping_status":"open","sticky":false,"template":"","format":"standard","meta":{"_monsterinsights_skip_tracking":false,"_monsterinsights_sitenote_active":false,"_monsterinsights_sitenote_note":"","_monsterinsights_sitenote_category":0,"footnotes":""},"categories":[35889],"tags":[43712,43674,44860],"class_list":["post-512723","post","type-post","status-publish","format-standard","hentry","category-mauricio-conde-olivares","tag-mauricio-conde-olivares","tag-opinion","tag-hora-14"],"_links":{"self":[{"href":"https:\/\/www.diarioimagen.net\/index.php?rest_route=\/wp\/v2\/posts\/512723","targetHints":{"allow":["GET"]}}],"collection":[{"href":"https:\/\/www.diarioimagen.net\/index.php?rest_route=\/wp\/v2\/posts"}],"about":[{"href":"https:\/\/www.diarioimagen.net\/index.php?rest_route=\/wp\/v2\/types\/post"}],"author":[{"embeddable":true,"href":"https:\/\/www.diarioimagen.net\/index.php?rest_route=\/wp\/v2\/users\/3"}],"replies":[{"embeddable":true,"href":"https:\/\/www.diarioimagen.net\/index.php?rest_route=%2Fwp%2Fv2%2Fcomments&post=512723"}],"version-history":[{"count":0,"href":"https:\/\/www.diarioimagen.net\/index.php?rest_route=\/wp\/v2\/posts\/512723\/revisions"}],"wp:attachment":[{"href":"https:\/\/www.diarioimagen.net\/index.php?rest_route=%2Fwp%2Fv2%2Fmedia&parent=512723"}],"wp:term":[{"taxonomy":"category","embeddable":true,"href":"https:\/\/www.diarioimagen.net\/index.php?rest_route=%2Fwp%2Fv2%2Fcategories&post=512723"},{"taxonomy":"post_tag","embeddable":true,"href":"https:\/\/www.diarioimagen.net\/index.php?rest_route=%2Fwp%2Fv2%2Ftags&post=512723"}],"curies":[{"name":"wp","href":"https:\/\/api.w.org\/{rel}","templated":true}]}}