{"id":512735,"date":"2021-07-05T00:05:24","date_gmt":"2021-07-05T05:05:24","guid":{"rendered":"https:\/\/www.diarioimagen.net\/?p=512735"},"modified":"2021-07-05T04:25:43","modified_gmt":"2021-07-05T09:25:43","slug":"quien-es-quien-en-las-mentiras-2","status":"publish","type":"post","link":"https:\/\/www.diarioimagen.net\/?p=512735","title":{"rendered":"Qui\u00e9n es qui\u00e9n en las mentiras"},"content":{"rendered":"<h2>Perfil de M\u00e9xico<\/h2>\n<h5>Armando R\u00edos Ruiz<\/h5>\n<p>&nbsp;<\/p>\n<p>Dicen que cada pa\u00eds tiene el mandatario que merece. En el caso de M\u00e9xico, a lo mejor el pa\u00eds padece un karma de enormes dimensiones que est\u00e1 obligado a pagar, aunque no merezca a los mandatarios que ha tenido. A lo mejor los ha merecido, por culpa de una gran parte de sus habitantes que no se ha preocupado por prepararse para votar. Para analizar qui\u00e9n le conviene y qui\u00e9n no.<\/p>\n<p>M\u00e9xico tiene hoy un Presidente personalista, aut\u00f3crata como los emperadores rusos. Vengativo, acomplejado, personalista, ineficiente\u2026 Avalado por un nutrido grupo de personas que luce su ignorancia ahora que hay redes sociales, cuando contravienen a alguien que se expresa mal del que ejerce el poder. Con mentadas de madre o con disparates. Pero que enmudecen cuando se les esgrime el argumento menos ingenioso, inclusive.<\/p>\n<p>El mi\u00e9rcoles pasado inaugur\u00f3 un nuevo espacio dentro de sus conferencias aburridas, que result\u00f3 un verdadero fiasco. Se llama \u201cQui\u00e9n es Qui\u00e9n en las mentiras\u201d y s\u00f3lo el t\u00edtulo revela que si hubiera realmente una competencia entre quien imagin\u00f3 semejante estupidez y la prensa, ganar\u00eda sobradamente el mismo inventor, a quien m\u00faltiples empresas que lo observan atribuyen un promedio que oscila entre 80 y 85 mentiras cada ma\u00f1ana.<\/p>\n<p>Porque adem\u00e1s, por corta que sea su expresi\u00f3n, siempre incluye una. Esto tambi\u00e9n revela una enfermedad que, como el marido traicionado por la esposa, ignora que la padece. Pero la ignora por contar adem\u00e1s con otro defecto muy visible para los que ven: es megal\u00f3mano. Est\u00e1 convencido de su perfecci\u00f3n y de que, en \u00faltima instancia,\u00a0 en materia de excelencia s\u00f3lo Dios podr\u00eda competir con \u00e9l.<\/p>\n<p>Dej\u00f3 ver claramente que tiene un tino preciso para escoger a quienes le ayudan en cada tarea. La encargada del tema es Elizabeth Garc\u00eda Vilchis, qui\u00e9n hizo un verdadero espect\u00e1culo de ignorancia sobre su conocimiento de la prensa, al encontrar y presentar mentiras que no lo son.<\/p>\n<p>Lanz\u00f3 denuestos por todos lados. Inclusive cit\u00f3 notas en contra del redentor de Macuspana, que se escribieron antes de que fuera Presidente de M\u00e9xico y escritas para se\u00f1alar errores de Pe\u00f1a Nieto. Es tal el tino, que se vio exactamente igual que \u201cLord Mol\u00e9cula\u201d, quien en una ocasi\u00f3n recibi\u00f3 orden de investigar a \u201cBrozo\u201d. Una vez que tuvo la informaci\u00f3n, dio a conocer una biograf\u00eda utilizada para hacer escarnio del conocido histri\u00f3n pol\u00edtico.<\/p>\n<p>Dec\u00eda que c\u00f3mo no iba a ser un tipo resentido, si su madre lo trajo al mundo en una c\u00e1rcel, en donde creci\u00f3. Resulta que la brillante investigaci\u00f3n lo llev\u00f3 a conocer la biograf\u00eda que V\u00edctor Trujillo hab\u00eda inventado para su personaje. As\u00ed de suficiente es el profesionalismo del rid\u00edculo periodista inventado por la mente luminosa del vocero presidencial, que la dio por cierta.<\/p>\n<p>Durante la presentaci\u00f3n del programa, se refirieron a una supuesta mentira de uno de los columnistas m\u00e1s completos y sesudos, de M\u00e9xico: Raymundo Rivapalacio. Con poco de observador, cualquiera puede afirmar que entre la inteligencia del mandatario y la del periodista hay un abismo de diferencia. Si hubiera un \u201cinteligent\u00f3metro\u201d o un aparato para medir la capacidad de lucidez, descubrir\u00edamos una ventaja de por lo menos 90 por ciento del periodista.<\/p>\n<p>Si el inventor del programa fuera inteligente, hubiera percibido de antemano que, \u201cQuien es Qui\u00e9n en las mentiras\u201d, es una exhibici\u00f3n en la que quien ostenta el campeonato de supremo mentiroso, es \u00e9l mismo. Que es una p\u00e9rdida miserable de tiempo, que bien podr\u00eda aprovecharse en cuestiones m\u00e1s importantes. Pero precisamente, se estima que el invento es un distractor para no abordar los temas que de veras incumben a los mexicanos.<\/p>\n<p>Sus huestes deben bailar de gusto. Es lo que gustan o\u00edr y ver. Es mucho m\u00e1s interesante esperar circos como \u00e9ste y la d\u00e1diva bimestral para se\u00f1alar a su benefactor como el mejor presidente del mundo, que la realidad que crucifica a M\u00e9xico, falto de medicinas, entregado a la delincuencia, con una econom\u00eda en el piso y con muchos otros problemas que urge remediar.<\/p>\n<p><a href=\"mailto:ariosruiz@gmail.com\" target=\"_blank\" rel=\"noopener noreferrer\"><em>ariosruiz@gmail.com<\/em><\/a><\/p>\n","protected":false},"excerpt":{"rendered":"<p><span style=\"color: #005497;\"><strong>Armando R\u00edos Ruiz<\/strong><\/span><\/p>\n","protected":false},"author":3,"featured_media":0,"comment_status":"open","ping_status":"open","sticky":false,"template":"","format":"standard","meta":{"_monsterinsights_skip_tracking":false,"_monsterinsights_sitenote_active":false,"_monsterinsights_sitenote_note":"","_monsterinsights_sitenote_category":0,"footnotes":""},"categories":[88405],"tags":[88407,43674,91193],"class_list":["post-512735","post","type-post","status-publish","format-standard","hentry","category-armando-rios-ruiz","tag-armando-rios-ruiz","tag-opinion","tag-perfil-de-mexico"],"_links":{"self":[{"href":"https:\/\/www.diarioimagen.net\/index.php?rest_route=\/wp\/v2\/posts\/512735","targetHints":{"allow":["GET"]}}],"collection":[{"href":"https:\/\/www.diarioimagen.net\/index.php?rest_route=\/wp\/v2\/posts"}],"about":[{"href":"https:\/\/www.diarioimagen.net\/index.php?rest_route=\/wp\/v2\/types\/post"}],"author":[{"embeddable":true,"href":"https:\/\/www.diarioimagen.net\/index.php?rest_route=\/wp\/v2\/users\/3"}],"replies":[{"embeddable":true,"href":"https:\/\/www.diarioimagen.net\/index.php?rest_route=%2Fwp%2Fv2%2Fcomments&post=512735"}],"version-history":[{"count":0,"href":"https:\/\/www.diarioimagen.net\/index.php?rest_route=\/wp\/v2\/posts\/512735\/revisions"}],"wp:attachment":[{"href":"https:\/\/www.diarioimagen.net\/index.php?rest_route=%2Fwp%2Fv2%2Fmedia&parent=512735"}],"wp:term":[{"taxonomy":"category","embeddable":true,"href":"https:\/\/www.diarioimagen.net\/index.php?rest_route=%2Fwp%2Fv2%2Fcategories&post=512735"},{"taxonomy":"post_tag","embeddable":true,"href":"https:\/\/www.diarioimagen.net\/index.php?rest_route=%2Fwp%2Fv2%2Ftags&post=512735"}],"curies":[{"name":"wp","href":"https:\/\/api.w.org\/{rel}","templated":true}]}}