{"id":512764,"date":"2021-07-05T00:12:15","date_gmt":"2021-07-05T05:12:15","guid":{"rendered":"https:\/\/www.diarioimagen.net\/?p=512764"},"modified":"2021-07-05T05:03:18","modified_gmt":"2021-07-05T10:03:18","slug":"pese-a-sus-rezagos-mexico-hoy-puede-crecer-economicamente","status":"publish","type":"post","link":"https:\/\/www.diarioimagen.net\/?p=512764","title":{"rendered":"Pese a sus rezagos, M\u00e9xico hoy puede crecer econ\u00f3micamente\u00a0"},"content":{"rendered":"<h2>Tras la puerta del poder<\/h2>\n<h5>Roberto Vizca\u00edno<\/h5>\n<p>&nbsp;<\/p>\n<p>A contrapelo del informe triunfalista de <strong>AMLO<\/strong> por el tercer a\u00f1o de su triunfo, <strong>Ricardo Monreal<\/strong> indic\u00f3 que <strong>campo y seguridad p\u00fablica<\/strong> -donde ejecutados y masacres se multiplican d\u00eda a d\u00eda-, son a\u00fan asignaturas pendientes de este gobierno.<\/p>\n<p>Sin embargo, confi\u00f3 en que ambos rezagos ser\u00e1n superados pronto, indic\u00f3 al dar a conocer un nuevo libro cuyo t\u00edtulo lo dice todo: <strong><em>Otro campo es posible<\/em><\/strong>.<\/p>\n<p>\u201cEl sector agropecuario mexicano est\u00e1 lejos de ser un problema, al contrario, representa una esperanza para reivindicar al campo mexicano y una soluci\u00f3n para el pa\u00eds.<\/p>\n<p>\u201cMi origen es campesino, fuimos 14 integrantes de familia, en una comunidad que se llama Puebla del Palmar, cerca de Plateros, en Fresnillo, Zacatecas. Me siento muy orgulloso de mi origen&#8230;\u201d<\/p>\n<p>Una acotaci\u00f3n personal que podr\u00eda ser importante si su destino le depara -\u00bfpor qu\u00e9 no?-, cumplir con una tarea superior que hoy ya no se ve tan lejana.<\/p>\n<p>Por lo pronto, y en otro tema, en un an\u00e1lisis subido a su p\u00e1gina web, el presidente de la Junta de Coordinaci\u00f3n Pol\u00edtica del Senado considera que el momento que vive hoy M\u00e9xico en materia econ\u00f3mica abre oportunidades insospechadas de crecimiento.<\/p>\n<p>Por ello, afirm\u00f3, desde el Senado crearemos el mejor entorno legal posible que apoye el desarrollo econ\u00f3mico, en especial aquel que atienda los rezagos de la poblaci\u00f3n menos favorecida.<\/p>\n<p>Justo hoy, es momento de aprovechar, agrega, el \u00e1nimo de inversionistas internacionales y de las empresas manufactureras, que buscan diversificar su dependencia comercial de China y ubicar sus centros de producci\u00f3n y distribuci\u00f3n m\u00e1s cerca de sus principales mercados, especialmente Estados Unidos.<\/p>\n<p>Vale la pena se\u00f1alar, dijo, que el manejo responsable de las finanzas p\u00fablicas y la disciplina fiscal, ubican a M\u00e9xico en una posici\u00f3n m\u00e1s favorable que la de sus socios comerciales.<\/p>\n<p>\u201cHemos avanzado a buen paso para salir de esta crisis por la pandemia que tuvo consecuencias devastadoras en el mundo, tanto en la salud de sus habitantes, como en el desarrollo de las econom\u00edas.<\/p>\n<p>\u201cSin dudas, existen elementos para ser optimistas: por un lado, las condiciones estructurales de la econom\u00eda y, por el otro, el dinamismo de la producci\u00f3n nacional y del comercio exterior\u201d, subray\u00f3.<\/p>\n<p>Apunt\u00f3 que las estimaciones de crecimiento econ\u00f3mico pronostican hoy un aumento del cinco por ciento en el Producto Interno Bruto adem\u00e1s de una recuperaci\u00f3n m\u00e1s alta de la que se anticipaba.<\/p>\n<p>Proyecciones de Inegi indican, dijo, que en mayo anterior el comercio exterior total de M\u00e9xico registr\u00f3 un crecimiento en las exportaciones de 125 por ciento y las importaciones, 87 puntos porcentuales, en comparaci\u00f3n con el mismo mes de 2020.<\/p>\n<p>Por lo pronto, el consumo se ha recuperado y da se\u00f1ales de que continuar\u00e1 en ascenso, mientras que se recuperan empleo y el dinamismo en la producci\u00f3n.<\/p>\n<p>Si bien el consumo y las exportaciones apuntalan el crecimiento, son las inversiones el factor que permitir\u00e1n sostenerlo en el mediano y el largo plazos, asegur\u00f3.<\/p>\n<p>Sin duda en todo lo anterior, dijo, cuenta que M\u00e9xico tenga un sector privado muy din\u00e1mico en lo interno como en lo externo que junto al T-MEC crean una poderosa se\u00f1al de certidumbre.<\/p>\n<p style=\"text-align: center;\"><strong>Reclamo coincide con informe<\/strong><\/p>\n<p>En forma coincidente, casi al parejo de que Monreal reclamaba a Estados Unidos una agenda bilateral para frenar el tr\u00e1fico il\u00edcito de armas, desde Laredo Texas, el gobierno de <strong>Joe Biden<\/strong> anunciaba la incautaci\u00f3n de mil 125 armas de fuego, m\u00e1s de 680 mil cartuchos, 28 millones de d\u00f3lares en efectivo y capturaba a 410 responsables.<\/p>\n<p>A trav\u00e9s de Aduanas y Protecci\u00f3n Fronteriza y el Departamento de Seguridad se dio a conocer la \u201cOperaci\u00f3n Sin Rastro\u201d, para combatir el contrabando de armas en especial a M\u00e9xico.<\/p>\n<p>Desplegado a lo largo de la frontera con M\u00e9xico, indicaron, este programa ha realizado unas 500 investigaciones y 542 armas incautadas.<\/p>\n<p><strong>Monreal <\/strong>adelantaba el pasado fin de semana que, desde el Senado, se impulsar\u00eda un punto de acuerdo para exigirle a EU detener este grave problema que es catalizador de la violencia en M\u00e9xico.<\/p>\n<p><em><a href=\"mailto:rvizcainoa@gmail.com\" target=\"_blank\" rel=\"noopener noreferrer\">rvizcainoa@gmail.com<\/a><br \/>\n<u><a href=\"http:\/\/endirecto.mx\" target=\"_blank\" rel=\"noopener noreferrer\">www.endirecto.mx<\/a><br \/>\n<a href=\"https:\/\/twitter.com\/_rvizcaino\" target=\"_blank\" rel=\"noopener noreferrer\">@_RVizcaino<\/a><br \/>\n<a href=\"https:\/\/www.facebook.com\/rvizcainoa\" target=\"_blank\" rel=\"noopener noreferrer\">facebook.com\/rvizcainoa<\/a><\/u><\/em><\/p>\n","protected":false},"excerpt":{"rendered":"<p><span style=\"color: #005497;\"><strong>Roberto Vizca\u00edno<\/strong><\/span><br \/>\n<br \/>\nA contrapelo del informe triunfalista de <strong>AMLO<\/strong> por el tercer a\u00f1o de su triunfo, <strong>Ricardo Monreal<\/strong> indic\u00f3 que <strong>campo y seguridad p\u00fablica<\/strong> -donde ejecutados y masacres se multiplican d\u00eda a d\u00eda-, son a\u00fan asignaturas pendientes de este gobierno.<\/p>\n","protected":false},"author":3,"featured_media":0,"comment_status":"open","ping_status":"open","sticky":false,"template":"","format":"standard","meta":{"_monsterinsights_skip_tracking":false,"_monsterinsights_sitenote_active":false,"_monsterinsights_sitenote_note":"","_monsterinsights_sitenote_category":0,"footnotes":""},"categories":[136],"tags":[43674,93,94],"class_list":["post-512764","post","type-post","status-publish","format-standard","hentry","category-roberto-vizcaino-opinion","tag-opinion","tag-roberto-vizcaino","tag-tras-la-puerta-del-poder"],"_links":{"self":[{"href":"https:\/\/www.diarioimagen.net\/index.php?rest_route=\/wp\/v2\/posts\/512764","targetHints":{"allow":["GET"]}}],"collection":[{"href":"https:\/\/www.diarioimagen.net\/index.php?rest_route=\/wp\/v2\/posts"}],"about":[{"href":"https:\/\/www.diarioimagen.net\/index.php?rest_route=\/wp\/v2\/types\/post"}],"author":[{"embeddable":true,"href":"https:\/\/www.diarioimagen.net\/index.php?rest_route=\/wp\/v2\/users\/3"}],"replies":[{"embeddable":true,"href":"https:\/\/www.diarioimagen.net\/index.php?rest_route=%2Fwp%2Fv2%2Fcomments&post=512764"}],"version-history":[{"count":0,"href":"https:\/\/www.diarioimagen.net\/index.php?rest_route=\/wp\/v2\/posts\/512764\/revisions"}],"wp:attachment":[{"href":"https:\/\/www.diarioimagen.net\/index.php?rest_route=%2Fwp%2Fv2%2Fmedia&parent=512764"}],"wp:term":[{"taxonomy":"category","embeddable":true,"href":"https:\/\/www.diarioimagen.net\/index.php?rest_route=%2Fwp%2Fv2%2Fcategories&post=512764"},{"taxonomy":"post_tag","embeddable":true,"href":"https:\/\/www.diarioimagen.net\/index.php?rest_route=%2Fwp%2Fv2%2Ftags&post=512764"}],"curies":[{"name":"wp","href":"https:\/\/api.w.org\/{rel}","templated":true}]}}