{"id":512841,"date":"2021-07-06T00:07:43","date_gmt":"2021-07-06T05:07:43","guid":{"rendered":"https:\/\/www.diarioimagen.net\/?p=512841"},"modified":"2021-07-07T00:34:22","modified_gmt":"2021-07-07T05:34:22","slug":"axel-garcia-estudiante-de-la-uaem-emprende-en-el-diseno-fabricacion-y-personalizacion-de-sneakers","status":"publish","type":"post","link":"https:\/\/www.diarioimagen.net\/?p=512841","title":{"rendered":"Axel Garc\u00eda, estudiante de la UAEM, emprende en el dise\u00f1o, fabricaci\u00f3n y personalizaci\u00f3n de <em>sneakers<\/em>"},"content":{"rendered":"<p>&nbsp;<\/p>\n<ul>\n<li><strong><em>El estudiante del s\u00e9ptimo semestre de la carrera de Ingenier\u00eda Industrial del Centro Universitario UAEM Valle de M\u00e9xico emprendi\u00f3 en marzo de 2020 Barry, que pretende impulsar la creatividad de los j\u00f3venes, quienes pueden dise\u00f1ar sus propios sneakers y generar ingresos<\/em><\/strong><\/li>\n<\/ul>\n<p>&nbsp;<\/p>\n<div id=\"attachment_512914\" style=\"width: 470px\" class=\"wp-caption aligncenter\"><a href=\"https:\/\/www.diarioimagen.net\/?attachment_id=512914\" rel=\"attachment wp-att-512914\"><img loading=\"lazy\" decoding=\"async\" aria-describedby=\"caption-attachment-512914\" class=\"size-full wp-image-512914\" src=\"https:\/\/www.diarioimagen.net\/wp-content\/uploads\/2021\/07\/Uaem-1.jpg\" alt=\"\" width=\"460\" height=\"270\" \/><\/a><p id=\"caption-attachment-512914\" class=\"wp-caption-text\">Axel Garc\u00eda Gonz\u00e1lez refiri\u00f3 que esta idea de negocio estuvo influenciada por la actividad de sus padres, que son productores de zapato.<\/p><\/div>\n<p>&nbsp;<\/p>\n<p><strong>San Mateo Atenco, Estado de M\u00e9xico.\u2013<\/strong> Axel Garc\u00eda Gonz\u00e1lez, estudiante del s\u00e9ptimo semestre de la carrera de Ingenier\u00eda Industrial del Centro Universitario Valle de M\u00e9xico de la Universidad Aut\u00f3noma del Estado de M\u00e9xico (UAEM), emprendi\u00f3 en marzo de 2020 <em>Barry<\/em>, empresa dedicada al dise\u00f1o, fabricaci\u00f3n y personalizaci\u00f3n de <em>sneakers<\/em> (tenis).<\/p>\n<p>El joven universitario, de 20 a\u00f1os de edad y oriundo del municipio mexiquense de San Mateo Atenco, refiri\u00f3 que esta idea de negocio estuvo influenciada por la actividad de sus padres, que son productores de zapato y siempre tuvo el sue\u00f1o de tener su propia marca de calzado.<\/p>\n<p>El confinamiento sanitario por la pandemia de Covid-19, relat\u00f3, \u201cfue la oportunidad ideal para hacer realidad esta inquietud y para ello, me acerqu\u00e9 a la Incubadora de Empresas del Centro Universitario UAEM Valle de M\u00e9xico, donde me brindaron la asesor\u00eda adecuada para afinar mi idea y determinar que me avocar\u00eda a la personalizaci\u00f3n de sneakers\u201d.<\/p>\n<p><em>Barry<\/em>, puntualiz\u00f3, pretende impulsar la creatividad de los j\u00f3venes, quienes pueden dise\u00f1ar sus propios <em>sneakers<\/em> y generar ingresos, ya que ellos nos pueden enviar su propuesta, cuya viabilidad es evaluada por un dise\u00f1ador y de proceder, se inicia el trabajo conjunto para elegir la suela, los materiales -naturales o sint\u00e9ticos-, el color, las agujetas e incluso, el tipo de plantilla.<\/p>\n<p>Una vez a la venta, abund\u00f3, parte de los ingresos es para el autor del dise\u00f1o original. \u201cBuscamos que los j\u00f3venes, a trav\u00e9s del calzado, proyecten su personalidad, su estilo de vida\u201d.<\/p>\n<p>A mediados del mes de junio, indic\u00f3, inici\u00f3 la venta de Barry a trav\u00e9s de redes sociales y en la Plaza Azul de San Mateo Atenco; pr\u00f3ximamente mediante la p\u00e1gina web de la marca. \u201cBuscamos rentabilidad, as\u00ed que por ahora pusimos a la venta los dise\u00f1os con los que contamos y los clientes han expresado su gusto por los colores, los materiales y la comodidad\u201d.<\/p>\n<p>Reconoci\u00f3 que el respaldo de la Incubadora de Empresas de la UAEM y en particular de su asesora, Gilda Miranda, le ha permitido asistir a diversos eventos y buscar apoyo financiero a trav\u00e9s de su participaci\u00f3n en concursos de emprendimiento. \u201cPara m\u00ed ha sido un excelente a\u00f1o, ya que incluso he establecido alianzas y colaboraciones con tres marcas: Najjat Harb (marca de ropa espa\u00f1ola); AVI MX, agencia de marketing, y SOYY, una plataforma que brinda beneficios por la compra de mi producto\u201d.<\/p>\n<p>Detall\u00f3 que el Team Barry est\u00e1 conformado por ocho personas, incluido su padre, Edmundo Garc\u00eda, cofundador de la marca y dise\u00f1ador: dos personas en el \u00e1rea de dise\u00f1o, dos en producci\u00f3n y cuatro en el \u00e1rea de comercializaci\u00f3n y redes sociales.<\/p>\n<p>Axel Garc\u00eda Gonz\u00e1lez participa en el certamen Naucalpan Emprende de la Incubadora Empresarial del municipio de Naucalpan, Estado de M\u00e9xico, y en el siguiente link puedes apoyarlo con un like: <em>https:\/\/m.facebook.com\/story.php?story_fbid=173160941486060&amp;id=100063764641752&amp;sfnsn=scwspwa<\/em>.<\/p>\n","protected":false},"excerpt":{"rendered":"<p>Axel Garc\u00eda Gonz\u00e1lez, estudiante del s\u00e9ptimo semestre de la carrera de Ingenier\u00eda Industrial del Centro Universitario Valle de M\u00e9xico de la Universidad Aut\u00f3noma del Estado de M\u00e9xico (UAEM), emprendi\u00f3 en marzo de 2020 <em>Barry<\/em>, empresa dedicada al dise\u00f1o, fabricaci\u00f3n y personalizaci\u00f3n de <em>sneakers<\/em> (tenis).<\/p>\n","protected":false},"author":3,"featured_media":512914,"comment_status":"open","ping_status":"open","sticky":false,"template":"","format":"standard","meta":{"_monsterinsights_skip_tracking":false,"_monsterinsights_sitenote_active":false,"_monsterinsights_sitenote_note":"","_monsterinsights_sitenote_category":0,"footnotes":""},"categories":[5],"tags":[93294,93295,43675,6776,1491],"class_list":["post-512841","post","type-post","status-publish","format-standard","has-post-thumbnail","hentry","category-estado-de-mexico","tag-axel-garcia","tag-emprende","tag-estado-de-mexico","tag-san-mateo-atenco","tag-uaem"],"_links":{"self":[{"href":"https:\/\/www.diarioimagen.net\/index.php?rest_route=\/wp\/v2\/posts\/512841","targetHints":{"allow":["GET"]}}],"collection":[{"href":"https:\/\/www.diarioimagen.net\/index.php?rest_route=\/wp\/v2\/posts"}],"about":[{"href":"https:\/\/www.diarioimagen.net\/index.php?rest_route=\/wp\/v2\/types\/post"}],"author":[{"embeddable":true,"href":"https:\/\/www.diarioimagen.net\/index.php?rest_route=\/wp\/v2\/users\/3"}],"replies":[{"embeddable":true,"href":"https:\/\/www.diarioimagen.net\/index.php?rest_route=%2Fwp%2Fv2%2Fcomments&post=512841"}],"version-history":[{"count":0,"href":"https:\/\/www.diarioimagen.net\/index.php?rest_route=\/wp\/v2\/posts\/512841\/revisions"}],"wp:featuredmedia":[{"embeddable":true,"href":"https:\/\/www.diarioimagen.net\/index.php?rest_route=\/wp\/v2\/media\/512914"}],"wp:attachment":[{"href":"https:\/\/www.diarioimagen.net\/index.php?rest_route=%2Fwp%2Fv2%2Fmedia&parent=512841"}],"wp:term":[{"taxonomy":"category","embeddable":true,"href":"https:\/\/www.diarioimagen.net\/index.php?rest_route=%2Fwp%2Fv2%2Fcategories&post=512841"},{"taxonomy":"post_tag","embeddable":true,"href":"https:\/\/www.diarioimagen.net\/index.php?rest_route=%2Fwp%2Fv2%2Ftags&post=512841"}],"curies":[{"name":"wp","href":"https:\/\/api.w.org\/{rel}","templated":true}]}}