{"id":512881,"date":"2021-07-06T00:02:11","date_gmt":"2021-07-06T05:02:11","guid":{"rendered":"https:\/\/www.diarioimagen.net\/?p=512881"},"modified":"2021-07-06T04:36:54","modified_gmt":"2021-07-06T09:36:54","slug":"sucesion-en-morena-provoca-division-monreal","status":"publish","type":"post","link":"https:\/\/www.diarioimagen.net\/?p=512881","title":{"rendered":"Sucesi\u00f3n en Morena provoca divisi\u00f3n: Monreal"},"content":{"rendered":"<h2>La Retaguardia<\/h2>\n<h5>Adriana Moreno Cordero<\/h5>\n<p><em>\u00a0<\/em><\/p>\n<ul>\n<li><em><strong>No hay que descartarlo; Ricardo Salinas convoca a j\u00f3venes a defender nuestra libertad<\/strong><\/em><\/li>\n<\/ul>\n<p>&nbsp;<\/p>\n<p>Luego de las elecciones del 6 de junio pasado, el presidente <strong>Andr\u00e9s Manuel L\u00f3pez Obrador<\/strong>, pr\u00e1cticamente ya hab\u00eda dado el banderazo de salida a la carrera presidencial de 2024. Ayer, con la presencia de <strong>Jorge Ramos<\/strong> en el gustad\u00edsimo \u201cstand-up\u201d ma\u00f1anero, que por cierto, de nueva cuenta cuestion\u00f3 al inquilino de Palacio Nacional, a lo que \u00e9ste \u00faltimo s\u00f3lo acertaba a decir su cl\u00e1sica y profunda frase: \u201cyo tengo otros datos\u201d y cada vez que ten\u00eda que responder sobre los grandes pendientes de esta llamada y errada Cuarta Transformaci\u00f3n, se hac\u00eda m\u00e1s y m\u00e1s visible su enojo e impotencia, L\u00f3pez Obrador se vio obligado a hablar de qui\u00e9n podr\u00eda ser su sucesor, o sucesora.<\/p>\n<p>Es bien sabido de la apapachada que sus correligionarios le dieron a la jefa del gobierno de la Ciudad de M\u00e9xico, <strong>Claudia Sheinbaum<\/strong>, la semana pasada en el Auditorio Nacional, llam\u00e1ndola \u201cpresidenta\u201d a lo que la funcionaria, que pidi\u00f3 \u201cd\u00eda econ\u00f3mico\u201d para poder estar a sus anchas, negaba con la cabeza y luego declar\u00f3 que est\u00e1 totalmente dedicada a gobernar a la capital de la Rep\u00fablica (qu\u00e9 tal que no lo estuviera).<\/p>\n<p>Por su parte, al siempre flamante secretario de Relaciones Exteriores, <strong>Marcelo Ebrard<\/strong>, lo mandaron a una especie de \u201cmini exilio\u201d; esta vez no a Francia, sino a andar viajando por diferentes pa\u00edses con el pretexto de traer las vacunas contra la Covid-19, esto, porque pesan demasiado los se\u00f1alamientos sobre el canciller, en relaci\u00f3n a la tragedia de la L\u00ednea 12 del Metro, problema que tampoco se ha podido sacudir la se\u00f1ora Sheinbaum Pardo.<\/p>\n<p>Ayer, en Palacio Nacional, no dej\u00f3 de llamar la atenci\u00f3n que L\u00f3pez Obrador hiciera una r\u00e1pida lista de quienes aspiran y suspiran por 2024, en la que puso tambi\u00e9n al ex rector de la UNAM y hoy embajador, el doctor <strong>Juan Ram\u00f3n de la Fuente<\/strong>. Al tambi\u00e9n embajador de M\u00e9xico en Estados Unidos, <strong>Esteban Moctezuma<\/strong> y bueno, hasta entraron\u00a0 funcionarias de su primer c\u00edrculo de dudosa capacidad como la secretaria <strong>Roc\u00edo Nahle<\/strong> y la de Econom\u00eda, <strong>Tatiana Clouthier<\/strong>.<\/p>\n<p>Sin embargo, estos \u00faltimos nombres bien podr\u00edan sonar de \u201crelleno\u201d, no as\u00ed el del doctor De la Fuente, estiman diversos analistas.<\/p>\n<p>Desde otro punto de vista, pero sobre el mismo tema, el presidente de la Junta de Coordinaci\u00f3n Pol\u00edtica del Senado de la Rep\u00fablica, <strong>Ricardo Monreal<\/strong> declar\u00f3 que hablar de sucesi\u00f3n, en este momento provoca divisi\u00f3n en Morena y distrae a\u00a0 funcionarios de sus labores Agreg\u00f3 el legislador zacatecano que hablar sobre la sucesi\u00f3n presidencial en estos momentos, provocar\u00e1 la divisi\u00f3n dentro de Morena y eso distraer\u00e1 a los funcionarios de sus labores.<\/p>\n<p>Pero desde luego en la lista de los presidenciables, aunque Claudia Sheinbaum es la que ocupa casi todo el coraz\u00f3n del tabasque\u00f1o, no se puede descartar al senador Ricardo Monreal, quien est\u00e1 de tiempo completo en tejer fino en la C\u00e1mara alta para aprobar iniciativas. Este proceso lo ha mantenido ocupado y no le ha dado tiempo de pensar en ser sucesor del Presidente.<\/p>\n<p>De cualquier manera, el l\u00edder de Morena en el Senado afirm\u00f3 que luchar\u00e1 limpiamente por la Presidencia, al interior de Morena, ya que es miembro fundador de asambleas en los estados de Quer\u00e9taro, Zacatecas, Baja California Sur y Nayarit.<\/p>\n<p>Monreal \u00c1vila asegur\u00f3 que la jefa de Gobierno, Claudia Sheinbaum, es una funcionaria bien calificada y que le tiene mucho respeto, por eso acept\u00f3 cuando ella gan\u00f3 el cargo en la Ciudad de M\u00e9xico y desde entonces, \u00e9l se ha dedicado al Senado.<\/p>\n<p>A\u00f1adi\u00f3 que los funcionarios nombrados por el Presidente son destacables, pero reiter\u00f3 que es muy pronto para hablar de sucesi\u00f3n presidencial, ya que todav\u00eda hay muchos problemas que atender como la quiebra de empresas, la seguridad, las modificaciones constitucionales que ha anunciado el presidente en materia de Guardia Nacional, rector\u00eda el\u00e9ctrica o reforma electoral.<\/p>\n<p>Monreal afirm\u00f3 que el presidente Manuel L\u00f3pez Obrador tiene el derecho de expresar lo que \u00e9l considera conveniente y, por esa raz\u00f3n, no cree que sea extra\u00f1o el hecho de no ser mencionado entre los nombres que podr\u00edan ser candidatos presidenciales. El legislador zacatecano dijo que se siente preocupado por la polarizaci\u00f3n pol\u00edtica en M\u00e9xico, ya que \u00e9l siempre busca acuerdos y cree que los diversos grupos pol\u00edticos pueden convivir sin problemas.<\/p>\n<p style=\"text-align: center;\"><strong>Municiones<\/strong><\/p>\n<p>*** La edici\u00f3n 2021 de <em>Talent Land Digital<\/em>, ha dado comienzo. Siendo uno de los m\u00e1s grandes eventos de conexi\u00f3n dedicado a la interacci\u00f3n entre j\u00f3venes talentos, especialistas, empresas y gobierno para impulsar y fomentar el desarrollo de proyectos de tecnolog\u00eda, innovaci\u00f3n y emprendimiento. Dividido en varias secciones, destacan los diferentes canales que propone <em>Talent Land digital 2021<\/em>, cada uno abordando una tem\u00e1tica espec\u00edfica, es el caso del canal \u201cCreative Channel\u201d el cual est\u00e1 enfocado para todos aquellos esp\u00edritus inquietos que desean aterrizar el lado art\u00edstico y convertirlo en acciones de emprendimiento e innovaci\u00f3n. Precisamente en este espacio particip\u00f3 como <em>speaker<\/em> <strong>Ricardo B. Salinas Pliego<\/strong>, hoy por hoy, una figura indiscutible que encaja perfectamente en el \u00e1mbito del evento. Hay que recordar que, en el pasado mes de abril, se present\u00f3 \u201cEl Centro Ricardo B. Salinas Pliego\u201d, que precisamente contiene diferentes programas como Kybernus que identifica e impulsa desde lo local a liderazgos juveniles que tengan como prop\u00f3sito crear entornos donde se propicie una prosperidad incluyente. Con una conferencia magistral sobre liderazgo y desarrollo empresarial, Ricardo Salinas invit\u00f3 a los participantes a transformar su realidad a partir de la transformaci\u00f3n de sus pensamientos y los exhort\u00f3 a defender nuestra libertad, indicando que cualquier pa\u00eds donde \u00e9sta se pierde, es una receta para el fracaso absoluto. El presidente de Grupo Salinas comparti\u00f3 con miles de j\u00f3venes a trav\u00e9s de la plataforma digital su experiencia en los negocios, con sus triunfos y fracasos y c\u00f3mo se puede tener una actitud de aprendizaje constante de los errores. Es por ello que la participaci\u00f3n del presidente de Grupo Salinas es una aportaci\u00f3n acertad\u00edsima para dicho evento, donde tambi\u00e9n estar\u00e1 presente el \u00eddolo <em>geek<\/em> de las computadoras, el co-fundador de Apple, <strong>Steve Wozniak<\/strong>. Organizado por el gobierno de Jalisco y la empresa <em>Talent Networks<\/em>, este a\u00f1o el evento 100% digital pretende enlazar a m\u00e1s de dos millones de asistentes de manera virtual, interactuando entre las diferentes actividades que ofrece el evento.<\/p>\n<p>*** En el PAN, tambi\u00e9n se habl\u00f3 de la sucesi\u00f3n de 2024, por lo que el dirigente de ese partido, <strong>Marko Cort\u00e9s<\/strong>, junto con el alcalde reelecto de M\u00e9rida, <strong>Ren\u00e1n Barrera<\/strong>, ni tardos ni perezosos, \u201cdestaparon\u201d ya al gobernador de Yucat\u00e1n, <strong>Mauricio Vila<\/strong> como presidenciable.<\/p>\n<p><u><a href=\"mailto:morcora@gmail.com\" target=\"_blank\" rel=\"noopener noreferrer\"><em>morcora@gmail.com<\/em><\/a><\/u><\/p>\n","protected":false},"excerpt":{"rendered":"<p><span style=\"color: #005497;\"><strong>Adriana Moreno Cordero<\/strong><\/span><\/p>\n","protected":false},"author":3,"featured_media":0,"comment_status":"open","ping_status":"open","sticky":false,"template":"","format":"standard","meta":{"_monsterinsights_skip_tracking":false,"_monsterinsights_sitenote_active":false,"_monsterinsights_sitenote_note":"","_monsterinsights_sitenote_category":0,"footnotes":""},"categories":[69370],"tags":[69369,69368,43674],"class_list":["post-512881","post","type-post","status-publish","format-standard","hentry","category-adriana-moreno-cordero","tag-adriana-moreno-cordero","tag-la-retaguardia","tag-opinion"],"_links":{"self":[{"href":"https:\/\/www.diarioimagen.net\/index.php?rest_route=\/wp\/v2\/posts\/512881","targetHints":{"allow":["GET"]}}],"collection":[{"href":"https:\/\/www.diarioimagen.net\/index.php?rest_route=\/wp\/v2\/posts"}],"about":[{"href":"https:\/\/www.diarioimagen.net\/index.php?rest_route=\/wp\/v2\/types\/post"}],"author":[{"embeddable":true,"href":"https:\/\/www.diarioimagen.net\/index.php?rest_route=\/wp\/v2\/users\/3"}],"replies":[{"embeddable":true,"href":"https:\/\/www.diarioimagen.net\/index.php?rest_route=%2Fwp%2Fv2%2Fcomments&post=512881"}],"version-history":[{"count":0,"href":"https:\/\/www.diarioimagen.net\/index.php?rest_route=\/wp\/v2\/posts\/512881\/revisions"}],"wp:attachment":[{"href":"https:\/\/www.diarioimagen.net\/index.php?rest_route=%2Fwp%2Fv2%2Fmedia&parent=512881"}],"wp:term":[{"taxonomy":"category","embeddable":true,"href":"https:\/\/www.diarioimagen.net\/index.php?rest_route=%2Fwp%2Fv2%2Fcategories&post=512881"},{"taxonomy":"post_tag","embeddable":true,"href":"https:\/\/www.diarioimagen.net\/index.php?rest_route=%2Fwp%2Fv2%2Ftags&post=512881"}],"curies":[{"name":"wp","href":"https:\/\/api.w.org\/{rel}","templated":true}]}}