{"id":512994,"date":"2021-07-07T00:15:22","date_gmt":"2021-07-07T05:15:22","guid":{"rendered":"https:\/\/www.diarioimagen.net\/?p=512994"},"modified":"2021-07-07T00:51:05","modified_gmt":"2021-07-07T05:51:05","slug":"siempre-los-otros-datos","status":"publish","type":"post","link":"https:\/\/www.diarioimagen.net\/?p=512994","title":{"rendered":"Siempre los \u201cotros datos\u201d"},"content":{"rendered":"<h2>Por la Derecha..!<\/h2>\n<h5>Luis \u00c1ngel Garc\u00eda<\/h5>\n<p>&nbsp;<\/p>\n<p>Los \u201cotros datos\u201d van a contracorriente de la terca realidad. Un cada vez menos incisivo Jorge Ramos, periodista de la televisi\u00f3n <em>gringa<\/em>, puso en aprietos al Presidente cuando lo confront\u00f3 con datos oficiales sobre el n\u00famero de homicidios dolosos durante su administraci\u00f3n y la cifra de muertos por la pandemia. El reportero exhibi\u00f3 al gobierno mexicano por su fallida pol\u00edtica de seguridad p\u00fablica y el mal manejo sanitario del coronavirus.<\/p>\n<p>Con datos del Sistema Nacional de Seguridad P\u00fablica, Jorge Ramos demostr\u00f3 que este sexenio es el m\u00e1s violento de la historia moderna con cerca de 90 mil muertos, consecuencia de la inseguridad y sobre todo del crimen organizado. El fin de semana pasado fue el segundo m\u00e1s sangriento de este gobierno y no bajan de cien los asesinatos al d\u00eda, tan s\u00f3lo en mayo hubo casi tres mil muertos, la cifra m\u00e1s alta en 25 a\u00f1os.<\/p>\n<p>Ni con los \u201cotros datos\u201d el mandatario pudo contradecir al periodista, por lo que tuvo que echar mano del consabido pretexto del \u201cfruto prohibido\u201d que hered\u00f3 de los anteriores sexenios, como si no se diera cuenta que a tres a\u00f1os de gobierno no puede responsabilizar a sus antecesores de una sangrienta realidad. Ha fallado el remedio de \u201cabrazos y no balazos\u201d, la cual no es otra cosa que la estrategia de \u201cdejar hacer, dejar pasar\u201d. La verdad es que no existe una pol\u00edtica p\u00fablica coherente para enfrentar el problema de la inseguridad o atacar al crimen organizado ni un plan para la prevenci\u00f3n del delito.<\/p>\n<p>No es v\u00e1lido el argumento de que se ha contenido el homicidio doloso y que incluso ha disminuido marginalmente cuanto se tiene el mayor n\u00famero de muertos en la historia del pa\u00eds a menos de la mitad del sexenio. Hay un vac\u00edo de poder y la renuncia expl\u00edcita de las autoridades a ejercer el uso leg\u00edtimo de la fuerza para controlar a la delincuencia organizada o al criminal del fuero com\u00fan. El discurso oficial dice que no se permitir\u00e1n las autodefensas -medida desesperada de la gente ante la impotencia por la inacci\u00f3n del Estado frente a la inseguridad-, pero es un absurdo que ante la toma de carreteras por parte de grupos criminales, la respuesta sea que se abrir\u00e1n los caminos de las diez de la ma\u00f1ana a las seis de la tarde, quedando a la buena de Dios el resto del d\u00eda. En el poblado de Aguilillas, Michoac\u00e1n, se presenta este problem\u00e1tica, donde vecinos y productores de aguacate est\u00e1n hartos de los asaltos, pago de cuotas y violencia que ha dejado sinf\u00edn de v\u00edctimas.<\/p>\n<p>Con \u201cotros datos\u201d -que nadie conoce-, el Presidente dice que el crimen organizado se ha portado bien y que s\u00f3lo tres c\u00e1rteles operan en M\u00e9xico; m\u00e1s a\u00fan, que donde no se est\u00e1n peleando no hay violencia. Pobre consuelo, roguemos porque los sicarios se la lleven en paz para que no haya sangre. Los analistas hablan de 20 organizaciones criminales, sean esas o tres, no deber\u00eda existir una sola. La narrativa oficial hace parecer que se puede pactar con los delincuentes para mantener la paz social. El riesgo de esa negociaci\u00f3n es que peligra la gobernanza y se cede la gobernabilidad a un poder de facto: La delincuencia.<\/p>\n<p>Otro tema que hizo enojar al Presidente fue el n\u00famero de muertos registrados por la propia autoridad durante la pandemia, por lo que recurri\u00f3 a los \u201cotros datos\u201d, los de la Universidad Hopkins, donde \u00fanicamente bajamos en el escalaf\u00f3n. \u00bfEn qu\u00e9 quedamos, no que la informaci\u00f3n que viene del extranjero s\u00f3lo pretende desacreditar al gobierno?<\/p>\n","protected":false},"excerpt":{"rendered":"<p><span style=\"color: #005497;\"><strong>Luis \u00c1ngel Garc\u00eda<\/strong><\/span><br \/>\n<br \/>\nLos \u201cotros datos\u201d van a contracorriente de la terca realidad. Un cada vez menos incisivo Jorge Ramos, periodista de la televisi\u00f3n gringa, puso en aprietos al Presidente cuando lo confront\u00f3 con datos oficiales sobre el n\u00famero de homicidios dolosos durante su administraci\u00f3n y la cifra de muertos por la pandemia.<\/p>\n","protected":false},"author":3,"featured_media":0,"comment_status":"open","ping_status":"open","sticky":false,"template":"","format":"standard","meta":{"_monsterinsights_skip_tracking":false,"_monsterinsights_sitenote_active":false,"_monsterinsights_sitenote_note":"","_monsterinsights_sitenote_category":0,"footnotes":""},"categories":[92115],"tags":[92117,43674,92116],"class_list":["post-512994","post","type-post","status-publish","format-standard","hentry","category-luis-angel-garcia","tag-luis-angel-garcia","tag-opinion","tag-por-la-derecha"],"_links":{"self":[{"href":"https:\/\/www.diarioimagen.net\/index.php?rest_route=\/wp\/v2\/posts\/512994","targetHints":{"allow":["GET"]}}],"collection":[{"href":"https:\/\/www.diarioimagen.net\/index.php?rest_route=\/wp\/v2\/posts"}],"about":[{"href":"https:\/\/www.diarioimagen.net\/index.php?rest_route=\/wp\/v2\/types\/post"}],"author":[{"embeddable":true,"href":"https:\/\/www.diarioimagen.net\/index.php?rest_route=\/wp\/v2\/users\/3"}],"replies":[{"embeddable":true,"href":"https:\/\/www.diarioimagen.net\/index.php?rest_route=%2Fwp%2Fv2%2Fcomments&post=512994"}],"version-history":[{"count":0,"href":"https:\/\/www.diarioimagen.net\/index.php?rest_route=\/wp\/v2\/posts\/512994\/revisions"}],"wp:attachment":[{"href":"https:\/\/www.diarioimagen.net\/index.php?rest_route=%2Fwp%2Fv2%2Fmedia&parent=512994"}],"wp:term":[{"taxonomy":"category","embeddable":true,"href":"https:\/\/www.diarioimagen.net\/index.php?rest_route=%2Fwp%2Fv2%2Fcategories&post=512994"},{"taxonomy":"post_tag","embeddable":true,"href":"https:\/\/www.diarioimagen.net\/index.php?rest_route=%2Fwp%2Fv2%2Ftags&post=512994"}],"curies":[{"name":"wp","href":"https:\/\/api.w.org\/{rel}","templated":true}]}}