{"id":512997,"date":"2021-07-07T00:01:52","date_gmt":"2021-07-07T05:01:52","guid":{"rendered":"https:\/\/www.diarioimagen.net\/?p=512997"},"modified":"2021-07-07T03:09:39","modified_gmt":"2021-07-07T08:09:39","slug":"paises-de-america-latina-deben-buscar-la-manera-de-implementar-certificado-digital-de-covid-19","status":"publish","type":"post","link":"https:\/\/www.diarioimagen.net\/?p=512997","title":{"rendered":"Pa\u00edses de Am\u00e9rica Latina deben buscar la manera de implementar Certificado Digital de Covid-19"},"content":{"rendered":"<h2>De cinco estrellas<\/h2>\n<h5>Victoria Gonz\u00e1lez Prado<\/h5>\n<p>&nbsp;<\/p>\n<ul>\n<li><strong><em>La Metro se alista, ante el silencio de las autoridades, para lanzar nueva campa\u00f1a<\/em><\/strong><\/li>\n<\/ul>\n<p>&nbsp;<\/p>\n<div id=\"attachment_513082\" style=\"width: 470px\" class=\"wp-caption aligncenter\"><a href=\"https:\/\/www.diarioimagen.net\/?attachment_id=513082\" rel=\"attachment wp-att-513082\"><img loading=\"lazy\" decoding=\"async\" aria-describedby=\"caption-attachment-513082\" class=\"size-full wp-image-513082\" src=\"https:\/\/www.diarioimagen.net\/wp-content\/uploads\/2021\/07\/turismo-3.jpg\" alt=\"\" width=\"460\" height=\"270\" \/><\/a><p id=\"caption-attachment-513082\" class=\"wp-caption-text\">El regreso a los viajes debe ser con certificado Covid.<\/p><\/div>\n<p>&nbsp;<\/p>\n<p>Como ya lo hemos mencionado la gran mayor\u00eda de los pa\u00edses en Europa, la Asociaci\u00f3n Internacional de Transporte A\u00e9reo (IATA) y otros organismos buscan la forma de realizar viajes seguros por medio de pasaportes, certificados o cualquier otro documento que avale la salud de los pasajeros, esto con la intenci\u00f3n de evitar contagios.<\/p>\n<p>Ante esta situaci\u00f3n, <strong>Virginia Messina<\/strong>, vicepresidenta Senior del Consejo Mundial de Viajes y Turismo (WTTC), recomienda a los pa\u00edses de Am\u00e9rica Latina implementar Certificado Digital de Covid-19 que contenga informaci\u00f3n del estado de salud y control de vacunas antivirales de los turistas en la regi\u00f3n.<\/p>\n<p>La vicepresidenta del WTTC asegur\u00f3 que: \u201cel Certificado Digital permitir\u00eda facilitar los viajes y el turismo al agilizar los controles de entrada y salida de los aeropuertos, en alineaci\u00f3n con los est\u00e1ndares establecidos por la IATA, sobre esquemas de vacunaci\u00f3n, realizaci\u00f3n de pruebas y seguimiento de viajeros que ya tuvieron la enfermedad\u201d.<\/p>\n<p>Por otra parte, dijo que la regi\u00f3n de Latinoam\u00e9rica muestra recuperaci\u00f3n del sector tur\u00edstico, y entre los meses de junio y agosto de este a\u00f1o se prev\u00e9 alcanzar flujo de pasajeros internacionales equivalente al 80 por ciento de los niveles reportados en el mismo periodo de 2019.<\/p>\n<p>Las acciones emprendidas en la Uni\u00f3n Europea \u2013indic\u00f3 <strong>Messina<\/strong>&#8211;,con la emisi\u00f3n del Certificado Digital Covid, representan ejemplo para impulsar\u00a0el retorno de los viajes internacionales\u00a0seguros, ayudar a recuperar puestos de trabajo y reactivar sector que ser\u00e1 fundamental para la econom\u00eda en la regi\u00f3n.<\/p>\n<p>\u201cEl WTTC conf\u00eda en que el Certificado Digital Covid de la Uni\u00f3n Europea contribuir\u00e1 a generar confianza entre los consumidores del sector de viajes y turismo, que ha estado en una lucha por la supervivencia durante m\u00e1s de un a\u00f1o\u201d, indic\u00f3.<\/p>\n<p>El impacto devastador de la pandemia de Covid-19 en el sector mundial de viajes y turismo ha eliminado millones de empleos y ha visto caer su contribuci\u00f3n al PIB. La vida de millones de personas que dependen del sector tambi\u00e9n se ha visto afectada por la pandemia, causando estr\u00e9s y preocupaci\u00f3n.<\/p>\n<p>El WTTC espera que la emisi\u00f3n de Certificados Digitales Covid desempe\u00f1e importante papel en la reapertura segura del sector que ser\u00e1 cr\u00edtico para salvar empleos, medios de vida y econom\u00edas en todo el mundo.<\/p>\n<p>\u2730\u2730\u2730\u2730\u2730 <strong>Jos\u00e9 Luis Medina<\/strong>, presidente de la Asociaci\u00f3n Metropolitana de Agencias de Viajes (La Metro) presidi\u00f3 la sexta Asamblea de Comercializaci\u00f3n en la que asegur\u00f3,\u00a0facilitar\u00e1\u00a0a los agentes de viajes para que accedan de forma f\u00e1cil y r\u00e1pida al tr\u00e1mite del Registro Nacional de Turismo (RNT), y su renovaci\u00f3n sea de forma bianual.<\/p>\n<p>\u201cEsta acci\u00f3n es prioritaria para mantenerse en el listado oficial que lleva la Secretar\u00eda de Turismo federal y parte de las acciones en favor de sus socios. Para tramitar de forma r\u00e1pida la reposici\u00f3n por vencimiento o cambio de domicilio fiscal \u2014dos tramites diferentes\u2014, se dar\u00e1 capacitaci\u00f3n al respecto.<\/p>\n<p>El presidente de La Metro dijo que la industria tur\u00edstica es muy noble y dejaba \u2014en 2019\u2014 al pa\u00eds derrama econ\u00f3mica superior 8 por ciento del PIB\u201d. Sin embargo, \u00aba ra\u00edz de la pandemia nuestro sector, de los m\u00e1s golpeados por los embates de la pandemia, ha sido ignorado por las instancias gubernamentales en la materia, que han permanecido ajenas y lejanas a los llamados de auxilio para solicitar comprensi\u00f3n y apoyo y, aunque siempre hemos manifestado inter\u00e9s por el dialogo constructivo para ser reconocidos y respetados como agentes integradores, el silencio y opacidad han prevalecido, por lo que decidimos levantar la voz y lanzamos en junio la campa\u00f1a que se\u00f1ala las grandes fallas y errores que deja ante la nula o poca respuesta de las autoridades en el ramo, ante el llamado del sector tur\u00edstico\u201d.<\/p>\n<p><strong>Jos\u00e9 Luis Medina<\/strong> explic\u00f3: \u00abla segunda etapa de la campa\u00f1a se lanzar\u00e1 muy pronto, se trata de presentar propuestas a la problem\u00e1tica en las que se ha incluido a quienes se han visto afectados y han aportado para reactivar la industria. \u00abLa primera parte de la campa\u00f1a\u00a0habla de la irresponsabilidad de no considerar al turismo como actividad esencial y no inmunizar desde antes al personal tur\u00edstico, la asociaci\u00f3n busca atenci\u00f3n y apoyo para su sector\u00bb.<\/p>\n<p>De igual forma asever\u00f3 que en conjunto con Sabre, socio comercial estrat\u00e9gico, se dise\u00f1\u00f3 nuevo programa adicional a los que ya se ten\u00edan, adem\u00e1s de cuatro conferencias y seminarios especialmente para los socios de La Metro, con temas que abarcan \u00e1reas estrat\u00e9gicas como: Tecnolog\u00eda, Marketing Digital, redes sociales,\u00a0<em>Business Intelligence<\/em>\u00a0e Inteligencia Artificial, hasta el factor humano como esencia de cada organizaci\u00f3n.<\/p>\n<p>Adem\u00e1s de la de capacitaci\u00f3n y Responsabilidad Social que lleva a cabo La Metro, con\u00a0<em>Amadeus<\/em>\u00a0y Sabre, se ha concretado alianza con Tec Milenio que ofrece beneficios en sus cursos, y son extensivos a familiares o colaboradores.<\/p>\n<p>La reuni\u00f3n virtual, inici\u00f3 con la presentaci\u00f3n de Per\u00fa en la que <strong>Lizbeth Corrales<\/strong>, coordinadora del Mercado Latinoamericano\u00a0detall\u00f3 las caracter\u00edsticas para poder visitar el pa\u00eds, respetando los protocolos sanitarios. Per\u00fa cuenta con el sello\u00a0<em>Safe Travels<\/em>\u00a0que otorga el WTTC para 30 rutas y 15 regiones.<\/p>\n<p>En su oportunidad, <strong>Cuitl\u00e1huac Guti\u00e9rrez<\/strong>, director de IATA M\u00e9xico, explic\u00f3\u00a0a detalle que la degradaci\u00f3n de M\u00e9xico a categor\u00eda 2 en seguridad tiene que ver con c\u00f3mo se adhiere la autoridad a la seguridad en temas de operaci\u00f3n y organizaci\u00f3n, entre otros\u00a0y recalc\u00f3 que\u00a0no tiene relaci\u00f3n con el manejo del espacio a\u00e9reo en nuestro pa\u00eds.<\/p>\n<p>Hizo hincapi\u00e9 en que se hace un\u00a0<em>\u201cfreeze\u201d<\/em>\u00a0en la oferta, los operadores deben congelar operaciones como estaban en el momento de la degradaci\u00f3n; es decir, no puede haber nuevas rutas o nuevos equipos o alianzas.\u00a0Las autoridades est\u00e1n conscientes del impacto negativo que genera y\u00a0si no reaccionaron oportunamente est\u00e1n trabajando para aminorar las dificultades que esto ocasionar\u00e1 para la temporada invernal.<\/p>\n<p>Como conferencista invitada estuvo <strong>Giovanna Zorrilla<\/strong>, psic\u00f3loga cl\u00ednica, especialista en ansiedad, depresi\u00f3n y\u00a0<em>mindfulness,<\/em>\u00a0fundadora de\u00a0<em>Bemindful\u00a0<\/em>quien comparti\u00f3 las\u00a0siete claves para manejar la inteligencia emocional en el trabajo lo que se traduce en comprender que los hechos de la vida no son los que nos afectan, sino como los interpretamos. Entender que hay cosas que controlamos y otras no.\u00a0Regular la informaci\u00f3n que recibimos. Centrar la mente en el aqu\u00ed y ahora. Cuidar la salud. Ser flexibles y trabajar el di\u00e1logo con nosotros mismos.<\/p>\n<p><strong>Giovann<\/strong>a asever\u00f3 que M\u00e9xico es el pa\u00eds n\u00famero uno en estr\u00e9s laboral y reiter\u00f3 que as\u00ed como se aprende a caminar o a escribir, hay que aprender a manejar nuestros pensamientos. Una persona feliz, es m\u00e1s productiva, creativa e inmune a enfermedades.<\/p>\n<p>&nbsp;<\/p>\n<blockquote>\n<p style=\"text-align: right;\">\u201c<strong>El<\/strong> <strong>\u00e1ngel de la fama tiene sus alas hechas de papel&#8230; peri\u00f3dico\u201d.<br \/>\n<\/strong><\/p>\n<\/blockquote>\n<p>&nbsp;<\/p>\n<p><em><span class=\"Apple-converted-space\"><a href=\"mailto:victoriagprado@gmail.com\" target=\"_blank\" rel=\"noopener noreferrer\">victoriagprado@gmail.com<\/a><br \/>\nTwitter: <a href=\"https:\/\/twitter.com\/victoriagprado\" target=\"_blank\" rel=\"noopener noreferrer\">@victoriagprado<\/a><\/span><\/em><\/p>\n","protected":false},"excerpt":{"rendered":"<p>Como ya lo hemos mencionado la gran mayor\u00eda de los pa\u00edses en Europa, la Asociaci\u00f3n Internacional de Transporte A\u00e9reo (IATA) y otros organismos buscan la forma de realizar viajes seguros por medio de pasaportes, certificados o cualquier otro documento que avale la salud de los pasajeros, esto con la intenci\u00f3n de evitar contagios.<\/p>\n","protected":false},"author":3,"featured_media":513082,"comment_status":"open","ping_status":"open","sticky":false,"template":"","format":"standard","meta":{"_monsterinsights_skip_tracking":false,"_monsterinsights_sitenote_active":false,"_monsterinsights_sitenote_note":"","_monsterinsights_sitenote_category":0,"footnotes":""},"categories":[11],"tags":[107,43681,106],"class_list":["post-512997","post","type-post","status-publish","format-standard","has-post-thumbnail","hentry","category-turismo","tag-de-cinco-estrellas","tag-turismo","tag-victoria-gonzalez-prado"],"_links":{"self":[{"href":"https:\/\/www.diarioimagen.net\/index.php?rest_route=\/wp\/v2\/posts\/512997","targetHints":{"allow":["GET"]}}],"collection":[{"href":"https:\/\/www.diarioimagen.net\/index.php?rest_route=\/wp\/v2\/posts"}],"about":[{"href":"https:\/\/www.diarioimagen.net\/index.php?rest_route=\/wp\/v2\/types\/post"}],"author":[{"embeddable":true,"href":"https:\/\/www.diarioimagen.net\/index.php?rest_route=\/wp\/v2\/users\/3"}],"replies":[{"embeddable":true,"href":"https:\/\/www.diarioimagen.net\/index.php?rest_route=%2Fwp%2Fv2%2Fcomments&post=512997"}],"version-history":[{"count":0,"href":"https:\/\/www.diarioimagen.net\/index.php?rest_route=\/wp\/v2\/posts\/512997\/revisions"}],"wp:featuredmedia":[{"embeddable":true,"href":"https:\/\/www.diarioimagen.net\/index.php?rest_route=\/wp\/v2\/media\/513082"}],"wp:attachment":[{"href":"https:\/\/www.diarioimagen.net\/index.php?rest_route=%2Fwp%2Fv2%2Fmedia&parent=512997"}],"wp:term":[{"taxonomy":"category","embeddable":true,"href":"https:\/\/www.diarioimagen.net\/index.php?rest_route=%2Fwp%2Fv2%2Fcategories&post=512997"},{"taxonomy":"post_tag","embeddable":true,"href":"https:\/\/www.diarioimagen.net\/index.php?rest_route=%2Fwp%2Fv2%2Ftags&post=512997"}],"curies":[{"name":"wp","href":"https:\/\/api.w.org\/{rel}","templated":true}]}}