{"id":513006,"date":"2021-07-07T00:07:48","date_gmt":"2021-07-07T05:07:48","guid":{"rendered":"https:\/\/www.diarioimagen.net\/?p=513006"},"modified":"2021-07-08T01:23:15","modified_gmt":"2021-07-08T06:23:15","slug":"firman-convenio-gem-uaem-brindaremos-mayores-oportunidades-a-las-juventudes-carlos-eduardo-barrera-diaz","status":"publish","type":"post","link":"https:\/\/www.diarioimagen.net\/?p=513006","title":{"rendered":"Firman convenio GEM-UAEM; \u201cbrindaremos mayores oportunidades a las juventudes\u201d: Carlos Eduardo Barrera D\u00edaz"},"content":{"rendered":"<p>&nbsp;<\/p>\n<ul>\n<li><strong><em>Al firmar el Acuerdo Estrat\u00e9gico por la Educaci\u00f3n Media Superior y Superior con la Secretar\u00eda de Educaci\u00f3n estatal, el rector enfatiz\u00f3 que brindar un lugar a todos los estudiantes en el sistema de educaci\u00f3n superior de la entidad significa cumplir con el deber de una sociedad democr\u00e1tica y justa<\/em><\/strong><\/li>\n<\/ul>\n<p>&nbsp;<\/p>\n<div id=\"attachment_513091\" style=\"width: 470px\" class=\"wp-caption aligncenter\"><a href=\"https:\/\/www.diarioimagen.net\/?attachment_id=513091\" rel=\"attachment wp-att-513091\"><img loading=\"lazy\" decoding=\"async\" aria-describedby=\"caption-attachment-513091\" class=\"size-full wp-image-513091\" src=\"https:\/\/www.diarioimagen.net\/wp-content\/uploads\/2021\/07\/uaem-3.jpg\" alt=\"\" width=\"460\" height=\"270\" \/><\/a><p id=\"caption-attachment-513091\" class=\"wp-caption-text\">Carlos Eduardo Barrera D\u00edaz, rector de la UAEM, acompa\u00f1ado por el titular de la Secretar\u00eda de Educaci\u00f3n estatal, Gerardo Monroy Serrano, enfatiz\u00f3 que, el regreso a las aulas significar\u00e1 tambi\u00e9n un impulso hacia la recuperaci\u00f3n de la econom\u00eda.<\/p><\/div>\n<p>&nbsp;<\/p>\n<p><strong>Toluca, Estado de M\u00e9xico.\u2013 <\/strong>Tras el periodo de confinamiento, brindar un lugar a toda la comunidad estudiantil en el sistema de educaci\u00f3n superior de la entidad significa cumplir con el deber de una sociedad democr\u00e1tica y justa afirm\u00f3 el rector de la Universidad Aut\u00f3noma del Estado de M\u00e9xico (UAEM), Carlos Eduardo Barrera D\u00edaz, al firmar el Acuerdo Estrat\u00e9gico por la Educaci\u00f3n Media Superior y Superior con la Secretar\u00eda de Educaci\u00f3n estatal.<\/p>\n<p>Acompa\u00f1ado por el titular de la dependencia, Gerardo Monroy Serrano, enfatiz\u00f3 que, el regreso a las aulas significar\u00e1 tambi\u00e9n un impulso hacia la recuperaci\u00f3n de la econom\u00eda.<\/p>\n<p>En el Palacio de Gobierno, el rector Carlos Eduardo Barrera refiri\u00f3 que este acuerdo interinstitucional cimenta un logro que compromete a consolidar el desaf\u00edo de elevar la calidad educativa al grado de excelencia, el cual exige la sociedad y el mundo moderno.<\/p>\n<p>El Acuerdo Estrat\u00e9gico atender\u00e1 a los j\u00f3venes que no obtuvieron un lugar en la Aut\u00f3noma mexiquense a incorporarse al sistema educativo estatal para el ciclo escolar 2021-2022, el cual cuenta con 16 programas educativos y tiene presencia, a trav\u00e9s de 120 planteles, en m\u00e1s de 70 municipios.<\/p>\n<p>En esta ocasi\u00f3n se ofertar\u00e1n para la m\u00e1xima casa de estudios mexiquense dos mil 817 lugares para el nivel medio superior y tres mil 725 para el superior, en licenciaturas relacionadas con la salud, el medio ambiente, inform\u00e1tica, contabilidad, administraci\u00f3n, turismo, derecho y educaci\u00f3n, entre otros rubros.<\/p>\n<p>En su oportunidad, Gerardo Monroy destac\u00f3 que desde hace casi 200 a\u00f1os, la UAEM representa un pilar en el sistema educativo estatal y es un referente nacional en las instituciones de educaci\u00f3n superior. La entidad \u201crequiere de profesionales capaces que enfrenten los retos laborales actuales\u201d<\/p>\n<p>Del mismo modo, subray\u00f3 que el convenio de colaboraci\u00f3n es un instrumento interinstitucional con profundo sentido social y tiene la meta de que los j\u00f3venes mexiquenses consoliden su formaci\u00f3n acad\u00e9mica.<\/p>\n<p>\u201cEstamos preparados para el regreso seguro a clases con apego a todos los protocolos establecidos a nivel nacional e internacional\u201d. La universidad y la administraci\u00f3n estatal, finaliz\u00f3, trabajar\u00e1n en coordinaci\u00f3n para que los j\u00f3venes no abandonen sus estudios en un marco de inclusi\u00f3n e igualdad de oportunidades educativas.<\/p>\n","protected":false},"excerpt":{"rendered":"<p>Tras el periodo de confinamiento, brindar un lugar a toda la comunidad estudiantil en el sistema de educaci\u00f3n superior de la entidad significa cumplir con el deber de una sociedad democr\u00e1tica y justa afirm\u00f3 el rector de la Universidad Aut\u00f3noma del Estado de M\u00e9xico (UAEM), Carlos Eduardo Barrera D\u00edaz, al firmar el Acuerdo Estrat\u00e9gico por la Educaci\u00f3n Media Superior y Superior con la Secretar\u00eda de Educaci\u00f3n estatal.<\/p>\n","protected":false},"author":3,"featured_media":513091,"comment_status":"open","ping_status":"open","sticky":false,"template":"","format":"standard","meta":{"_monsterinsights_skip_tracking":false,"_monsterinsights_sitenote_active":false,"_monsterinsights_sitenote_note":"","_monsterinsights_sitenote_category":0,"footnotes":""},"categories":[5],"tags":[92667,1491],"class_list":["post-513006","post","type-post","status-publish","format-standard","has-post-thumbnail","hentry","category-estado-de-mexico","tag-carlos-eduardo-barrera-diaz","tag-uaem"],"_links":{"self":[{"href":"https:\/\/www.diarioimagen.net\/index.php?rest_route=\/wp\/v2\/posts\/513006","targetHints":{"allow":["GET"]}}],"collection":[{"href":"https:\/\/www.diarioimagen.net\/index.php?rest_route=\/wp\/v2\/posts"}],"about":[{"href":"https:\/\/www.diarioimagen.net\/index.php?rest_route=\/wp\/v2\/types\/post"}],"author":[{"embeddable":true,"href":"https:\/\/www.diarioimagen.net\/index.php?rest_route=\/wp\/v2\/users\/3"}],"replies":[{"embeddable":true,"href":"https:\/\/www.diarioimagen.net\/index.php?rest_route=%2Fwp%2Fv2%2Fcomments&post=513006"}],"version-history":[{"count":0,"href":"https:\/\/www.diarioimagen.net\/index.php?rest_route=\/wp\/v2\/posts\/513006\/revisions"}],"wp:featuredmedia":[{"embeddable":true,"href":"https:\/\/www.diarioimagen.net\/index.php?rest_route=\/wp\/v2\/media\/513091"}],"wp:attachment":[{"href":"https:\/\/www.diarioimagen.net\/index.php?rest_route=%2Fwp%2Fv2%2Fmedia&parent=513006"}],"wp:term":[{"taxonomy":"category","embeddable":true,"href":"https:\/\/www.diarioimagen.net\/index.php?rest_route=%2Fwp%2Fv2%2Fcategories&post=513006"},{"taxonomy":"post_tag","embeddable":true,"href":"https:\/\/www.diarioimagen.net\/index.php?rest_route=%2Fwp%2Fv2%2Ftags&post=513006"}],"curies":[{"name":"wp","href":"https:\/\/api.w.org\/{rel}","templated":true}]}}