{"id":513019,"date":"2021-07-07T00:04:19","date_gmt":"2021-07-07T05:04:19","guid":{"rendered":"https:\/\/www.diarioimagen.net\/?p=513019"},"modified":"2021-07-07T03:48:53","modified_gmt":"2021-07-07T08:48:53","slug":"nicolas-romero-de-los-municipios-que-mas-impulsan-la-plantacion-de-arboles","status":"publish","type":"post","link":"https:\/\/www.diarioimagen.net\/?p=513019","title":{"rendered":"Nicol\u00e1s Romero, de los municipios que m\u00e1s impulsan la plantaci\u00f3n de \u00e1rboles"},"content":{"rendered":"<p>&nbsp;<\/p>\n<ul>\n<li><strong><em>Para generar conciencia en los ciudadanos<\/em><\/strong><\/li>\n<\/ul>\n<p>&nbsp;<\/p>\n<div id=\"attachment_513112\" style=\"width: 470px\" class=\"wp-caption aligncenter\"><a href=\"https:\/\/www.diarioimagen.net\/?attachment_id=513112\" rel=\"attachment wp-att-513112\"><img loading=\"lazy\" decoding=\"async\" aria-describedby=\"caption-attachment-513112\" class=\"size-full wp-image-513112\" src=\"https:\/\/www.diarioimagen.net\/wp-content\/uploads\/2021\/07\/nicolas-4.jpg\" alt=\"\" width=\"460\" height=\"270\" \/><\/a><p id=\"caption-attachment-513112\" class=\"wp-caption-text\">El gobierno de Nicol\u00e1s Romero, a trav\u00e9s de la campa\u00f1a \u201cRespira a todo Pulm\u00f3n\u201d, a realizarse del 8 al 11 de julio, plantar\u00e1n pino y encino, en la comunidad de San Miguel Hila.<\/p><\/div>\n<p>&nbsp;<\/p>\n<p><strong>Nicol\u00e1s Romero, Estado de M\u00e9xico<\/strong>.- Para el gobierno del alcalde Armando Navarrete L\u00f3pez, la preservaci\u00f3n del medio ambiente es fundamental, por lo que la demarcaci\u00f3n participa activamente en la intensa campa\u00f1a de reforestaci\u00f3n \u201cRespira a todo Pulm\u00f3n\u201d, cuyo objetivo es generar conciencia en los ciudadanos, acerca de la problem\u00e1tica del calentamiento global y la contaminaci\u00f3n, al involucrar a los habitantes y asociaciones ambientalistas, mediante la adopci\u00f3n de \u00e1rboles, con el fin de mitigar las emisiones de CO2, en la cual tambi\u00e9n est\u00e1n involucradas otras 10 demarcaciones de la zona metropolitana del Valle de M\u00e9xico, y que en su conjunto sembrar\u00e1n 13 mil 800 \u00e1rboles.<\/p>\n<p>Nicol\u00e1s Romero, trabaja cotidianamente en pro del entorno ecol\u00f3gico, como un municipio que impulsa el constante mejoramiento ambiental, ya que del total de su territorio la tercera parte es forestal, lo que le permite aportar ox\u00edgeno y agua, tanto a esta localidad, como a toda la zona conurbada a la capital del pa\u00eds, la de mayor densidad poblacional en M\u00e9xico y una de las m\u00e1s grandes del mundo.<\/p>\n<p>Durante el acto realizado en el Sal\u00f3n \u201cLa Troje,\u201d ubicado en el Parque de las Esculturas, del vecino municipio de Cuautitl\u00e1n Izcalli, que fungi\u00f3 como anfitri\u00f3n, Susana Mart\u00ednez, jefa del departamento de Ordenamiento Ecol\u00f3gico del gobierno nicol\u00e1sromerense, explic\u00f3 que a trav\u00e9s de dicha campa\u00f1a, a realizarse del 8 al 11 de julio, se plantar\u00e1n pino y encino, en la comunidad de San Miguel Hila.<\/p>\n<p>A\u00f1adi\u00f3 que se determin\u00f3 la siembra de esas especies arb\u00f3reas en tal colonia, porque ah\u00ed atraviesan afluentes de algunos r\u00edos \u201cy lo que queremos precisamente, es recuperar esos cuerpos de agua y al mismo tiempo, que el arbolado ayude para evitar su contaminaci\u00f3n.\u201d<\/p>\n<p>Indic\u00f3 que para el presidente municipal, es de suma importancia que Nicol\u00e1s Romero est\u00e9 presente en la campa\u00f1a de reforestaci\u00f3n \u201cRespira a todo Pulm\u00f3n, \u201ctoda vez que un tercio del territorio municipal es forestal y como lo ha dicho el alcalde, tenemos una f\u00e1brica de agua que es necesario conservar.\u201d En dicha campa\u00f1a, participan los municipios de Cuautitl\u00e1n Izcalli, Cuautitl\u00e1n, Apaxco, Coyotepec, Melchor Ocampo, Teoloyucan, Tepotzotl\u00e1n, Tlalnepantla, Tultitl\u00e1n y Zumpango.<\/p>\n","protected":false},"excerpt":{"rendered":"<p>Para el gobierno del alcalde Armando Navarrete L\u00f3pez, la preservaci\u00f3n del medio ambiente es fundamental, por lo que la demarcaci\u00f3n participa activamente en la intensa campa\u00f1a de reforestaci\u00f3n \u201cRespira a todo Pulm\u00f3n\u201d, cuyo objetivo es generar conciencia en los ciudadanos, acerca de la problem\u00e1tica del calentamiento global y la contaminaci\u00f3n, al involucrar a los habitantes y asociaciones ambientalistas, mediante la adopci\u00f3n de \u00e1rboles, con el fin de mitigar las emisiones de CO2, en la cual tambi\u00e9n est\u00e1n involucradas otras 10 demarcaciones de la zona metropolitana del Valle de M\u00e9xico, y que en su conjunto sembrar\u00e1n 13 mil 800 \u00e1rboles.<\/p>\n","protected":false},"author":3,"featured_media":513112,"comment_status":"open","ping_status":"open","sticky":false,"template":"","format":"standard","meta":{"_monsterinsights_skip_tracking":false,"_monsterinsights_sitenote_active":false,"_monsterinsights_sitenote_note":"","_monsterinsights_sitenote_category":0,"footnotes":""},"categories":[5],"tags":[43675,752,93300],"class_list":["post-513019","post","type-post","status-publish","format-standard","has-post-thumbnail","hentry","category-estado-de-mexico","tag-estado-de-mexico","tag-nicolas-romero","tag-plantacion-de-arboles"],"_links":{"self":[{"href":"https:\/\/www.diarioimagen.net\/index.php?rest_route=\/wp\/v2\/posts\/513019","targetHints":{"allow":["GET"]}}],"collection":[{"href":"https:\/\/www.diarioimagen.net\/index.php?rest_route=\/wp\/v2\/posts"}],"about":[{"href":"https:\/\/www.diarioimagen.net\/index.php?rest_route=\/wp\/v2\/types\/post"}],"author":[{"embeddable":true,"href":"https:\/\/www.diarioimagen.net\/index.php?rest_route=\/wp\/v2\/users\/3"}],"replies":[{"embeddable":true,"href":"https:\/\/www.diarioimagen.net\/index.php?rest_route=%2Fwp%2Fv2%2Fcomments&post=513019"}],"version-history":[{"count":0,"href":"https:\/\/www.diarioimagen.net\/index.php?rest_route=\/wp\/v2\/posts\/513019\/revisions"}],"wp:featuredmedia":[{"embeddable":true,"href":"https:\/\/www.diarioimagen.net\/index.php?rest_route=\/wp\/v2\/media\/513112"}],"wp:attachment":[{"href":"https:\/\/www.diarioimagen.net\/index.php?rest_route=%2Fwp%2Fv2%2Fmedia&parent=513019"}],"wp:term":[{"taxonomy":"category","embeddable":true,"href":"https:\/\/www.diarioimagen.net\/index.php?rest_route=%2Fwp%2Fv2%2Fcategories&post=513019"},{"taxonomy":"post_tag","embeddable":true,"href":"https:\/\/www.diarioimagen.net\/index.php?rest_route=%2Fwp%2Fv2%2Ftags&post=513019"}],"curies":[{"name":"wp","href":"https:\/\/api.w.org\/{rel}","templated":true}]}}