{"id":513052,"date":"2021-07-07T00:05:46","date_gmt":"2021-07-07T05:05:46","guid":{"rendered":"https:\/\/www.diarioimagen.net\/?p=513052"},"modified":"2021-07-07T02:29:58","modified_gmt":"2021-07-07T07:29:58","slug":"la-mentira-como-bandera","status":"publish","type":"post","link":"https:\/\/www.diarioimagen.net\/?p=513052","title":{"rendered":"La mentira como bandera"},"content":{"rendered":"<h2>Perfil de M\u00e9xico<\/h2>\n<h5>Armando R\u00edos Ruiz<\/h5>\n<p>&nbsp;<\/p>\n<p>No es discutible si el Presidente es mentiroso. Lo es de manera enfermiza. Al grado de que si discernimos cada frase suya, encontramos paso a paso una falsedad. Ni siquiera deja espacio para pensar que sabe lo que dice. Es exactamente al rev\u00e9s: No sabe lo que dice. No piensa para decir. Habla y despide exabruptos a diestro y siniestro de manera natural. Sin reflexionar que lo que profiere,\u00a0 simplemente est\u00e1 lleno de incongruencias.<\/p>\n<p>Algunas personas suelen apreciar que lo hace a prop\u00f3sito. No es cierto. Porque se trata de una enfermedad. Trata de ser hilado y resulta complicado. Cuando los periodistas pagados o chayoteros, como \u00e9l califica a sus cr\u00edticos, le formulan preguntas, contesta con la conocida pausa \u201cque dopa\u201d, como calific\u00f3 un comunicador. Como si realmente tratara de encontrar la mejor posici\u00f3n de las palabras para ser entendido. Pero casi siempre le resulta un galimat\u00edas.<\/p>\n<p>El casi, se borra cuando lo que uno escucha son mentiras. No tiene capacidad para omitirlas. La realidad lo desmiente todos los d\u00edas. Los pol\u00edticos y los periodistas que no comulgan con \u00e9l, tambi\u00e9n. Monta en c\u00f3lera, porque quisiera con toda su predisposici\u00f3n para mentir y para mal gobernar, que se hincaran ante su presencia. Que le rindieran pleites\u00eda como se la rinden los que van a sus ma\u00f1aneras a cambio de un sueldo mensual. Sus chayoteros incondicionales.<\/p>\n<p>Acabo de leer una nota period\u00edstica sumamente corta.\u00a0 No llega a la cuartilla. S\u00f3lo en ese espacio tan breve, encontr\u00e9 mentiras de principio a fin. Se refiere a unas cuantas palabras que dijo en una gira por Sonora, en donde inaugur\u00f3 el cuartel de la Guardia Nacional de Caborca.<\/p>\n<p>Pronunci\u00f3 algunas frases que seguramente espera sean incorporadas a la historia que se escribe d\u00eda con d\u00eda. Tal vez sean incorporadas. Pero como lo que son: disparates en los o\u00eddos del historiador. Las dijo, adem\u00e1s como vituperios, ya que se congratula de sus mentirosos logros. Se auto alaba.<\/p>\n<p>Mencion\u00f3 que \u201cla decisi\u00f3n de crear la Guardia Nacional fue hist\u00f3rica, pues su antecesora, la Polic\u00eda Federal, era insuficiente para combatir al crimen organizado\u201d. Anteriormente participaban en ese combate otras instancias, como el Ej\u00e9rcito y la Marina y la prensa dio cuenta innumerables veces, de cruentos enfrentamientos y decomisos. Ahora resulta necesario que el mismo Presidente nos cuente de los logros alcanzados. No existen.<\/p>\n<p>Dijo que a \u00e9l no le interesa acumular riqueza o t\u00edtulos para alcanzar la felicidad. Que para \u00e9l, la felicidad no se basa en la acumulaci\u00f3n de riqueza. Que aspira a que la Guardia Nacional se impregne de esa filosof\u00eda que, dijo, tienen el Ej\u00e9rcito y La Marina. Los medios castrenses est\u00e1n felices, porque nunca antes recibieron tanto de un Presidente. Nadie da nada sin esperar algo a cambio.<\/p>\n<p>Muchos mexicanos mal pensados creen que todas las prebendas entregadas a los uniformados, obedecen a una forma de alimentar al tigre del que habl\u00f3 en campa\u00f1a, durante la convenci\u00f3n anual de banqueros en Acapulco. Cuando dijo que si hab\u00eda fraude en las elecciones se retirar\u00eda a su rancho en Palenque y a ver qui\u00e9n amarraba al felino.<\/p>\n<p>Tal vez no es la idea correcta. Porque entonces despotricaba en contra de los soldados. Los apapachos vinieron cuando ya era Presidente. Quiz\u00e1 concibi\u00f3 la idea de alimentar al verdadero tigre, con la contenci\u00f3n de este grupo, que redujo a tareas para civiles sumamente redituables y no para la salvaguarda de la seguridad del pa\u00eds. Ya no en contra de los grupos violentos que acaparan todos los espacios de M\u00e9xico entero.<\/p>\n<p>Afirm\u00f3 que a Sonora le ir\u00e1 m\u00e1s que bien con Alfonso Durazo, pr\u00f3ximo gobernador, cuya victoria fue cuestionada porque se esperaba otro desenlace en los comicios. Porque adem\u00e1s, antes de conocerse el resultado de las elecciones, ya hab\u00eda contratado un restaurante para celebrar su triunfo. Que alguien sepa, no es pitoniso para adivinar qu\u00e9 suceder\u00e1 despu\u00e9s. Baste recordar que antes, hubo asesinatos y amenazas a pol\u00edticos de otros partidos diferentes a Morena.<\/p>\n<p><a href=\"mailto:ariosruiz@gmail.com\" target=\"_blank\" rel=\"noopener noreferrer\"><em>ariosruiz@gmail.com<\/em><\/a><\/p>\n","protected":false},"excerpt":{"rendered":"<p><span style=\"color: #005497;\"><strong>Armando R\u00edos Ruiz<\/strong><\/span><\/p>\n","protected":false},"author":3,"featured_media":0,"comment_status":"open","ping_status":"open","sticky":false,"template":"","format":"standard","meta":{"_monsterinsights_skip_tracking":false,"_monsterinsights_sitenote_active":false,"_monsterinsights_sitenote_note":"","_monsterinsights_sitenote_category":0,"footnotes":""},"categories":[88405],"tags":[88407,43674,91193],"class_list":["post-513052","post","type-post","status-publish","format-standard","hentry","category-armando-rios-ruiz","tag-armando-rios-ruiz","tag-opinion","tag-perfil-de-mexico"],"_links":{"self":[{"href":"https:\/\/www.diarioimagen.net\/index.php?rest_route=\/wp\/v2\/posts\/513052","targetHints":{"allow":["GET"]}}],"collection":[{"href":"https:\/\/www.diarioimagen.net\/index.php?rest_route=\/wp\/v2\/posts"}],"about":[{"href":"https:\/\/www.diarioimagen.net\/index.php?rest_route=\/wp\/v2\/types\/post"}],"author":[{"embeddable":true,"href":"https:\/\/www.diarioimagen.net\/index.php?rest_route=\/wp\/v2\/users\/3"}],"replies":[{"embeddable":true,"href":"https:\/\/www.diarioimagen.net\/index.php?rest_route=%2Fwp%2Fv2%2Fcomments&post=513052"}],"version-history":[{"count":0,"href":"https:\/\/www.diarioimagen.net\/index.php?rest_route=\/wp\/v2\/posts\/513052\/revisions"}],"wp:attachment":[{"href":"https:\/\/www.diarioimagen.net\/index.php?rest_route=%2Fwp%2Fv2%2Fmedia&parent=513052"}],"wp:term":[{"taxonomy":"category","embeddable":true,"href":"https:\/\/www.diarioimagen.net\/index.php?rest_route=%2Fwp%2Fv2%2Fcategories&post=513052"},{"taxonomy":"post_tag","embeddable":true,"href":"https:\/\/www.diarioimagen.net\/index.php?rest_route=%2Fwp%2Fv2%2Ftags&post=513052"}],"curies":[{"name":"wp","href":"https:\/\/api.w.org\/{rel}","templated":true}]}}