{"id":513053,"date":"2021-07-07T00:03:03","date_gmt":"2021-07-07T05:03:03","guid":{"rendered":"https:\/\/www.diarioimagen.net\/?p=513053"},"modified":"2021-07-07T02:31:59","modified_gmt":"2021-07-07T07:31:59","slug":"elecciones-en-oaxaca-en-2022","status":"publish","type":"post","link":"https:\/\/www.diarioimagen.net\/?p=513053","title":{"rendered":"Elecciones en Oaxaca en 2022"},"content":{"rendered":"<h2>Centro..!<\/h2>\n<h5>Arturo R\u00edos Ruiz<\/h5>\n<p>&nbsp;<\/p>\n<ul>\n<li><em><strong>Ram\u00edrez: \u201cyo quiero\u201d<\/strong><\/em><\/li>\n<li><em><strong>Ya lo acept\u00f3 ante medios\u00a0<\/strong><\/em><\/li>\n<\/ul>\n<p>&nbsp;<\/p>\n<p>Luis Antonio Ram\u00edrez, director general del Instituto de Seguridad y Servicios Sociales de los Trabajadores del Estado, ISSSTE, asegur\u00f3 que le gustar\u00eda participar como candidato en la contienda por la<strong>\u00a0<\/strong>gubernatura de Oaxaca<strong>.\u00a0<\/strong>La aspiraci\u00f3n se dedujo<strong>,\u00a0<\/strong>desde que inici\u00f3 funciones en la dependencia, en 20l8.<\/p>\n<p>El joven de Morena sigue los pasos de su padre, Eladio Ram\u00edrez, priista de coraz\u00f3n, que\u00a0fue al gobierno de Oaxaca, de 1986 a 1992.<\/p>\n<p>Es el mismo caso de\u00a0Alejandro Ismael Murat Hinojosa, del tricolor, pero la juega m\u00e1s con AMLO, que, en su partido, es un abogado y pol\u00edtico mexicano. hijo del ex gobernador y sumamente pol\u00e9mico, priista redomado, Jos\u00e9 Murat\u00a0que dirigi\u00f3 Oaxacade\u00a01998\u00a0a\u00a02004. Los reto\u00f1os, siguen las huellas paternas.<\/p>\n<p>Luis Antonio Ram\u00edrez<strong>,\u00a0<\/strong>a\u00a0la pregunta expresa que le realiz\u00f3 Adela Micha en los \u00faltimos minutos de su programa \u201cMe lo dijo Adela\u201d, le cuestion\u00f3 al\u00a0director del ISSSTE\u00a0si volver\u00eda a su emisi\u00f3n antes de ser\u00a0candidato. La respuesta fue afirmativa y cundi\u00f3 en su estado natal.<\/p>\n<p>El fin de semana pasado, durante un recorrido por la regi\u00f3n de la Mixteca en Oaxaca, el titular del ISSSTE, visit\u00f3 la cl\u00ednica del instituto en Tlaxiaco, donde afirm\u00f3 a los reporteros, que no le inquieta que se maneje su nombre como aspirante a la gubernatura de Oaxaca el pr\u00f3ximo a\u00f1o. Ratific\u00f3 sus aspiraciones.<\/p>\n<p>Y como remate, asever\u00f3: \u201cEstar\u00e9 siempre atento al curso de llevar a cabo este proceso, de ver las condiciones m\u00e1s propicias para atender la oportunidad de participar\u201d. Con ello, sus simpatizantes en su estado ya mueven su nombre, con fines electorales.<\/p>\n<p>Con lo anterior<strong>,\u00a0<\/strong>el titular del ISSSTE<strong>,\u00a0<\/strong>se suma a la competencia hasta ahora representada por\u00a0la senadora Susana Harp, enlace federal con el gobierno de Alejandro Murat en temas de la pandemia, un cargo muy sugestivo que la mand\u00f3 para prepararse y el del senador Salom\u00f3n Jara, quien ya contendi\u00f3 y hoy, cuyos aliados ya comenzaron a promoverlo.<\/p>\n<p><strong>\u00a0<\/strong>Como siempre ha sido, a los tres a\u00f1os comienza la carrera presidencial, es el momento de que surgen los aspirantes a los diferentes cargos de representaci\u00f3n popular, entre ellos las gubernaturas y este es el caso.<\/p>\n<p>Es evidente que el elegido candidato ser\u00e1 por obra y gracia del inquilino de Palacio Nacional que en su momento dar\u00e1 luz para el caso Oaxaca, no hay nada para nadie hasta hoy. Luis Antonio Ram\u00edrez ha realizado un papel muy aceptable en el ISSSTE y eso cuenta. A ver qu\u00e9 dice el dedito de AMLO.<\/p>\n<p>Por lo pronto, parece que, de mala fe, ya recorre en las redes sociales, la versi\u00f3n an\u00f3nima que Jos\u00e9 Antonio Ram\u00edrez, saldr\u00e1 de la instituci\u00f3n y llegar\u00e1 la consolaci\u00f3n de Clara Luz Flores, perdedora en Nuevo Le\u00f3n. Veremos y escribiremos.<\/p>\n<p><em><a href=\"mailto:rrrart2000@hotmail.com\" target=\"_blank\" rel=\"noopener noreferrer\">rrrart2000@hotmail.com<\/a><\/em><\/p>\n","protected":false},"excerpt":{"rendered":"<p><span style=\"color: #005497;\"><strong>Arturo R\u00edos Ruiz<\/strong><\/span><\/p>\n","protected":false},"author":3,"featured_media":0,"comment_status":"open","ping_status":"open","sticky":false,"template":"","format":"standard","meta":{"_monsterinsights_skip_tracking":false,"_monsterinsights_sitenote_active":false,"_monsterinsights_sitenote_note":"","_monsterinsights_sitenote_category":0,"footnotes":""},"categories":[82265],"tags":[82266,10806,43674],"class_list":["post-513053","post","type-post","status-publish","format-standard","hentry","category-arturo-rios-ruiz","tag-arturo-rios-ruiz","tag-centro","tag-opinion"],"_links":{"self":[{"href":"https:\/\/www.diarioimagen.net\/index.php?rest_route=\/wp\/v2\/posts\/513053","targetHints":{"allow":["GET"]}}],"collection":[{"href":"https:\/\/www.diarioimagen.net\/index.php?rest_route=\/wp\/v2\/posts"}],"about":[{"href":"https:\/\/www.diarioimagen.net\/index.php?rest_route=\/wp\/v2\/types\/post"}],"author":[{"embeddable":true,"href":"https:\/\/www.diarioimagen.net\/index.php?rest_route=\/wp\/v2\/users\/3"}],"replies":[{"embeddable":true,"href":"https:\/\/www.diarioimagen.net\/index.php?rest_route=%2Fwp%2Fv2%2Fcomments&post=513053"}],"version-history":[{"count":0,"href":"https:\/\/www.diarioimagen.net\/index.php?rest_route=\/wp\/v2\/posts\/513053\/revisions"}],"wp:attachment":[{"href":"https:\/\/www.diarioimagen.net\/index.php?rest_route=%2Fwp%2Fv2%2Fmedia&parent=513053"}],"wp:term":[{"taxonomy":"category","embeddable":true,"href":"https:\/\/www.diarioimagen.net\/index.php?rest_route=%2Fwp%2Fv2%2Fcategories&post=513053"},{"taxonomy":"post_tag","embeddable":true,"href":"https:\/\/www.diarioimagen.net\/index.php?rest_route=%2Fwp%2Fv2%2Ftags&post=513053"}],"curies":[{"name":"wp","href":"https:\/\/api.w.org\/{rel}","templated":true}]}}