{"id":513057,"date":"2021-07-07T00:03:01","date_gmt":"2021-07-07T05:03:01","guid":{"rendered":"https:\/\/www.diarioimagen.net\/?p=513057"},"modified":"2021-07-07T02:35:14","modified_gmt":"2021-07-07T07:35:14","slug":"monreal-sera-el-tapado","status":"publish","type":"post","link":"https:\/\/www.diarioimagen.net\/?p=513057","title":{"rendered":"\u00bfMonreal ser\u00e1 el <em>tapado<\/em>?"},"content":{"rendered":"<h2>Espacio Electoral<\/h2>\n<h5>Eleazar Flores<\/h5>\n<p>&nbsp;<\/p>\n<p>HOY SON CINCO-. Incr\u00e9dulos de origen, los reporteros vemos dudas detr\u00e1s de cada afirmaci\u00f3n pol\u00edtica, de ah\u00ed la interrogante de no ver en la lista de posibles sucesores de AMLO, a su incondicional Ricardo Monreal.<\/p>\n<p>En orden de ser citados, el Presidente empez\u00f3 con Claudia, as\u00ed, sin apellidos, Marcelo, De la Fuente, Esteban, Tatiana, Roc\u00edo.<\/p>\n<p>As\u00ed respondi\u00f3, desde su p\u00falpito ma\u00f1anero, Andr\u00e9s Manuel L\u00f3pez Obrador a una de las preguntas, muchas sobre seguridad planteadas por el periodista Jorge Ramos, y otras m\u00e1s por chicos(a) madrugadores(a) de la fuente.<\/p>\n<p>A juicio del padre de la Cuarta Transformaci\u00f3n, los que cit\u00f3 el lunes tienen merecimientos para sucederlo, si usted piensa lo contrario no importa, pues en estos estilos de que \u201cya no es como antes\u201d, todo o casi todo se dice desde antes porque \u201cya no hay <em>tapados<\/em>\u201d.<\/p>\n<p>Dubitativo como muchos analistas pol\u00edticos de experiencia de quienes hay que aprender, y a tres largos a\u00f1os de este m\u00e1s largo sexenio al que le restan 41 inescrutables meses, pudiera ser que ninguno de los citados por su jefe resultase, y de ser as\u00ed, habr\u00eda que pensar que cinco perder\u00edan.<\/p>\n<p>MONREAL \u00c1VILA-. El zacatecano presidente de la C\u00e1mara de Senadores tiene una caracter\u00edstica que posiblemente est\u00e9 presente en los cinco citados por el tabasque\u00f1o, pero no se nota tanto, veamos.<\/p>\n<p>Lo terco, necio -ambos t\u00e9rminos empleados frecuentemente por el Presidente-, y no le falta raz\u00f3n, pues a ello se debe estar donde est\u00e1, tambi\u00e9n son caracter\u00edsticas de Monreal, cualidades que incluso le hicieron cambiar de partido al negarle el PRI ser candidato al gobierno de su estado.<\/p>\n<p>Emigr\u00f3 al entonces fuerte PRD, ante el enojo del presidente Ernesto Zedillo, e identificado por sus paisanos gan\u00f3 la gubernatura. Muchos priistas de entonces criticaron a Ricardo, pues en el PRI hab\u00eda tenido todas las oportunidades pol\u00edticas\u2026 Menos la que le interesaba.<\/p>\n<p>Hab\u00eda sido legislador destacado y delegado tricolor en varias entidades del pa\u00eds, de ah\u00ed que sab\u00eda el teje y maneje del poder.<\/p>\n<p>M\u00e1s recientemente y habiendo emigrado del PRD a Morena, a mediados del sexenio pe\u00f1ista, Monreal fue titular de la conflictiva delegaci\u00f3n Cuauht\u00e9moc y sus \u201camigos\u201d le descubrieron una buena fortuna inmobiliaria, tanto en la capital como en Fresnillo, donde est\u00e1 su rancho, pero nada pas\u00f3.<\/p>\n<p>Los enterados dicen que a eso se debi\u00f3 un ef\u00edmero enfriamiento en su relaci\u00f3n con L\u00f3pez Obrador, dado que buscaba la jefatura de Gobierno, naciendo as\u00ed las \u201cencuestas patito\u201d en las que punteaba la Sheinbaum,<\/p>\n<p>Incluso Monreal acept\u00f3 haber escuchado el canto de otros partidos para arroparlo.<\/p>\n<p>Se recompuso su relaci\u00f3n con L\u00f3pez Obrador y su premio fue de seis a\u00f1os, que lo mantienen vigente PARA TODO, al tiempo.<\/p>\n<p><em><a href=\"mailto:elefa44@gmail.com\" target=\"_blank\" rel=\"noopener noreferrer\">elefa44@gmail.com<\/a><\/em><\/p>\n","protected":false},"excerpt":{"rendered":"<p><span style=\"color: #005497;\"><strong>Eleazar Flores<\/strong><\/span><\/p>\n","protected":false},"author":3,"featured_media":0,"comment_status":"open","ping_status":"open","sticky":false,"template":"","format":"standard","meta":{"_monsterinsights_skip_tracking":false,"_monsterinsights_sitenote_active":false,"_monsterinsights_sitenote_note":"","_monsterinsights_sitenote_category":0,"footnotes":""},"categories":[81743],"tags":[81744,81776,43674],"class_list":["post-513057","post","type-post","status-publish","format-standard","hentry","category-eleazar-flores","tag-eleazar-flores","tag-espacio-electoral","tag-opinion"],"_links":{"self":[{"href":"https:\/\/www.diarioimagen.net\/index.php?rest_route=\/wp\/v2\/posts\/513057","targetHints":{"allow":["GET"]}}],"collection":[{"href":"https:\/\/www.diarioimagen.net\/index.php?rest_route=\/wp\/v2\/posts"}],"about":[{"href":"https:\/\/www.diarioimagen.net\/index.php?rest_route=\/wp\/v2\/types\/post"}],"author":[{"embeddable":true,"href":"https:\/\/www.diarioimagen.net\/index.php?rest_route=\/wp\/v2\/users\/3"}],"replies":[{"embeddable":true,"href":"https:\/\/www.diarioimagen.net\/index.php?rest_route=%2Fwp%2Fv2%2Fcomments&post=513057"}],"version-history":[{"count":0,"href":"https:\/\/www.diarioimagen.net\/index.php?rest_route=\/wp\/v2\/posts\/513057\/revisions"}],"wp:attachment":[{"href":"https:\/\/www.diarioimagen.net\/index.php?rest_route=%2Fwp%2Fv2%2Fmedia&parent=513057"}],"wp:term":[{"taxonomy":"category","embeddable":true,"href":"https:\/\/www.diarioimagen.net\/index.php?rest_route=%2Fwp%2Fv2%2Fcategories&post=513057"},{"taxonomy":"post_tag","embeddable":true,"href":"https:\/\/www.diarioimagen.net\/index.php?rest_route=%2Fwp%2Fv2%2Ftags&post=513057"}],"curies":[{"name":"wp","href":"https:\/\/api.w.org\/{rel}","templated":true}]}}