{"id":513167,"date":"2021-07-08T00:05:53","date_gmt":"2021-07-08T05:05:53","guid":{"rendered":"https:\/\/www.diarioimagen.net\/?p=513167"},"modified":"2021-07-09T07:46:20","modified_gmt":"2021-07-09T12:46:20","slug":"comunidad-estudiantil-docente-y-personal-administrativo-de-la-uaem-han-sido-resilientes-ante-la-pandemia-rector-barrera-diaz","status":"publish","type":"post","link":"https:\/\/www.diarioimagen.net\/?p=513167","title":{"rendered":"Comunidad estudiantil, docente y personal administrativo de la UAEM han sido resilientes ante la pandemia: rector Barrera D\u00edaz"},"content":{"rendered":"<p><em>\u00a0<\/em><\/p>\n<ul>\n<li><strong><em>Presidi\u00f3 el segundo informe de actividades del director del Plantel \u201cDr. \u00c1ngel Mar\u00eda Garibay K.\u201d de la Escuela Preparatoria, Miguel Francisco Guti\u00e9rrez S\u00e1nchez.<\/em><\/strong><\/li>\n<\/ul>\n<p><strong>\u00a0<\/strong><\/p>\n<div id=\"attachment_513203\" style=\"width: 470px\" class=\"wp-caption aligncenter\"><a href=\"https:\/\/www.diarioimagen.net\/?attachment_id=513203\" rel=\"attachment wp-att-513203\"><img loading=\"lazy\" decoding=\"async\" aria-describedby=\"caption-attachment-513203\" class=\"size-full wp-image-513203\" src=\"https:\/\/www.diarioimagen.net\/wp-content\/uploads\/2021\/07\/uaem-4.jpg\" alt=\"\" width=\"460\" height=\"270\" \/><\/a><p id=\"caption-attachment-513203\" class=\"wp-caption-text\">El rector de la UAEM, Carlos Eduardo Barrera D\u00edaz, dijo que la pol\u00edtica de apoyo a la juventud refleja la pertinencia del modelo educativo auriverde en el nivel medio superior y es muestra fehaciente de la resiliencia de esta comunidad.<\/p><\/div>\n<p>&nbsp;<\/p>\n<p><strong>Toluca, Estado de M\u00e9xico.\u2013 <\/strong>El modelo educativo del nivel medio superior es una muestra fehaciente de la resiliencia de la comunidad universidad, que durante la pandemia y tras el periodo de confinamiento, ha mantenido sus funciones con ayuda de las tecnolog\u00edas de la informaci\u00f3n y las comunicaciones, sostuvo el rector de la Universidad Aut\u00f3noma del Estado de M\u00e9xico (UAEM), Carlos Eduardo Barrera D\u00edaz.<\/p>\n<p>Al presidir el segundo Informe de Actividades del director del Plantel \u201cDr. \u00c1ngel Mar\u00eda Garibay Kintana\u201d de la Escuela Preparatoria, Miguel Francisco Guti\u00e9rrez S\u00e1nchez, apunt\u00f3 que la comunidad universitaria tiene una clara conciencia de la responsabilidad que tiene con la sociedad, por ello mantuvo sus tareas educativas, culturales y cient\u00edficas durante la parte m\u00e1s \u00e1lgida de los contagios por el SARS-CoV-2.<\/p>\n<p>Por otro lado, el rector Carlos Eduardo Barrera enfatiz\u00f3 que 99 por ciento de los alumnos de este plantel gozan de una beca, pol\u00edtica de apoyo a la juventud que muestra la pertinencia de la Aut\u00f3noma mexiquense en la sociedad.<\/p>\n<p>\u201cNuestro modelo de bachillerato reconoce y alienta la voluntad de la comunidad por superarse. Estoy convencido de que a trav\u00e9s de las actividades culturales y deportivas se propicia una mayor empat\u00eda, respeto y tolerancia entre universitarios\u201d.<\/p>\n<p>Del mismo modo, destac\u00f3 que el Plantel, desde hace 42 a\u00f1os, ha trabajado para su superaci\u00f3n y el perfeccionamiento de sus funciones sustantivas y adjetivas, \u201clas cuales son su raz\u00f3n de existir\u201d.<\/p>\n<p>Este organismo universitario es uno de los espacios de educaci\u00f3n media superior con mayor n\u00famero de profesores de tiempo completo, con 21 acad\u00e9micos, ya que en promedio hay 13 por cada preparatoria. En este caso, se registran 132 estudiantes por cada docente.<\/p>\n<p>En su oportunidad, Miguel Francisco Guti\u00e9rrez puntualiz\u00f3 que 17 docentes se certificaron en diversas competencias educativas; adem\u00e1s, de los 157 docentes que conforman el plantel, 47 por ciento cuentan con estudios de maestr\u00eda y siete por ciento son doctores. El \u00edndice de reprobaci\u00f3n en ex\u00e1menes ordinarios fue de 2.9 por ciento, lo que representa el mejor puntaje en los \u00faltimos 10 a\u00f1os; mientras que el abandono escolar se coloc\u00f3 en 1.4 por ciento.<\/p>\n<p>En el marco de esta ceremonia se inaugur\u00f3 la Tienda Universitaria \u201cProfesor Inocente Pe\u00f1aloza Garc\u00eda\u201d, que tiene como prop\u00f3sito de ofrecer libros, as\u00ed como art\u00edculos de oficina y ropa con distintivos universitarios para fortalecer la identidad de la instituci\u00f3n.<\/p>\n","protected":false},"excerpt":{"rendered":"<p>El modelo educativo del nivel medio superior es una muestra fehaciente de la resiliencia de la comunidad universidad, que durante la pandemia y tras el periodo de confinamiento, ha mantenido sus funciones con ayuda de las tecnolog\u00edas de la informaci\u00f3n y las comunicaciones, sostuvo el rector de la Universidad Aut\u00f3noma del Estado de M\u00e9xico (UAEM), Carlos Eduardo Barrera D\u00edaz.<\/p>\n","protected":false},"author":3,"featured_media":513203,"comment_status":"open","ping_status":"open","sticky":false,"template":"","format":"standard","meta":{"_monsterinsights_skip_tracking":false,"_monsterinsights_sitenote_active":false,"_monsterinsights_sitenote_note":"","_monsterinsights_sitenote_category":0,"footnotes":""},"categories":[5],"tags":[92667,43675,93311,452],"class_list":["post-513167","post","type-post","status-publish","format-standard","has-post-thumbnail","hentry","category-estado-de-mexico","tag-carlos-eduardo-barrera-diaz","tag-estado-de-mexico","tag-resilientes","tag-toluca"],"_links":{"self":[{"href":"https:\/\/www.diarioimagen.net\/index.php?rest_route=\/wp\/v2\/posts\/513167","targetHints":{"allow":["GET"]}}],"collection":[{"href":"https:\/\/www.diarioimagen.net\/index.php?rest_route=\/wp\/v2\/posts"}],"about":[{"href":"https:\/\/www.diarioimagen.net\/index.php?rest_route=\/wp\/v2\/types\/post"}],"author":[{"embeddable":true,"href":"https:\/\/www.diarioimagen.net\/index.php?rest_route=\/wp\/v2\/users\/3"}],"replies":[{"embeddable":true,"href":"https:\/\/www.diarioimagen.net\/index.php?rest_route=%2Fwp%2Fv2%2Fcomments&post=513167"}],"version-history":[{"count":0,"href":"https:\/\/www.diarioimagen.net\/index.php?rest_route=\/wp\/v2\/posts\/513167\/revisions"}],"wp:featuredmedia":[{"embeddable":true,"href":"https:\/\/www.diarioimagen.net\/index.php?rest_route=\/wp\/v2\/media\/513203"}],"wp:attachment":[{"href":"https:\/\/www.diarioimagen.net\/index.php?rest_route=%2Fwp%2Fv2%2Fmedia&parent=513167"}],"wp:term":[{"taxonomy":"category","embeddable":true,"href":"https:\/\/www.diarioimagen.net\/index.php?rest_route=%2Fwp%2Fv2%2Fcategories&post=513167"},{"taxonomy":"post_tag","embeddable":true,"href":"https:\/\/www.diarioimagen.net\/index.php?rest_route=%2Fwp%2Fv2%2Ftags&post=513167"}],"curies":[{"name":"wp","href":"https:\/\/api.w.org\/{rel}","templated":true}]}}