{"id":513175,"date":"2021-07-08T00:02:47","date_gmt":"2021-07-08T05:02:47","guid":{"rendered":"https:\/\/www.diarioimagen.net\/?p=513175"},"modified":"2021-07-08T06:46:16","modified_gmt":"2021-07-08T11:46:16","slug":"realizan-en-naucalpan-capacitacion-que-busca-erradicar-violencia-de-genero","status":"publish","type":"post","link":"https:\/\/www.diarioimagen.net\/?p=513175","title":{"rendered":"Realizan en Naucalpan capacitaci\u00f3n que busca erradicar violencia de g\u00e9nero"},"content":{"rendered":"<p>&nbsp;<\/p>\n<ul>\n<li><strong><em>Sobre la Iniciativa Spotlight<\/em><\/strong><\/li>\n<\/ul>\n<p>&nbsp;<\/p>\n<div id=\"attachment_513265\" style=\"width: 470px\" class=\"wp-caption aligncenter\"><a href=\"https:\/\/www.diarioimagen.net\/?attachment_id=513265\" rel=\"attachment wp-att-513265\"><img loading=\"lazy\" decoding=\"async\" aria-describedby=\"caption-attachment-513265\" class=\"size-full wp-image-513265\" src=\"https:\/\/www.diarioimagen.net\/wp-content\/uploads\/2021\/07\/naucalpan-4.jpg\" alt=\"\" width=\"460\" height=\"270\" \/><\/a><p id=\"caption-attachment-513265\" class=\"wp-caption-text\">Servidores p\u00fablicos municipales y estatales iniciaron el Programa de Capacitaci\u00f3n del Paquete de Servicios Esenciales para Ni\u00f1as y Mujeres que Viven Violencia.<\/p><\/div>\n<p>&nbsp;<\/p>\n<p><strong>Naucalpan, Estado de M\u00e9xico<\/strong>.- Como parte de la Iniciativa Spotlight y con el apoyo de la Secretar\u00eda de las Mujeres Naucalpenses y la Igualdad Sustantiva, 200 servidores p\u00fablicos municipales y estatales iniciaron el Programa de Capacitaci\u00f3n del Paquete de Servicios Esenciales para Ni\u00f1as y Mujeres que Viven Violencia.<\/p>\n<p>La Secretaria de la dependencia, Adriana Gonz\u00e1lez Furlong, reconoci\u00f3 la importancia de la capacitaci\u00f3n y dijo que se trata de adquirir herramientas para brindar un enfoque integral de atenci\u00f3n y evitar la revictimizaci\u00f3n de las ni\u00f1as y mujeres que sufren maltrato.<\/p>\n<p>\u201cEste paquete de servicios esenciales para mujeres y ni\u00f1as que enfrentan violencia en nuestro municipio es clave para la mejora y profesionalizaci\u00f3n del personal que atiende este problema\u201d, destac\u00f3.<\/p>\n<p>Emma Obrador Garrido Dom\u00ednguez, Coordinadora de la implementaci\u00f3n del Paquete de Servicios Esenciales para Naucalpan y Ecatepec, de la Iniciativa Spotlight, por parte del Fondo de Poblaci\u00f3n de las Naciones Unidas (UNFPA), recalc\u00f3 la importancia de las actividades que se llevan a cabo de forma presencial y por plataformas electr\u00f3nicas.<\/p>\n<p>\u201cLas personas que toman el curso conocer\u00e1n cu\u00e1l es la ruta cr\u00edtica en la atenci\u00f3n de ni\u00f1as y mujeres que enfrentan violencia. El curso tiene un tronco com\u00fan inicial, que es el m\u00f3dulo b\u00e1sico en sensibilizaci\u00f3n con perspectiva de g\u00e9nero, despu\u00e9s la especialidad, que es seg\u00fan el tema que trabajen las personas del servicio p\u00fablico municipal, para posteriormente tener un m\u00f3dulo de gesti\u00f3n y gobernanza\u201d, coment\u00f3.<\/p>\n<p>Agreg\u00f3 que la capacitaci\u00f3n abarcar\u00e1 de 30 a 40 horas efectivas y que las y los participantes har\u00e1n uso de la plataforma Zoom, adem\u00e1s de contar con tutor\u00edas especializadas para aclarar dudas.<\/p>\n<p>\u201cLas y los participantes se seleccionaron a trav\u00e9s de las instituciones que brindan estos primeros apoyos. Generamos un perfil de qui\u00e9nes son las personas id\u00f3neas para recibir esta capacitaci\u00f3n. En t\u00e9rminos generales son quienes est\u00e1n en la primera atenci\u00f3n a las mujeres y a las ni\u00f1as.<\/p>\n<p>Roberto Carlos Guti\u00e9rrez Mart\u00ednez, coordinador de asesores de la Secretar\u00eda de Seguridad del estado de M\u00e9xico, destac\u00f3 que quienes concluyan el curso de forma satisfactoria obtendr\u00e1n un certificado con validez internacional y contar\u00e1n con una mejor capacidad para atender de primer contacto a personas violentadas.<\/p>\n<p>Resalt\u00f3 que tambi\u00e9n podr\u00e1n identificar sus necesidades y canalizarlas de mejor manera en la estructura de Gobierno para dar una atenci\u00f3n integral, completa y oportuna.<\/p>\n<p>La Iniciativa Spotlight, promovida por la Uni\u00f3n Europea y la ONU, busca erradicar la violencia contra mujeres y ni\u00f1as, as\u00ed como prevenir y eliminar el feminicidio.<\/p>\n<p>Al inicio de las actividades, asistieron adem\u00e1s, Norma Lidia Mendiola G\u00f3mez, Coordinadora del Centro de Justicia para las Mujeres de Cuautitl\u00e1n Izcalli de la Fiscal\u00eda General de Justicia del Estado de M\u00e9xico y Mary Perla R\u00edos P\u00e9rez, Subdirectora Regional Nororiente de la Defensor\u00eda Especializada de la Comisi\u00f3n Ejecutiva de Atenci\u00f3n a V\u00edctimas del Estado de M\u00e9xico.<\/p>\n","protected":false},"excerpt":{"rendered":"<p>Como parte de la Iniciativa Spotlight y con el apoyo de la Secretar\u00eda de las Mujeres Naucalpenses y la Igualdad Sustantiva, 200 servidores p\u00fablicos municipales y estatales iniciaron el Programa de Capacitaci\u00f3n del Paquete de Servicios Esenciales para Ni\u00f1as y Mujeres que Viven Violencia.<\/p>\n","protected":false},"author":3,"featured_media":513265,"comment_status":"open","ping_status":"open","sticky":false,"template":"","format":"standard","meta":{"_monsterinsights_skip_tracking":false,"_monsterinsights_sitenote_active":false,"_monsterinsights_sitenote_note":"","_monsterinsights_sitenote_category":0,"footnotes":""},"categories":[5],"tags":[43675,970,5066],"class_list":["post-513175","post","type-post","status-publish","format-standard","has-post-thumbnail","hentry","category-estado-de-mexico","tag-estado-de-mexico","tag-naucalpan","tag-violencia"],"_links":{"self":[{"href":"https:\/\/www.diarioimagen.net\/index.php?rest_route=\/wp\/v2\/posts\/513175","targetHints":{"allow":["GET"]}}],"collection":[{"href":"https:\/\/www.diarioimagen.net\/index.php?rest_route=\/wp\/v2\/posts"}],"about":[{"href":"https:\/\/www.diarioimagen.net\/index.php?rest_route=\/wp\/v2\/types\/post"}],"author":[{"embeddable":true,"href":"https:\/\/www.diarioimagen.net\/index.php?rest_route=\/wp\/v2\/users\/3"}],"replies":[{"embeddable":true,"href":"https:\/\/www.diarioimagen.net\/index.php?rest_route=%2Fwp%2Fv2%2Fcomments&post=513175"}],"version-history":[{"count":0,"href":"https:\/\/www.diarioimagen.net\/index.php?rest_route=\/wp\/v2\/posts\/513175\/revisions"}],"wp:featuredmedia":[{"embeddable":true,"href":"https:\/\/www.diarioimagen.net\/index.php?rest_route=\/wp\/v2\/media\/513265"}],"wp:attachment":[{"href":"https:\/\/www.diarioimagen.net\/index.php?rest_route=%2Fwp%2Fv2%2Fmedia&parent=513175"}],"wp:term":[{"taxonomy":"category","embeddable":true,"href":"https:\/\/www.diarioimagen.net\/index.php?rest_route=%2Fwp%2Fv2%2Fcategories&post=513175"},{"taxonomy":"post_tag","embeddable":true,"href":"https:\/\/www.diarioimagen.net\/index.php?rest_route=%2Fwp%2Fv2%2Ftags&post=513175"}],"curies":[{"name":"wp","href":"https:\/\/api.w.org\/{rel}","templated":true}]}}