{"id":513179,"date":"2021-07-08T00:01:08","date_gmt":"2021-07-08T05:01:08","guid":{"rendered":"https:\/\/www.diarioimagen.net\/?p=513179"},"modified":"2021-07-08T06:49:16","modified_gmt":"2021-07-08T11:49:16","slug":"tlalnepantla-seguimiento-de-las-acciones-de-alerta-de-genero-por-desaparicion-de-ninas-y-mujeres","status":"publish","type":"post","link":"https:\/\/www.diarioimagen.net\/?p=513179","title":{"rendered":"Tlalnepantla: seguimiento de las acciones de Alerta de G\u00e9nero por Desaparici\u00f3n de Ni\u00f1as y Mujeres"},"content":{"rendered":"<p>&nbsp;<\/p>\n<p><a href=\"https:\/\/www.diarioimagen.net\/?attachment_id=513277\" rel=\"attachment wp-att-513277\"><img loading=\"lazy\" decoding=\"async\" class=\"aligncenter size-full wp-image-513277\" src=\"https:\/\/www.diarioimagen.net\/wp-content\/uploads\/2021\/07\/tlalnepantla-6.jpg\" alt=\"\" width=\"460\" height=\"270\" \/><\/a><\/p>\n<p>&nbsp;<\/p>\n<p><strong>Tlalnepantla, Estado de M\u00e9xico<\/strong><strong>.-<\/strong> Tlalnepantla encabez\u00f3 la primera mesa de trabajo \u2018Seguimiento de las acciones de la Alerta de G\u00e9nero por Desaparici\u00f3n de Ni\u00f1as y Mujeres\u2019; participaron representantes de la fiscal\u00eda estatal y los once municipios con Alerta de G\u00e9nero, para intercambiar experiencias en el combate a la violencia contra las mujeres.<\/p>\n<p>Si requieres ayuda, llama las 24 horas del d\u00eda a la L\u00ednea Sin Violencia: 800-10-84-053, C4: 55-5366-4444 o a trav\u00e9s de un mensaje al Chat SOS: 55-4337-7725.<\/p>\n<p>&nbsp;<\/p>\n","protected":false},"excerpt":{"rendered":"<p>Tlalnepantla encabez\u00f3 la primera mesa de trabajo \u2018Seguimiento de las acciones de la Alerta de G\u00e9nero por Desaparici\u00f3n de Ni\u00f1as y Mujeres\u2019; participaron representantes de la fiscal\u00eda estatal y los once municipios con Alerta de G\u00e9nero, para intercambiar experiencias en el combate a la violencia contra las mujeres.<\/p>\n","protected":false},"author":3,"featured_media":513277,"comment_status":"open","ping_status":"open","sticky":false,"template":"","format":"standard","meta":{"_monsterinsights_skip_tracking":false,"_monsterinsights_sitenote_active":false,"_monsterinsights_sitenote_note":"","_monsterinsights_sitenote_category":0,"footnotes":""},"categories":[5],"tags":[43675,25269,169],"class_list":["post-513179","post","type-post","status-publish","format-standard","has-post-thumbnail","hentry","category-estado-de-mexico","tag-estado-de-mexico","tag-genero","tag-tlalnepantla"],"_links":{"self":[{"href":"https:\/\/www.diarioimagen.net\/index.php?rest_route=\/wp\/v2\/posts\/513179","targetHints":{"allow":["GET"]}}],"collection":[{"href":"https:\/\/www.diarioimagen.net\/index.php?rest_route=\/wp\/v2\/posts"}],"about":[{"href":"https:\/\/www.diarioimagen.net\/index.php?rest_route=\/wp\/v2\/types\/post"}],"author":[{"embeddable":true,"href":"https:\/\/www.diarioimagen.net\/index.php?rest_route=\/wp\/v2\/users\/3"}],"replies":[{"embeddable":true,"href":"https:\/\/www.diarioimagen.net\/index.php?rest_route=%2Fwp%2Fv2%2Fcomments&post=513179"}],"version-history":[{"count":0,"href":"https:\/\/www.diarioimagen.net\/index.php?rest_route=\/wp\/v2\/posts\/513179\/revisions"}],"wp:featuredmedia":[{"embeddable":true,"href":"https:\/\/www.diarioimagen.net\/index.php?rest_route=\/wp\/v2\/media\/513277"}],"wp:attachment":[{"href":"https:\/\/www.diarioimagen.net\/index.php?rest_route=%2Fwp%2Fv2%2Fmedia&parent=513179"}],"wp:term":[{"taxonomy":"category","embeddable":true,"href":"https:\/\/www.diarioimagen.net\/index.php?rest_route=%2Fwp%2Fv2%2Fcategories&post=513179"},{"taxonomy":"post_tag","embeddable":true,"href":"https:\/\/www.diarioimagen.net\/index.php?rest_route=%2Fwp%2Fv2%2Ftags&post=513179"}],"curies":[{"name":"wp","href":"https:\/\/api.w.org\/{rel}","templated":true}]}}