{"id":513286,"date":"2021-07-08T00:12:45","date_gmt":"2021-07-08T05:12:45","guid":{"rendered":"https:\/\/www.diarioimagen.net\/?p=513286"},"modified":"2021-07-09T05:05:42","modified_gmt":"2021-07-09T10:05:42","slug":"german-martinez-le-recuerda-a-amlo-que-lanzar-candidato-no-le-garantizara-el-triunfo","status":"publish","type":"post","link":"https:\/\/www.diarioimagen.net\/?p=513286","title":{"rendered":"Germ\u00e1n Mart\u00ednez le recuerda a AMLO que lanzar candidato no le garantizar\u00e1 el triunfo\u00a0"},"content":{"rendered":"<h2>Tras la puerta del poder<\/h2>\n<h5>Roberto Vizca\u00edno<\/h5>\n<p>&nbsp;<\/p>\n<p>Ex presidente del PAN, el senador neo-morenista <strong>Germ\u00e1n Mart\u00ednez<\/strong> considera que, si <strong>Andr\u00e9s Manuel L\u00f3pez Obrador<\/strong> est\u00e1 intentando desde ahora ignorar las posibilidades de sucesi\u00f3n de <strong>Ricardo Monreal<\/strong>, estar\u00e1 cometiendo un grave error de c\u00e1lculo pol\u00edtico.<\/p>\n<p>Hoy <strong>Monreal<\/strong>, le advirti\u00f3 a <strong>AMLO<\/strong> el ex panista, est\u00e1 en forma sobresaliente dentro del juego de sucesi\u00f3n en el contexto de una realidad en la que los Presidentes ya no imponen herederos.<\/p>\n<p>En un an\u00e1lisis -sobre la sucesi\u00f3n muy adelantada abierta por el presidente <strong>L\u00f3pez Obrador<\/strong>&#8211;<strong>,<\/strong> durante el programa de ayer de <strong>Ciro G\u00f3mez Leyva,<\/strong> el pol\u00edtico michoacano le record\u00f3 al mandatario que al menos desde el sexenio de <strong>Ernesto Zedillo<\/strong> a la fecha -ni <strong>Fox<\/strong>, ni <strong>Calder\u00f3n<\/strong> ni <strong>Pe\u00f1a Nieto<\/strong>&#8211; lograron sacar adelante a sus candidatos.<\/p>\n<p>En este contexto, <strong>AMLO<\/strong> no tendr\u00eda porqu\u00e9 dejar al suyo, fue la conclusi\u00f3n. Y en todos esos casos, desde hace 25 a\u00f1os, <em>los ganadores han sido quienes se fueron por la libre<\/em>. Como podr\u00eda ser, seg\u00fan se ve, el caso de <strong>Monreal<\/strong> quien tiene la experiencia de as\u00ed haber llegado a la gubernatura de Zacatecas.<\/p>\n<p>Como sea que se desarrolle, el juego de la sucesi\u00f3n est\u00e1 abierto y el zacatecano apunta con grandes posibilidades, advirti\u00f3 <strong>Germ\u00e1n Mart\u00ednez<\/strong>, quien sin duda es un pol\u00edtico con suficiente experiencia para hacer estas prospectivas.<\/p>\n<p style=\"text-align: center;\"><strong>Y hablando de&#8230; <\/strong><\/p>\n<p>Para el senador <strong>Ricardo Monreal<\/strong>, el gobierno del presidente <strong>L\u00f3pez Obrador<\/strong> s\u00ed garantiza el abasto de medicamentos para el sector Salud, incluidas las medicinas oncol\u00f3gicas que se utilizan en el tratamiento de los diferentes padecimientos de c\u00e1ncer.<\/p>\n<p>La desaparici\u00f3n del Seguro Popular, que ni era seguro y menos popular, dijo, dio paso al Insabi, que fue aprobado por mayor\u00eda en el Senado, sistema que ha trabajado por el bienestar de las clases m\u00e1s necesitadas del pa\u00eds.<\/p>\n<p>El zacatecano afirm\u00f3 que, desde el inicio de su gesti\u00f3n, el presidente <strong>L\u00f3pez Obrador<\/strong> se ha preocupado por priorizar la atenci\u00f3n m\u00e9dica y medicamentos gratuitos a las y los mexicanos que carecen de protecci\u00f3n de la salud.<\/p>\n<p>Para ello, las dependencias que componen el sector Salud, afirm\u00f3, trabajan, de manera coordinada, <strong>en el redise\u00f1o<\/strong> de la proveedur\u00eda de medicamentos.<\/p>\n<p>Es una nueva pol\u00edtica de Estado que <strong>se construye con bases s\u00f3lidas<\/strong> para que toda la poblaci\u00f3n del pa\u00eds tenga acceso a sus medicamentos.<\/p>\n<p>En particular el sector Salud, pero el pa\u00eds en su conjunto (adem\u00e1s de las naciones del mundo), ha tenido que luchar en contra de una pandemia que ha costado millones de vidas a la humanidad y en la cual, M\u00e9xico, no ha sido indiferente: el gobierno trabaja para reducir sus efectos y brindar protecci\u00f3n del sector salud a los habitantes del pa\u00eds.<\/p>\n<p>Desde octubre del a\u00f1o pasado -no obstante, la batalla contra la pandemia- se empez\u00f3 a implementar un programa ambicioso para llevar la medicina de especialidad a todos los rincones del pa\u00eds, reconoci\u00f3 el tambi\u00e9n presidente de la Junta de Coordinaci\u00f3n Pol\u00edtica del Senado.<\/p>\n<p>Dentro de este esquema, se busc\u00f3, afirma, que los ni\u00f1os y ni\u00f1as con c\u00e1ncer no tuvieran que desplazarse a los grandes centros nacionales para recibir el tratamiento.<\/p>\n<p>Estos Centros de Referencia Estatal para la Atenci\u00f3n del Ni\u00f1o con C\u00e1ncer se implementaron en todos los estados de manera gradual, homologando tratamientos con protocolos institucionales, asesor\u00eda y capacitaci\u00f3n continua por la UMAE correspondiente, puntualiz\u00f3.<\/p>\n<p style=\"text-align: center;\"><strong>Ya lleg\u00f3 Gabriel Garc\u00eda<\/strong><\/p>\n<p>En medio de grandes dudas, ayer finalmente la sesi\u00f3n plenaria de la Comisi\u00f3n Permanente conoci\u00f3 del reingreso del senador <strong>Gabriel Garc\u00eda Hern\u00e1ndez<\/strong>, quien a partir de ese momento forma parte de la bancada de Morena.<\/p>\n<p>Ya veremos si tuvieron o no base todas las especulaciones que se realizaron alrededor de su regreso.<\/p>\n<p style=\"text-align: center;\"><strong>Van PAN, PRI Y PRD por anulaci\u00f3n en 3 estados <\/strong><\/p>\n<p>En otro frente, los partidos de la alianza Va Por M\u00e9xico (PAN, PRI y PRD) van por la anulaci\u00f3n de las elecciones en Campeche, Michoac\u00e1n y San Luis Potos\u00ed. Sus l\u00edderes advierten que existen suficientes elementos para alcanzar estas anulaciones. En los tres casos hubo fraudes, exceso de topes de campa\u00f1a, promoci\u00f3n indebida del voto, vulneraci\u00f3n de la cadena de custodia, uso de los programas sociales y amenazas de la delincuencia organizada, indican.<\/p>\n<p>El proceso est\u00e1 en curso.<\/p>\n<p><em><a href=\"mailto:rvizcainoa@gmail.com\" target=\"_blank\" rel=\"noopener noreferrer\">rvizcainoa@gmail.com<\/a><br \/>\n<u><a href=\"http:\/\/endirecto.mx\" target=\"_blank\" rel=\"noopener noreferrer\">www.endirecto.mx<\/a><br \/>\n<a href=\"https:\/\/twitter.com\/_rvizcaino\" target=\"_blank\" rel=\"noopener noreferrer\">@_RVizcaino<\/a><br \/>\n<a href=\"https:\/\/www.facebook.com\/rvizcainoa\" target=\"_blank\" rel=\"noopener noreferrer\">facebook.com\/rvizcainoa<\/a><\/u><\/em><\/p>\n","protected":false},"excerpt":{"rendered":"<p><span style=\"color: #005497;\"><strong>Roberto Vizca\u00edno<\/strong><\/span><br \/>\n<br \/>\nEx presidente del PAN, el senador neo-morenista <strong>Germ\u00e1n Mart\u00ednez<\/strong> considera que, si <strong>Andr\u00e9s Manuel L\u00f3pez Obrador<\/strong> est\u00e1 intentando desde ahora ignorar las posibilidades de sucesi\u00f3n de <strong>Ricardo Monreal<\/strong>, estar\u00e1 cometiendo un grave error de c\u00e1lculo pol\u00edtico.<\/p>\n","protected":false},"author":3,"featured_media":0,"comment_status":"open","ping_status":"open","sticky":false,"template":"","format":"standard","meta":{"_monsterinsights_skip_tracking":false,"_monsterinsights_sitenote_active":false,"_monsterinsights_sitenote_note":"","_monsterinsights_sitenote_category":0,"footnotes":""},"categories":[136],"tags":[43674,93,94],"class_list":["post-513286","post","type-post","status-publish","format-standard","hentry","category-roberto-vizcaino-opinion","tag-opinion","tag-roberto-vizcaino","tag-tras-la-puerta-del-poder"],"_links":{"self":[{"href":"https:\/\/www.diarioimagen.net\/index.php?rest_route=\/wp\/v2\/posts\/513286","targetHints":{"allow":["GET"]}}],"collection":[{"href":"https:\/\/www.diarioimagen.net\/index.php?rest_route=\/wp\/v2\/posts"}],"about":[{"href":"https:\/\/www.diarioimagen.net\/index.php?rest_route=\/wp\/v2\/types\/post"}],"author":[{"embeddable":true,"href":"https:\/\/www.diarioimagen.net\/index.php?rest_route=\/wp\/v2\/users\/3"}],"replies":[{"embeddable":true,"href":"https:\/\/www.diarioimagen.net\/index.php?rest_route=%2Fwp%2Fv2%2Fcomments&post=513286"}],"version-history":[{"count":0,"href":"https:\/\/www.diarioimagen.net\/index.php?rest_route=\/wp\/v2\/posts\/513286\/revisions"}],"wp:attachment":[{"href":"https:\/\/www.diarioimagen.net\/index.php?rest_route=%2Fwp%2Fv2%2Fmedia&parent=513286"}],"wp:term":[{"taxonomy":"category","embeddable":true,"href":"https:\/\/www.diarioimagen.net\/index.php?rest_route=%2Fwp%2Fv2%2Fcategories&post=513286"},{"taxonomy":"post_tag","embeddable":true,"href":"https:\/\/www.diarioimagen.net\/index.php?rest_route=%2Fwp%2Fv2%2Ftags&post=513286"}],"curies":[{"name":"wp","href":"https:\/\/api.w.org\/{rel}","templated":true}]}}