{"id":513294,"date":"2021-07-08T00:09:22","date_gmt":"2021-07-08T05:09:22","guid":{"rendered":"https:\/\/www.diarioimagen.net\/?p=513294"},"modified":"2021-07-08T07:03:30","modified_gmt":"2021-07-08T12:03:30","slug":"gas-bienestar-al-mismo-precio-que-gaseras","status":"publish","type":"post","link":"https:\/\/www.diarioimagen.net\/?p=513294","title":{"rendered":"\u201cGas Bienestar\u201d, al mismo precio que gaseras"},"content":{"rendered":"<h2>Poder y dinero<\/h2>\n<h5>V\u00edctor S\u00e1nchez Ba\u00f1os<\/h5>\n<p><em>\u00a0<\/em><\/p>\n<ul>\n<li><strong><em>Pemex, a la distribuci\u00f3n casa por casa<\/em><\/strong><\/li>\n<li><strong><em>No entrar\u00e1 a competir en Gas Natural<\/em><\/strong><\/li>\n<li><strong><em>7.97 kilo m\u00e1s barato; Gobierno, 20<\/em><\/strong><\/li>\n<li><strong><em>ACCENDO Banco super\u00f3 severa crisis<\/em><\/strong><\/li>\n<\/ul>\n<p>&nbsp;<\/p>\n<p style=\"text-align: right;\"><em>Las palabras son como monedas, que una vale<br \/>\npor muchas como muchas no valen por una<\/em><br \/>\n<strong>Francisco de Quevedo<\/strong>, 1580-1645, escritor espa\u00f1ol<\/p>\n<p>&nbsp;<\/p>\n<p>El Presidente L\u00f3pez Obrador meti\u00f3 la mano, de lleno, en el mercado del gas LP, mediante un mecanismo que llam\u00f3 \u201cGas Bienestar\u201d.<\/p>\n<p>Y, dicho sea de paso, esta intromisi\u00f3n est\u00e1 completamente justificada ante el injustificado disparo en el precio del gas LP; que se entrega en cilindros o en salchichas estacionarias. AMLO dijo que los distribuidores de gas no han cumplido con el compromiso de no aumentar el precio del combustible.\u00a0 Luego a\u00f1ade: en materia de gasolina, di\u00e9sel y energ\u00eda el\u00e9ctrica, \u201che cumplido\u201d.<\/p>\n<p>Aqu\u00ed es donde surgen las dudas.<\/p>\n<p>En primer lugar, es cierto que aument\u00f3 el precio del gas de tal forma que es materialmente impagable para una sociedad de salario m\u00ednimo.<\/p>\n<p>Sin embargo, el precio del gas LP se basa en el precio que les impone Pemex a los distribuidores, lo que no dej\u00f3 claro al dar a conocer la noticia. Cuanto es lo que venden el kilo y en cuanto lo venden los gaseros. Adem\u00e1s, se ve una diferencia notable entre el precio del gas natural y el gas LP. Esto llega a costar hasta el 350% m\u00e1s del que distribuyen directamente en tuber\u00edas a las casas.<\/p>\n<p>En materia de gasolina, el precio se ha incrementado, tanto en la regular como en la Premium, di\u00e9sel y hasta en la turbosina, para los aviones. Ha superado los niveles que ten\u00eda anteriormente y a\u00fan se mantiene m\u00e1s cara que la que venden en gasoliner\u00edas de Estados Unidos, inclusive en las gasoliner\u00edas de la marca Pemex, donde el costo es inferior a los 10 pesos por litro. Anunci\u00f3 el presidente que \u201cGas Bienestar\u201d entrar\u00e1 en servicio en unos 3 meses en la Ciudad de M\u00e9xico, donde vender\u00e1 el kilo de gas LP de 20 a 30 pesos.\u00a0 Pero, no va a convenir este precio ya que, de acuerdo a la p\u00e1gina del Consejo Regulador de Energ\u00eda, el precio m\u00e1s barato por kilo lo da en el sector privado Servicios Especiales de Gas LP, en 17.97 pesos, y el m\u00e1s caro lo ofrece Azteca Gas, en 28.45.<\/p>\n<p>Es similar el margen que dio a conocer el Presidente con los precios de \u201cGas Bienestar\u201d. Entonces, \u00bfcu\u00e1l es la diferencia? El amplio margen de diferencia, hace ver que no habr\u00e1 diferencia entre las empresas privadas y la decisi\u00f3n p\u00fablica. Otra decisi\u00f3n de relumbr\u00f3n.\u00a0 Lo \u00fanico bueno, es que se ampl\u00eda el abanico de oferta de un producto y podr\u00eda provocar una presi\u00f3n a la baja en el precio. Ya veremos.<\/p>\n<p style=\"text-align: center;\"><strong>PODEROSOS CABALLEROS<\/strong><\/p>\n<p><strong>ACCENDO BANCO: <\/strong>Accendo Banco, despu\u00e9s de atravesar por momentos dif\u00edciles en 2017, cuando se hizo cargo esta nueva administraci\u00f3n, supera los momentos dif\u00edciles y repunta en forma acelerada. A la vanguardia tecnol\u00f3gica, Accendo se ha convertido en la opci\u00f3n ideal para las Fintech que buscan operar en nuestro pa\u00eds. De igual manera, a trav\u00e9s de su Hub de Pagos Digital, se ha posicionado al m\u00e1s alto nivel en el mercado de pagos gracias a la preferencia mostrada por sus clientes. Accendo se ha fortalecido con socios estrat\u00e9gicos, como Toka Internacional, empresa l\u00edder en medios de pago de los hermanos Villanueva, as\u00ed como de la mano de Javier Reyes de la Campa, su presidente y director general. Una clara visi\u00f3n del mercado y una firme voluntad por ser una instituci\u00f3n de \u00faltima generaci\u00f3n, con la tecnolog\u00eda como herramienta, al servicio de quienes ponen su confianza en la instituci\u00f3n. Los n\u00fameros no mienten. A mayo de 2021, los activos totales del banco alcanzaron la cifra de 10,256 millones de pesos, un incremento de 52% respecto al mismo periodo de 2020. En ese lapso sus valores se elevaron 83.7%; su capital contable se increment\u00f3 3% y se redujo su p\u00e9rdida neta a 98 millones de pesos. Sacrificando utilidades para el banco y accionistas, durante el a\u00f1o pasado se redujo el \u00edndice de morosidad desde 21.39% a 1.54% al d\u00eda de hoy. Les adelanto que en breve llegar\u00e1n nuevos inversionistas y capitalizaciones. Accendo Banco, se muestra como una instituci\u00f3n s\u00f3lida y con buenas perspectivas a futuro.<\/p>\n<p><strong>JP MORGAN Y DEUTSCHE BANK: <\/strong>Este es un golpe severo al sistema bancario mexicano. JP Morgan y Deutsche Bank cerrar\u00e1n sus oficinas de representaci\u00f3n en M\u00e9xico. JP Morgan, el banco m\u00e1s grande de Estados Unidos, a principios de este a\u00f1o, lleg\u00f3 a un acuerdo para entregar sus negocios locales a BBVA M\u00e9xico, liderado por Eduardo Osuna. JP Morgan, con el liderazgo de Felipe Garc\u00eda Moreno, llevaba m\u00e1s de 100 a\u00f1os de operar en el pa\u00eds y mantendr\u00e1 el resto de sus negocios bajo otras licencias otorgadas en materia bancaria. Se inform\u00f3 que no es una salida del pa\u00eds de esta instituci\u00f3n, sino un reordenamiento de los negocios. Deutsche Bank, que encabeza Adri\u00e9n Herrera, mantiene a\u00fan la licencia bancaria y lo que cerr\u00f3 fue la oficina de representaci\u00f3n en el pa\u00eds y su decisi\u00f3n se basa en la disminuci\u00f3n de personal ordenada en Frankfurt. Ambos bancos no realizaban operaciones minoristas en M\u00e9xico. Adem\u00e1s, la decisi\u00f3n de vender la cartera de banca privada y salirse de ese negocio en espec\u00edfico, no est\u00e1 relacionada con la crisis, problemas o riesgos con el pa\u00eds. Mantendr\u00e1n sus operaciones en otros mercados.<\/p>\n<p><strong>RESPONSABILIDAD SOCIAL CORPORATIVA L\u2019OR\u00c9AL: <\/strong>En su compromiso de L\u2019Or\u00e9al, liderado en M\u00e9xico por Kenneth Campbell, sostiene su compromiso de la belleza que mueve al mundo en todos los niveles: para el planeta, los productos que brinda a sus consumidores y las personas. Ello a trav\u00e9s de generar confianza, por la \u00a0calidad, eficacia, seguridad, sinceridad y responsabilidad. Adem\u00e1s, tiene compromisos claros en temas de sustentabilidad al 2030 para combatir el cambio clim\u00e1tico, respetando la biodiversidad y preservando los recursos naturales. A todo ello se suma, que desde 1989 en Grupo L\u00b4Or\u00e9al ces\u00f3 completamente el testeo en animales, es decir, 14 a\u00f1os antes a lo requerido por la regulaci\u00f3n europea. Acabar con la crueldad animal.\u00a0 Actualmente el 87 por ciento de sus ingredientes son provenientes de fuentes sustentables; la meta para el 2030 es alcanzar el 95 por ciento. Buenos resultados.<\/p>\n<p>&nbsp;<\/p>\n<blockquote>\n<p style=\"text-align: right;\"><strong>Esc\u00fachame de lunes a viernes, de 21 a 22 horas,<br \/>\nen \u201cV\u00edctor S\u00e1nchez Ba\u00f1os en MVS\u201d<\/strong><\/p>\n<\/blockquote>\n<p>&nbsp;<\/p>\n<p><a href=\"https:\/\/mvsnoticias.com\/\" target=\"_blank\" rel=\"noopener noreferrer\"><em>MVSnoticias.com<\/em><\/a><br \/>\n<a href=\"http:\/\/poderydinero.mx\" target=\"_blank\" rel=\"noopener noreferrer\"><em>poderydinero.mx<\/em><\/a><em><b><br \/>\n<\/b><a href=\"mailto:vsb@poderydinero.mx\" target=\"_blank\" rel=\"noopener noreferrer\">vsb@poderydinero.mx<\/a><a href=\"mailto:vsanchezb@gmail.com\" target=\"_blank\" rel=\"noopener noreferrer\"><br \/>\n<\/a><strong>Twitter:<\/strong><a href=\"https:\/\/twitter.com\/vsanchezbanos\" target=\"_blank\" rel=\"noopener noreferrer\">@vsanchezbanos<br \/>\n<\/a><strong>Facebook: <\/strong><a href=\"https:\/\/www.facebook.com\/vsanchezbanos?fref=ts\" target=\"_blank\" rel=\"noopener noreferrer\">vsanchezbanos<\/a><\/em><\/p>\n","protected":false},"excerpt":{"rendered":"<p><span style=\"color: #005497;\"><strong>V\u00edctor S\u00e1nchez Ba\u00f1os<\/strong><\/span><\/p>\n","protected":false},"author":3,"featured_media":0,"comment_status":"open","ping_status":"open","sticky":false,"template":"","format":"standard","meta":{"_monsterinsights_skip_tracking":false,"_monsterinsights_sitenote_active":false,"_monsterinsights_sitenote_note":"","_monsterinsights_sitenote_category":0,"footnotes":""},"categories":[38844],"tags":[38847,38848],"class_list":["post-513294","post","type-post","status-publish","format-standard","hentry","category-victor-sanchez-banos","tag-poder-y-dinero","tag-victor-sanchez-banos"],"_links":{"self":[{"href":"https:\/\/www.diarioimagen.net\/index.php?rest_route=\/wp\/v2\/posts\/513294","targetHints":{"allow":["GET"]}}],"collection":[{"href":"https:\/\/www.diarioimagen.net\/index.php?rest_route=\/wp\/v2\/posts"}],"about":[{"href":"https:\/\/www.diarioimagen.net\/index.php?rest_route=\/wp\/v2\/types\/post"}],"author":[{"embeddable":true,"href":"https:\/\/www.diarioimagen.net\/index.php?rest_route=\/wp\/v2\/users\/3"}],"replies":[{"embeddable":true,"href":"https:\/\/www.diarioimagen.net\/index.php?rest_route=%2Fwp%2Fv2%2Fcomments&post=513294"}],"version-history":[{"count":0,"href":"https:\/\/www.diarioimagen.net\/index.php?rest_route=\/wp\/v2\/posts\/513294\/revisions"}],"wp:attachment":[{"href":"https:\/\/www.diarioimagen.net\/index.php?rest_route=%2Fwp%2Fv2%2Fmedia&parent=513294"}],"wp:term":[{"taxonomy":"category","embeddable":true,"href":"https:\/\/www.diarioimagen.net\/index.php?rest_route=%2Fwp%2Fv2%2Fcategories&post=513294"},{"taxonomy":"post_tag","embeddable":true,"href":"https:\/\/www.diarioimagen.net\/index.php?rest_route=%2Fwp%2Fv2%2Ftags&post=513294"}],"curies":[{"name":"wp","href":"https:\/\/api.w.org\/{rel}","templated":true}]}}