{"id":513324,"date":"2021-07-09T00:01:14","date_gmt":"2021-07-09T05:01:14","guid":{"rendered":"https:\/\/www.diarioimagen.net\/?p=513324"},"modified":"2021-07-09T07:10:51","modified_gmt":"2021-07-09T12:10:51","slug":"amlo-se-fija-plazo-de-3-meses-para-la-venta-de-gas-bienestar","status":"publish","type":"post","link":"https:\/\/www.diarioimagen.net\/?p=513324","title":{"rendered":"AMLO se fija plazo de 3 meses para la venta de \u201cGas Bienestar\u201d"},"content":{"rendered":"<p>&nbsp;<\/p>\n<ul>\n<li><strong><em>\u201cCofece es un florero y un cero a la izquierda\u201d<\/em><\/strong><\/li>\n<\/ul>\n<p>&nbsp;<\/p>\n<div id=\"attachment_513434\" style=\"width: 470px\" class=\"wp-caption aligncenter\"><a href=\"https:\/\/www.diarioimagen.net\/?attachment_id=513434\" rel=\"attachment wp-att-513434\"><img loading=\"lazy\" decoding=\"async\" aria-describedby=\"caption-attachment-513434\" class=\"size-full wp-image-513434\" src=\"https:\/\/www.diarioimagen.net\/wp-content\/uploads\/2021\/07\/amlo-1.jpg\" alt=\"\" width=\"460\" height=\"270\" \/><\/a><p id=\"caption-attachment-513434\" class=\"wp-caption-text\">El presidente Andr\u00e9s Manuel L\u00f3pez Obrador dijo que la Comisi\u00f3n Federal de Competencia Econ\u00f3mica es \u201cun florero y un cero a la izquierda\u201d, luego de que \u00e9sta se pronunciara contra su plan para vender gas.<\/p><\/div>\n<p>&nbsp;<\/p>\n<p>A m\u00e1s tardar, en tres meses iniciar\u00e1 la venta de cilindros del \u201cGas Bienestar\u201d en la Ciudad de M\u00e9xico y, a la par, se analizar\u00e1 la posibilidad de que el gobierno brinde el servicio a tanques estacionarios y gas natural, anunci\u00f3 el presidente Andr\u00e9s Manuel L\u00f3pez Obrador.<\/p>\n<p>El mandatario dijo que la Comisi\u00f3n Federal de Competencia Econ\u00f3mica (Cofece) es \u201cun florero y un cero a la izquierda\u201d, luego de que \u00e9sta se pronunciara contra el plan del gobierno federal para vender gas a un precio m\u00e1s bajo.<\/p>\n<p>\u201cTenemos ya un plazo tres meses para que empecemos a distribuir el gas en la ciudad. Ya habl\u00e9, despu\u00e9s del anuncio, con el director de Pemex; ya est\u00e1 trabajando con eso, tenemos los recursos, no hay problema, pero adem\u00e1s tenemos el gas. Pemex tiene gas y adem\u00e1s lo importa, tenemos la materia prima y, si es necesario, podemos importar m\u00e1s, tenemos el presupuesto\u201d, se\u00f1al\u00f3.<\/p>\n<p>L\u00f3pez Obrador dej\u00f3 en claro que este plan servir\u00e1 para que el aumento en el combustible no afecte la econom\u00eda popular, pero tambi\u00e9n para que \u00e9l no \u201cquede como demagogo y mentiroso\u201d pues el alza en el gas no le permite cumplir con uno de sus compromisos emblem\u00e1ticos.<\/p>\n<p>Recalc\u00f3 que la empresa estatal servir\u00e1 para que haya competencia, tal como pasa en el mercado de las gasolinas, \u201c\u00bfqu\u00e9? \u00bfquieren la libertad del zorro en el gallinero? Esa ya no hay\u201d, coment\u00f3.<\/p>\n<p>\u201cNo lo hacemos en otros productos, no es una pol\u00edtica generalizada, esto es porque nos est\u00e1 perjudicando, adem\u00e1s de afectar la econom\u00eda popular, me est\u00e1 dejando como demagogo, como mentiroso.<\/p>\n<p>\u201cHice el compromiso que no iba a aumentar el precio y he logrado cumplir en gasolinas, la luz, el di\u00e9sel, pero aqu\u00ed no puedo, porque adem\u00e1s no hay ninguna raz\u00f3n. (\u2026) Vamos a bajar esto. Ellos que se apliquen, vamos a competir, pero no es posible que haya estos aumentos\u201d, remarc\u00f3.<\/p>\n<p>El jefe del Ejecutivo federal arremeti\u00f3 contra la Cofece por pronunciarse contra el plan de su gobierno, al se\u00f1alar que no se les quitar\u00e1 el mercado a las empresas particulares, pues Petr\u00f3leos Mexicanos (Pemex) ser\u00e1 un competidor m\u00e1s en el sector. Incluso, no descart\u00f3 que los servicios de Gas Bienestar puedan ampliarse a gas estacionario y gas natural.<\/p>\n<p>\u201cEs una empresa del pueblo, aunque digan los conservadores que es populismo, estatismo, paternalismo, como le llamen. (\u2026) Tienen todo el mercado y hacen lo que quieren \u00bfy el Estado d\u00f3nde est\u00e1? Quieren que se diluya y que nada m\u00e1s quede el mercado, no, eso era antes\u201d, agreg\u00f3.<\/p>\n<p>Se\u00f1al\u00f3 no se va a quedar esperando a que cada lunes la Procuradur\u00eda Federal del Consumidor (Profeco) reporte los altos precios en el gas, \u201c\u00bfqu\u00e9 estamos pintados o qu\u00e9?\u201d.<\/p>\n<p style=\"text-align: center;\"><strong>AMLO descarta incremento en fallecidos por Covid<\/strong><\/p>\n<p>Sobre la tercera ola de Covid, el presidente L\u00f3pez Obrador advirti\u00f3 que en varios estados del pa\u00eds hay un repunte de contagios de coronavirus en los j\u00f3venes; sin embargo, descart\u00f3 que haya un incremento en los fallecimientos.<\/p>\n<p>Asegur\u00f3 que los fallecimientos por covid-19 no aumentan de la misma forma que los contagios debido a los avances en el proceso de vacunaci\u00f3n.<\/p>\n<p>\u201cAhora que hay repunte, hay contagios sobre todo de j\u00f3venes; \u00e9se es el fen\u00f3meno que se est\u00e1 presentando en el pa\u00eds, m\u00e1s contagio de j\u00f3venes, ellos tienen m\u00e1s resistencia al covid.<\/p>\n<p>\u201cPero tambi\u00e9n aunque hay m\u00e1s contagio o se est\u00e1 reactivando la pandemia en algunos estados, afortunadamente no tenemos incrementos en fallecidos porque ya se avanz\u00f3 con la vacunaci\u00f3n\u201d, dijo en Palacio Nacional.<\/p>\n<p>Por ello, el Presidente hizo un llamado a la poblaci\u00f3n a vacunarse contra el coronavirus, pues dijo que hubo personas que no acudieron a recibir su dosis por temor o porque no lo consideran necesario.<\/p>\n<p>\u201cS\u00ed ayuda mucho el vacunarnos, sobre todo la gente mayor. Sin queda gente que no se vacun\u00f3, que consideraba que no era necesario, por alg\u00fan temor a una reacci\u00f3n les recomendar\u00eda que lo pensaran, que se vacunen, si funciona, si ayuda, s\u00ed protege. \u00c9se es el llamado\u201d, coment\u00f3.<\/p>\n<p>&nbsp;<\/p>\n","protected":false},"excerpt":{"rendered":"<p>A m\u00e1s tardar, en tres meses iniciar\u00e1 la venta de cilindros del \u201cGas Bienestar\u201d en la Ciudad de M\u00e9xico y, a la par, se analizar\u00e1 la posibilidad de que el gobierno brinde el servicio a tanques estacionarios y gas natural, anunci\u00f3 el presidente Andr\u00e9s Manuel L\u00f3pez Obrador.<\/p>\n","protected":false},"author":3,"featured_media":513434,"comment_status":"open","ping_status":"open","sticky":false,"template":"","format":"standard","meta":{"_monsterinsights_skip_tracking":false,"_monsterinsights_sitenote_active":false,"_monsterinsights_sitenote_note":"","_monsterinsights_sitenote_category":0,"footnotes":""},"categories":[3],"tags":[43678,93312,292,13047],"class_list":["post-513324","post","type-post","status-publish","format-standard","has-post-thumbnail","hentry","category-nacional","tag-finanzas","tag-gas-bienestar","tag-pemex","tag-venta"],"_links":{"self":[{"href":"https:\/\/www.diarioimagen.net\/index.php?rest_route=\/wp\/v2\/posts\/513324","targetHints":{"allow":["GET"]}}],"collection":[{"href":"https:\/\/www.diarioimagen.net\/index.php?rest_route=\/wp\/v2\/posts"}],"about":[{"href":"https:\/\/www.diarioimagen.net\/index.php?rest_route=\/wp\/v2\/types\/post"}],"author":[{"embeddable":true,"href":"https:\/\/www.diarioimagen.net\/index.php?rest_route=\/wp\/v2\/users\/3"}],"replies":[{"embeddable":true,"href":"https:\/\/www.diarioimagen.net\/index.php?rest_route=%2Fwp%2Fv2%2Fcomments&post=513324"}],"version-history":[{"count":0,"href":"https:\/\/www.diarioimagen.net\/index.php?rest_route=\/wp\/v2\/posts\/513324\/revisions"}],"wp:featuredmedia":[{"embeddable":true,"href":"https:\/\/www.diarioimagen.net\/index.php?rest_route=\/wp\/v2\/media\/513434"}],"wp:attachment":[{"href":"https:\/\/www.diarioimagen.net\/index.php?rest_route=%2Fwp%2Fv2%2Fmedia&parent=513324"}],"wp:term":[{"taxonomy":"category","embeddable":true,"href":"https:\/\/www.diarioimagen.net\/index.php?rest_route=%2Fwp%2Fv2%2Fcategories&post=513324"},{"taxonomy":"post_tag","embeddable":true,"href":"https:\/\/www.diarioimagen.net\/index.php?rest_route=%2Fwp%2Fv2%2Ftags&post=513324"}],"curies":[{"name":"wp","href":"https:\/\/api.w.org\/{rel}","templated":true}]}}