{"id":513369,"date":"2021-07-09T00:02:59","date_gmt":"2021-07-09T05:02:59","guid":{"rendered":"https:\/\/www.diarioimagen.net\/?p=513369"},"modified":"2021-07-09T04:05:57","modified_gmt":"2021-07-09T09:05:57","slug":"anaya-samuel-garcia-alfaro-del-mazo-y-alito-moreno-se-apuntan-para-2024","status":"publish","type":"post","link":"https:\/\/www.diarioimagen.net\/?p=513369","title":{"rendered":"Anaya, Samuel Garc\u00eda, Alfaro, Del Mazo y \u201cAlito\u201d Moreno se apuntan para 2024"},"content":{"rendered":"<h2>La Retaguardia<\/h2>\n<h5>Adriana Moreno Cordero<\/h5>\n<p>&nbsp;<\/p>\n<p>El tema de la semana fue sin duda, la carrera presidencial rumbo a 2024 inaugurada por el propio presidente <strong>Andr\u00e9s Manuel L\u00f3pez Obrador<\/strong>. A unos mencion\u00f3, a otros no, pero los que no estuvieron incluidos en dicha lista, que ser\u00e1 la primera de much\u00edsimas, ni se sintieron ni nada porque en el fondo saben bien que todav\u00eda falta la mitad del camino y en ese tramo muchas cosas pueden ocurrir. No en balde, el propio inquilino de Palacio Nacional habl\u00f3 de su salud; de que es el Presidente de M\u00e9xico m\u00e1s viejo y que ya est\u00e1 \u201cchocheando\u201d.<\/p>\n<p>Lo cierto es que esta primera \u201ccaballada\u201d que present\u00f3 el tabasque\u00f1o, como dicen en los corrillos pol\u00edticos, est\u00e1 muy flaca y quemada y el Presidente se tendr\u00e1 que dar a la tarea de recomponer la imagen por ejemplo, del secretario de Relaciones Exteriores, <strong>Marcelo Ebrard<\/strong>, se\u00f1alad\u00edsimo por la desgracia en la L\u00ednea 12, junto con la jefa del Gobierno de la Ciudad de M\u00e9xico, <strong>Claudia Sheinbaum<\/strong>.<\/p>\n<p>Desde luego, en la batalla por la sucesi\u00f3n presidencial, en la oposici\u00f3n ya hay quienes se sumaron a esa tan importante carrera y son: <strong>Ricardo Anaya<\/strong>, el otrora famoso \u201cjoven maravilla\u201d, quien desde hace tiempo se puso a recorrer al pa\u00eds y no le ha salido tan bien que digamos. Tambi\u00e9n est\u00e1 el gobernador electo de Nuevo Le\u00f3n, <strong>Samuel Garc\u00eda<\/strong>, quien en la semana que concluye, visit\u00f3 al presidente L\u00f3pez Obrador y le llev\u00f3 como obsequio, libros de su autor\u00eda, as\u00ed como el Plan de Trabajo con el que piensa gobernar el estado, claro, junto con su esposa, la <em>influencer<\/em> <strong>Mariana Rodr\u00edguez<\/strong>, que ya anunci\u00f3 que se piensa meter en todo porque finalmente, ella llev\u00f3 a su esposo a la gubernatura con aquella campa\u00f1a del \u201cfosfo fosfo\u201d. \u00a1Qu\u00e9 tal!<\/p>\n<p>No hay que soslayar al gobernador de Jalisco, <strong>Enrique Alfaro Ram\u00edrez<\/strong>, quien reci\u00e9n se reuni\u00f3 tambi\u00e9n con el jefe del Ejecutivo y al parecer, habr\u00edan fumado \u201cla pipa de la paz\u201d, aunque puede que no le parezca al tabasque\u00f1o que Alfaro se lance al 2024, habr\u00e1 que ver.<\/p>\n<p>Otros suspirantes a los que no hay que hacer menos, pertenecen al quasi noqueado PRI y se trata del gobernador del Estado de M\u00e9xico, <strong>Alfredo Del Mazo Maza<\/strong>, quien ser\u00eda pr\u00e1cticamente la \u00fanica carta fuerte que le quedar\u00eda al Revolucionario Institucional porque otros destacados militantes de ese instituto pol\u00edtico, ya \u201cdoblaron las manitas\u201d y se pusieron la playera guinda morenista, \u00bfo no?<\/p>\n<p>Igualmente, desde hace tiempo, el dirigente nacional del deteriorado PRI, <strong>Alejandro Moreno C\u00e1rdenas<\/strong>, desde que era gobernador de Campeche, dise\u00f1\u00f3 la estrategia de llegar a la presidencia del CEN tricolor. Se supone que sacar\u00eda adelante a los candidatos de su partido en las elecciones del pasado 6 de junio y lograr\u00eda importantes victorias o por lo menos, retener algunas gubernaturas pero todo le sali\u00f3 muy mal, y si no es porque se ali\u00f3 con el PAN y el PRD, la derrota del otrora poderoso instituto pol\u00edtico hubiera sido terrible y hasta puede decirse que los gobernadores priistas salientes, como por ejemplo la de Sonora, <strong>Claudia Pavlovich<\/strong>, ya le dieron la espalda al campechano, que apost\u00f3 todo a llevar al gobierno de Campeche a su sobrino, <strong>Christian Castro Bello<\/strong> y de ah\u00ed apuntalarse, pero todo result\u00f3 un fracaso, a grado tal, que pens\u00f3 que llegar\u00eda como coordinador de la fracci\u00f3n del Revolucionario Institucional a la C\u00e1mara de Diputados y nada, ya desde esa posici\u00f3n trabaja el reelecto <strong>Rub\u00e9n Moreira<\/strong>.<\/p>\n<p style=\"text-align: center;\"><strong>Municiones<\/strong><\/p>\n<p>*** En eso de que L\u00f3pez Obrador resolver\u00e1 el problema del alza del gas LP con su magn\u00edfica empresa del Estado bautizada como \u201cGas Bienestar\u201d, hay que recordar algo ocurrido en otro pa\u00eds como es Venezuela, donde ante la escasez y encarecimiento del gas, al entonces presidente <strong>Hugo Ch\u00e1vez<\/strong>, se le ocurri\u00f3 inventar lo que llam\u00f3 \u201cGas Comunal\u201d para que el Estado fuera el que compitiera con la iniciativa privada. Esto se lo recordaron al de Tepetit\u00e1n por las \u201cex benditas redes sociales\u201d y no le gust\u00f3 mucho, por cierto. Con raz\u00f3n en una de sus campa\u00f1as pol\u00edticas se dec\u00eda con suficiente raz\u00f3n que el hoy inquilino de Palacio Nacional era \u201cun peligro para M\u00e9xico\u201d y lo m\u00e1s desafortunado es que lo sigue siendo.<\/p>\n<p>*** De cualquier manera, el tabasque\u00f1o sigui\u00f3 con su anuncio de \u201cGas Bienestar\u201d \u201ccon bombos y platillos\u201d y adelant\u00f3 que dicha empresa estatal contar\u00e1 hasta con vigilancia ni m\u00e1s ni menos que de la Guardia Nacional, adem\u00e1s de \u00a0abasto y fondos para los gastos de operaci\u00f3n. Lo curioso, es que el Presidente no tuvo a bien informar de d\u00f3nde sacar\u00e1 los recursos para ponerla a operar, ya que si por algo se caracteriza el inquilino de Palacio Nacional, es por tirar a la basura el dinero; ah\u00ed est\u00e1 lo de la consulta de los ex presidentes que tuvo un alt\u00edsimo costo y para nada porque como se ha dicho en repetidas ocasiones: la ley se aplica, no se consulta.<\/p>\n<p>*** Y como buena \u201cpati\u00f1a\u201d que ha demostrado ser del inquilino de Palacio Nacional, la jefa de Gobierno de la Ciudad de M\u00e9xico, <strong>Claudia Sheinbaum<\/strong>, declar\u00f3 que eso del tan llevado y tra\u00eddo \u201cGas Bienestar\u201d es una excelente noticia para los capitalinos y que ella apoyar\u00e1 en todo lo que se necesite. \u00bfApoyar\u00e1?, si no puede con sus responsabilidades, menos con lo que no le toca. Y para muestra, ah\u00ed est\u00e1 que el Presidente le tuvo que quitar todo lo referente a la desgracia de la L\u00ednea 12 del Metro, para no empa\u00f1ar a\u00fan m\u00e1s la ya de por s\u00ed opaca carrera rumbo al 24 de la se\u00f1ora Sheinbaum. A prop\u00f3sito, la jefa de Gobierno descart\u00f3 tomar medidas adicionales por el aumento en los casos de Covid-19, ahora en j\u00f3venes, porque es menor el n\u00famero de personas intubadas. \u00bfCon eso s\u00ed podr\u00e1 la funcionaria?<\/p>\n<p>*** Como ya ten\u00eda mucho tiempo que no la sacaban a orear, la eficiente secretaria de Gobernaci\u00f3n, <strong>Olga S\u00e1nchez Cordero<\/strong>, al no tener mayor quehacer que sus actividades de ornato, se le ocurri\u00f3 defender, en una reuni\u00f3n virtual con los Ejecutivos estatales a la Conferencia Nacional de Gobernadores (Conago), que la semana pr\u00f3xima cumplir\u00e1 19 a\u00f1os de su fundaci\u00f3n. \u201cTengo conocimiento tambi\u00e9n de que hay un grupo de gobernadores que quieren hacer alg\u00fan replanteamiento sobre la Conago y yo dir\u00eda, en principio, (que) la Conago es una interlocuci\u00f3n importante con el gobierno federal y con todas las instancias del gobierno\u201d, y como la responsable de la pol\u00edtica interna tiene tal poder de convocatoria, de seguro, todos le van a hacer caso.<\/p>\n<p>*** Otro que no pudo hacer realidad sus aspiraciones pol\u00edticas, fue el cuestionado alcalde de San Luis Potos\u00ed<strong>, Xavier Nava Palacios<\/strong>, que ahora sufre mucho porque es v\u00edctima de burlas como la que provino de parte del regidor de la capital potosina, <strong>Eloy Franklin Sarabia<\/strong>, quien ser\u00e1 diputado local y ya le advirti\u00f3 a Xavier Nava que revisar\u00e1 todas y cada una de sus cuentas, pues que el alcalde potosino se ponga a temblar.<\/p>\n<p><u><a href=\"mailto:morcora@gmail.com\" target=\"_blank\" rel=\"noopener noreferrer\"><em>morcora@gmail.com<\/em><\/a><\/u><\/p>\n","protected":false},"excerpt":{"rendered":"<p><span style=\"color: #005497;\"><strong>Adriana Moreno Cordero<\/strong><\/span><\/p>\n","protected":false},"author":3,"featured_media":0,"comment_status":"open","ping_status":"open","sticky":false,"template":"","format":"standard","meta":{"_monsterinsights_skip_tracking":false,"_monsterinsights_sitenote_active":false,"_monsterinsights_sitenote_note":"","_monsterinsights_sitenote_category":0,"footnotes":""},"categories":[69370],"tags":[69369,69368,43674],"class_list":["post-513369","post","type-post","status-publish","format-standard","hentry","category-adriana-moreno-cordero","tag-adriana-moreno-cordero","tag-la-retaguardia","tag-opinion"],"_links":{"self":[{"href":"https:\/\/www.diarioimagen.net\/index.php?rest_route=\/wp\/v2\/posts\/513369","targetHints":{"allow":["GET"]}}],"collection":[{"href":"https:\/\/www.diarioimagen.net\/index.php?rest_route=\/wp\/v2\/posts"}],"about":[{"href":"https:\/\/www.diarioimagen.net\/index.php?rest_route=\/wp\/v2\/types\/post"}],"author":[{"embeddable":true,"href":"https:\/\/www.diarioimagen.net\/index.php?rest_route=\/wp\/v2\/users\/3"}],"replies":[{"embeddable":true,"href":"https:\/\/www.diarioimagen.net\/index.php?rest_route=%2Fwp%2Fv2%2Fcomments&post=513369"}],"version-history":[{"count":0,"href":"https:\/\/www.diarioimagen.net\/index.php?rest_route=\/wp\/v2\/posts\/513369\/revisions"}],"wp:attachment":[{"href":"https:\/\/www.diarioimagen.net\/index.php?rest_route=%2Fwp%2Fv2%2Fmedia&parent=513369"}],"wp:term":[{"taxonomy":"category","embeddable":true,"href":"https:\/\/www.diarioimagen.net\/index.php?rest_route=%2Fwp%2Fv2%2Fcategories&post=513369"},{"taxonomy":"post_tag","embeddable":true,"href":"https:\/\/www.diarioimagen.net\/index.php?rest_route=%2Fwp%2Fv2%2Ftags&post=513369"}],"curies":[{"name":"wp","href":"https:\/\/api.w.org\/{rel}","templated":true}]}}