{"id":513387,"date":"2021-07-09T00:05:38","date_gmt":"2021-07-09T05:05:38","guid":{"rendered":"https:\/\/www.diarioimagen.net\/?p=513387"},"modified":"2021-07-09T04:47:45","modified_gmt":"2021-07-09T09:47:45","slug":"la-lonja-bienestar","status":"publish","type":"post","link":"https:\/\/www.diarioimagen.net\/?p=513387","title":{"rendered":"\u201cLa Lonja Bienestar\u201d"},"content":{"rendered":"<h2>Perfil de M\u00e9xico<\/h2>\n<h5>Armando R\u00edos Ruiz<\/h5>\n<p>&nbsp;<\/p>\n<p>Como dijo el disl\u00e9xico: \u00a1h\u00e1game el <em>re fabr\u00f3n cabor<\/em>! Ahora el presidente L\u00f3pez quiere vender gas a un precio m\u00e1s bajo que el que se conoce en el mercado, pero sin afectar el de los competidores. \u00bfc\u00f3mo ser\u00e1 posible semejante incongruencia?<\/p>\n<p>De acuerdo con el proyecto presidencial, su empresa comenzar\u00e1 a operar en la Ciudad de M\u00e9xico, por ser la entidad en la que se registra el precio m\u00e1s caro del gas\u2026 \u00a1y claro que por razones electorales!<\/p>\n<p>El resultado de las pasadas elecciones intermedias le dejaron un p\u00e9simo sabor de boca y adem\u00e1s, las encuestas que dicen la verdad, las que le hacen a \u00e9l para conocimiento personal y para que pueda hacer los c\u00e1lculos que se requieren, si son adversas (no las que paga para que sus chairos brinquen de j\u00fabilo) y para dise\u00f1ar las estrategias m\u00e1s redituables, deben reflejarle un panorama que avizora en contra de sus planes.<\/p>\n<p>Quiere a ultranza apoderarse de cualquier medio que le redit\u00fae buenos resultados. Cree que no hay nadie m\u00e1s que conozca el terreno de los votos para apoderarse de ellos, que \u00e9l mismo. Por ello minimiz\u00f3 al amor de sus amores en materia pol\u00edtica, a Claudia Sheinbaum, a quien sustituy\u00f3 personalmente en la tarea de allegar soluci\u00f3n al problema del tramo de la L\u00ednea 12, que se desplom\u00f3 y caus\u00f3 m\u00e1s de una veintena de muertos y cuantiosos heridos.<\/p>\n<p>No tuvo la sensibilidad de registrar que, con esa acci\u00f3n, le dec\u00eda ineficiente. Sin embargo, le regres\u00f3 el alma al cuerpo, cuando dispuso que un grupo de morenistas le gritara a todo pulm\u00f3n: \u00a1presidenta\u2026 presidenta\u2026! Y la se\u00f1ora se dej\u00f3 querer. Seguramente en su \u00edntima soledad se vio cruzada por la banda presidencial, acariciando ideas de poner en el lugar que merecen quienes se hayan significado sus enemigos pol\u00edticos y cosas por el estilo.<\/p>\n<p>Pero la idea de la tienda de gas debe haberla almacenado en su mente desde su m\u00e1s temprana edad. Cuando sus padres ten\u00edan una en Tepetit\u00e1n, su tierra natal. Es una idea totalmente pueblerina con intenciones de hacerla en grande. Por eso le sugerimos el nombre de \u201cLa Lonja Bienestar\u201d, que acomoda perfectamente a su provinciana forma de ver las cosas. Ojal\u00e1 le guste.<\/p>\n<p>Como es tod\u00f3logo y pretende acaparar el quehacer de todos sus funcionarios, seguramente tambi\u00e9n la har\u00e1 de repartidor del preciado fluido. Quiz\u00e1 tambi\u00e9n dotado de propaganda para la pr\u00f3xima consulta ciudadana y de despensas para acaparar la sonrisa y la decisi\u00f3n de los votantes.<\/p>\n<p>Pero muchos ven con desconfianza el proyecto, ya que, durante su administraci\u00f3n, por falta de experiencia de sus funcionarios, de atenci\u00f3n, de preparaci\u00f3n y de presupuesto, no pudieron prevenir desastres como el ocurrido frente a las costas de campeche, en donde un ducto roto hizo que el mar ardiera, a escasos metros de la plataforma Ku-Charly.<\/p>\n<p>Por lo mismo, nadie pudo anticiparse al desplome de una ballena del Metro, cuya directora, Florencia Serran\u00eda, jam\u00e1s supo en donde despachaba. S\u00f3lo d\u00f3nde cobraba. Ni hablar de otros rubros en los que el gobierno ha fallado sin discusi\u00f3n. Como en el trato a la pandemia.<\/p>\n<p>La gasera del gobierno operar\u00e1 bajo el control de Pemex, la tercera empresa m\u00e1s contaminante del mundo, de acuerdo con la descripci\u00f3n de Bank of America. El Presidente piensa adem\u00e1s vender su gas a pa\u00edses asi\u00e1ticos que compran a Ir\u00e1n y a pa\u00edses \u00e1rabes, en donde el petr\u00f3leo se encuentra a flor de tierra y por lo tanto extraerlo tiene un costo m\u00ednimo.<\/p>\n<p>\u00bfPodr\u00e1 \u201cLa Lonja Bienestar\u201d competir con esos pa\u00edses que producen m\u00e1s barato que M\u00e9xico? El ex secretario de Energ\u00eda, Fernando Canales, no se explica de d\u00f3nde se obtendr\u00e1n los recursos para la creaci\u00f3n del proyecto. Se\u00f1al\u00f3 que el gas LP contin\u00faa siendo un producto de precio controlado. Se controla mediante un decreto que mes con mes define el secretario de Econom\u00eda.<\/p>\n<p>Todo parece un sue\u00f1o guajiro m\u00e1s. Si le faltaran recursos, lo m\u00e1s seguro es que no los quitar\u00eda por nada del mundo, a su clientela pol\u00edtica.<\/p>\n<p><a href=\"mailto:ariosruiz@gmail.com\" target=\"_blank\" rel=\"noopener noreferrer\"><em>ariosruiz@gmail.com<\/em><\/a><\/p>\n","protected":false},"excerpt":{"rendered":"<p><span style=\"color: #005497;\"><strong>Armando R\u00edos Ruiz<\/strong><\/span><\/p>\n","protected":false},"author":3,"featured_media":0,"comment_status":"open","ping_status":"open","sticky":false,"template":"","format":"standard","meta":{"_monsterinsights_skip_tracking":false,"_monsterinsights_sitenote_active":false,"_monsterinsights_sitenote_note":"","_monsterinsights_sitenote_category":0,"footnotes":""},"categories":[88405],"tags":[88407,43674,91193],"class_list":["post-513387","post","type-post","status-publish","format-standard","hentry","category-armando-rios-ruiz","tag-armando-rios-ruiz","tag-opinion","tag-perfil-de-mexico"],"_links":{"self":[{"href":"https:\/\/www.diarioimagen.net\/index.php?rest_route=\/wp\/v2\/posts\/513387","targetHints":{"allow":["GET"]}}],"collection":[{"href":"https:\/\/www.diarioimagen.net\/index.php?rest_route=\/wp\/v2\/posts"}],"about":[{"href":"https:\/\/www.diarioimagen.net\/index.php?rest_route=\/wp\/v2\/types\/post"}],"author":[{"embeddable":true,"href":"https:\/\/www.diarioimagen.net\/index.php?rest_route=\/wp\/v2\/users\/3"}],"replies":[{"embeddable":true,"href":"https:\/\/www.diarioimagen.net\/index.php?rest_route=%2Fwp%2Fv2%2Fcomments&post=513387"}],"version-history":[{"count":0,"href":"https:\/\/www.diarioimagen.net\/index.php?rest_route=\/wp\/v2\/posts\/513387\/revisions"}],"wp:attachment":[{"href":"https:\/\/www.diarioimagen.net\/index.php?rest_route=%2Fwp%2Fv2%2Fmedia&parent=513387"}],"wp:term":[{"taxonomy":"category","embeddable":true,"href":"https:\/\/www.diarioimagen.net\/index.php?rest_route=%2Fwp%2Fv2%2Fcategories&post=513387"},{"taxonomy":"post_tag","embeddable":true,"href":"https:\/\/www.diarioimagen.net\/index.php?rest_route=%2Fwp%2Fv2%2Ftags&post=513387"}],"curies":[{"name":"wp","href":"https:\/\/api.w.org\/{rel}","templated":true}]}}