{"id":513392,"date":"2021-07-09T00:03:50","date_gmt":"2021-07-09T05:03:50","guid":{"rendered":"https:\/\/www.diarioimagen.net\/?p=513392"},"modified":"2021-07-09T07:13:30","modified_gmt":"2021-07-09T12:13:30","slug":"amlo-el-mas-atacado-el-mas-atacador","status":"publish","type":"post","link":"https:\/\/www.diarioimagen.net\/?p=513392","title":{"rendered":"AMLO \u00bfel m\u00e1s atacado?, el m\u00e1s atacador"},"content":{"rendered":"<h2>Espacio Electoral<\/h2>\n<h5>Eleazar Flores<\/h5>\n<p>&nbsp;<\/p>\n<p><strong>NO ERA TANTO-.<\/strong> Cuando encabezaba la oposici\u00f3n de izquierda el padre de la Cuarta Transformaci\u00f3n se quejaba de los pocos espacios que le daban con intervenci\u00f3n de su jefe de prensa, C\u00e9sar Y\u00e1\u00f1ez. Como Presidente cambi\u00f3.<\/p>\n<p>De inicio, se volvi\u00f3 insultativo y hasta sugiri\u00f3 \u201centradas\u201d de notas, -v.gr. Pepe C\u00e1rdenas- Radio F\u00f3rmula en plena campa\u00f1a y as\u00ed sucesivamente.<\/p>\n<p>Se ufana el presidente Andr\u00e9s Manuel L\u00f3pez Obrador compararse con el ap\u00f3stol de la democracia, Francisco I. Madero, entre otras cosas porque \u00e9ste fue muy atacado por la prensa de entonces, a juicio del tabasque\u00f1o, ignorando que las condiciones sociopol\u00edticas del pa\u00eds eran diferentes a las actuales.<\/p>\n<p>Pero hay una gran diferencia entre Madero y L\u00f3pez, pues el primero jam\u00e1s se confront\u00f3 y menos atac\u00f3 a peri\u00f3dicos y periodistas, pues en ese entonces no hab\u00eda ni radio y menos televisi\u00f3n. Consultando las hemerotecas se confirma la especie, es cuesti\u00f3n de empolvarse con olor a papel viejo.<\/p>\n<p>T\u00e9rminos como que los medios forman parte de la \u201cmafia del poder\u201d y que los periodistas son \u201cfif\u00eds\u201d, neoliberales, conservadores, \u201ccajamanes\u201d y otras \u201clinduras\u201d han salido de la boca presidencial, sea en el p\u00falpito ma\u00f1anero o en conferencias fuera de la capital del pa\u00eds.<\/p>\n<p>A cambio, no hay constancia de una conducta r\u00edspida y un lenguaje semejante de Madero hacia los medios de comunicaci\u00f3n.<\/p>\n<p>Por si fuera poco, llevamos ya dos semanas con una absurda \u201cevaluaci\u00f3n\u201d oficial con una \u201cresponsable\u201d de esa tarea de cuyo nombre ni vale citar, con errores evidentes que ya fueron denunciados o precisados y cuyas r\u00e9plicas mejor ni las hubiera dado, pues result\u00f3 peor el remedio que la enfermedad.<\/p>\n<p>En esa \u201cevaluaci\u00f3n\u201d oficial que se dar\u00e1 todos los mi\u00e9rcoles desde el p\u00falpito ma\u00f1anero, sin el menor cuidado se cita no s\u00f3lo a personas morales, -l\u00e9ase peri\u00f3dicos, televisoras y radiodifusoras-, tambi\u00e9n a personas f\u00edsicas y si usted las ha le\u00eddo, su \u00fanico pecado es criticar con bases dando nombres, fechas y lugares.<\/p>\n<p>Esas cr\u00edticas no siempre van contra el padre de la Cuarta Transformaci\u00f3n -que las hay sin duda-, pues predominan las de los \u201cfloreros\u201d, perd\u00f3n, colaboradores de primer nivel.<\/p>\n<p>Dentro de ese ramillete de contenidos enjuiciadores, no podr\u00edan faltar las inteligentes caricaturas que en una hoja expresan los autores con creatividad inteligente diversos puntos de vista acerca de los hombres y mujeres con poder.<\/p>\n<p>Seguramente, Presidentes anteriores han tenido opiniones nada amigables hacia los medios y sus periodistas pero jam\u00e1s las pregonaban y menos consuetudinariamente como ahora, a diario y cada rato, hab\u00eda prudencia.<\/p>\n<p>Aqu\u00ed,\u00a0 vale el \u201cya no es como antes\u201d y la interrogante de si por esta animadversi\u00f3n cupular hay tantos colegas fallecidos.<\/p>\n<p><em><a href=\"mailto:elefa44@gmail.com\" target=\"_blank\" rel=\"noopener noreferrer\">elefa44@gmail.com<\/a><\/em><\/p>\n","protected":false},"excerpt":{"rendered":"<p><span style=\"color: #005497;\"><strong>Eleazar Flores<\/strong><\/span><\/p>\n","protected":false},"author":3,"featured_media":0,"comment_status":"open","ping_status":"open","sticky":false,"template":"","format":"standard","meta":{"_monsterinsights_skip_tracking":false,"_monsterinsights_sitenote_active":false,"_monsterinsights_sitenote_note":"","_monsterinsights_sitenote_category":0,"footnotes":""},"categories":[81743],"tags":[81744,81776,43674],"class_list":["post-513392","post","type-post","status-publish","format-standard","hentry","category-eleazar-flores","tag-eleazar-flores","tag-espacio-electoral","tag-opinion"],"_links":{"self":[{"href":"https:\/\/www.diarioimagen.net\/index.php?rest_route=\/wp\/v2\/posts\/513392","targetHints":{"allow":["GET"]}}],"collection":[{"href":"https:\/\/www.diarioimagen.net\/index.php?rest_route=\/wp\/v2\/posts"}],"about":[{"href":"https:\/\/www.diarioimagen.net\/index.php?rest_route=\/wp\/v2\/types\/post"}],"author":[{"embeddable":true,"href":"https:\/\/www.diarioimagen.net\/index.php?rest_route=\/wp\/v2\/users\/3"}],"replies":[{"embeddable":true,"href":"https:\/\/www.diarioimagen.net\/index.php?rest_route=%2Fwp%2Fv2%2Fcomments&post=513392"}],"version-history":[{"count":0,"href":"https:\/\/www.diarioimagen.net\/index.php?rest_route=\/wp\/v2\/posts\/513392\/revisions"}],"wp:attachment":[{"href":"https:\/\/www.diarioimagen.net\/index.php?rest_route=%2Fwp%2Fv2%2Fmedia&parent=513392"}],"wp:term":[{"taxonomy":"category","embeddable":true,"href":"https:\/\/www.diarioimagen.net\/index.php?rest_route=%2Fwp%2Fv2%2Fcategories&post=513392"},{"taxonomy":"post_tag","embeddable":true,"href":"https:\/\/www.diarioimagen.net\/index.php?rest_route=%2Fwp%2Fv2%2Ftags&post=513392"}],"curies":[{"name":"wp","href":"https:\/\/api.w.org\/{rel}","templated":true}]}}