{"id":513393,"date":"2021-07-09T00:08:57","date_gmt":"2021-07-09T05:08:57","guid":{"rendered":"https:\/\/www.diarioimagen.net\/?p=513393"},"modified":"2021-07-09T04:51:59","modified_gmt":"2021-07-09T09:51:59","slug":"la-variante-delta","status":"publish","type":"post","link":"https:\/\/www.diarioimagen.net\/?p=513393","title":{"rendered":"La variante delta"},"content":{"rendered":"<h2>Punto por punto<\/h2>\n<h5>Augusto Corro<\/h5>\n<p>&nbsp;<\/p>\n<p>La tercera ola de Covid-19 ya se encuentra en M\u00e9xico, confirm\u00f3 la Organizaci\u00f3n Panamericana de la Salud (OPS).<\/p>\n<p>Crecieron los contagios en los \u00faltimos d\u00edas, principalmente en los estados de la pen\u00ednsula de Yucat\u00e1n, en Baja California Sur y en la Ciudad de M\u00e9xico.<\/p>\n<p>Sylvain Aldighieri, funcionario de la OPS, dijo que en esta tercera ola los adultos j\u00f3venes son quienes tienen un rol activo en la transmisi\u00f3n del virus.<\/p>\n<p>Recomend\u00f3 esa organizaci\u00f3n acelerar la vacunaci\u00f3n anti-Covid en ese sector de la poblaci\u00f3n; as\u00ed como no bajar la guardia incluidas las personas que ya fueron vacunadas.<\/p>\n<p>La variante delta del coronavirus se propaga r\u00e1pidamente por todo el planeta. M\u00e9xico no iba a ser la excepci\u00f3n.<\/p>\n<p>Y una manera de detener su contagio es aplicarse la vacuna. Esto llevar\u00e1 tiempo. Mientras, la recomendaci\u00f3n es seguir con la aplicaci\u00f3n de las medidas sanitarias.<\/p>\n<p>Es decir, evitar el contagio con el cubrebocas y la sana distancia. Empe\u00f1arnos en evitar el contagio, aunque estemos vacunados.<\/p>\n<p>Buscar informaci\u00f3n exacta y oportuna en todos los medios para saber c\u00f3mo actuar tras la relajaci\u00f3n de la poblaci\u00f3n ante la pandemia.<\/p>\n<p>Una fuente de informaci\u00f3n fue, hasta hace algunos d\u00edas, la conferencia de prensa vespertina.<\/p>\n<p>Aunque su manejo obedec\u00eda a los intereses de las autoridades, se conoc\u00edan datos que m\u00e1s o menos orientaban sobre la pandemia.<\/p>\n<p>Se cancel\u00f3 la comunicaci\u00f3n por esa v\u00eda y quedamos expuestos al rumor. \u00bfY qu\u00e9 pas\u00f3 con el sem\u00e1foro sanitario? \u00bfDesapareci\u00f3?<\/p>\n<p>Si usted le pregunta a cualquier capitalino sobre el color del sem\u00e1foro en el que nos encontramos, titubear\u00e1 al contestarnos: \u201cestamos en el verde, no en el amarillo, no en el verde\u2026\u201d<\/p>\n<p>No se sabe bajo qu\u00e9 color vivimos en la Ciudad de M\u00e9xico. Las autoridades tocan el tema con exagerada frivolidad.<\/p>\n<p>Tanta es la indiferencia del gobierno que las calles de la capital, los centros comerciales, lugares p\u00fablicos, etc., se llenan de gente como si la pandemia fuera cosa del pasado.<\/p>\n<p>La tercera ola se ve\u00eda venir desde hace varios meses. \u00bfQu\u00e9 se hizo para detenerla? Ya est\u00e1 entre nosotros. \u00bfOtra vez se ignoraron las medidas preventivas contra la Covid-19?<\/p>\n<p>No ser\u00eda nada nuevo. Al gobierno capitalino se ha distinguido porque le estallan los problemas en las manos. Nada de acciones para evitar males mayores. En informaci\u00f3n reciente, en M\u00e9xico se lleg\u00f3 a 234 mil 192 defunciones por Covid-19 al notificarse 234 decesos de martes a mi\u00e9rcoles.<\/p>\n<p>El n\u00famero de contagiados es de 2 millones 558 mil 369, seg\u00fan las autoridades sanitarias.<\/p>\n<p>En fin, tenemos a la variante delta encima y s\u00f3olo la vacuna podr\u00e1 derrotarla y quiz\u00e1s erradicarla; pero no ser\u00e1 f\u00e1cil. Mientras, repito, vamos a cuidarnos todos.<\/p>\n<p>\u00bfUsted qu\u00e9 opina amable lector?<\/p>\n<p style=\"text-align: center;\"><strong>En busca del esc\u00e1ndalo<\/strong><\/p>\n<p>Lo importante es hacer ruido: as\u00ed ocurre con las impugnaciones de la oposici\u00f3n a los triunfos de morenistas en Campeche y Michoac\u00e1n.<\/p>\n<p>En la primera entidad, gan\u00f3 Leyda Sansores; en la segunda Alfredo Ram\u00edrez Bedolla. El presidente del PRI, Alejandro Moreno, ex gobernador de Campeche, no pudo ayudar a la victoria de su sobrino, quien particip\u00f3 como candidato priista al gobierno de Campeche.<\/p>\n<p>Quiz\u00e1s Alejandro (a) \u201cAlito\u201d o \u201cAmlito\u201d esperaba que alguien llegara al poder para ayudarlo a superar un sinn\u00famero de denuncias en su contra, entre otras, el asunto del enriquecimiento il\u00edcito.<\/p>\n<p>En el caso de Michoac\u00e1n, la situaci\u00f3n es muy parecida: el a\u00fan gobernador, Silvano Aureoles Conejo, no est\u00e1 conforme con el triunfo de Ram\u00edrez Bedolla y en general la supuesta participaci\u00f3n del crimen organizado en la contienda electoral intermedia.<\/p>\n<p>A todo esto, \u00bfqu\u00e9 respuesta dar\u00e1 el Instituto Nacional Electoral (INE) a las impugnaciones? Ya le informaremos.<\/p>\n<p><a href=\"mailto:aco2742@hotmail.com\" target=\"_blank\" rel=\"noopener noreferrer\"><em>aco2742@hotmail.com<\/em><\/a><\/p>\n","protected":false},"excerpt":{"rendered":"<p><span style=\"color: #005497;\"><strong>Augusto Corro<\/strong><\/span><\/p>\n","protected":false},"author":3,"featured_media":0,"comment_status":"open","ping_status":"open","sticky":false,"template":"","format":"standard","meta":{"_monsterinsights_skip_tracking":false,"_monsterinsights_sitenote_active":false,"_monsterinsights_sitenote_note":"","_monsterinsights_sitenote_category":0,"footnotes":""},"categories":[157],"tags":[43686,43674,11515],"class_list":["post-513393","post","type-post","status-publish","format-standard","hentry","category-augusto-corro","tag-augusto-corro","tag-opinion","tag-punto-por-punto"],"_links":{"self":[{"href":"https:\/\/www.diarioimagen.net\/index.php?rest_route=\/wp\/v2\/posts\/513393","targetHints":{"allow":["GET"]}}],"collection":[{"href":"https:\/\/www.diarioimagen.net\/index.php?rest_route=\/wp\/v2\/posts"}],"about":[{"href":"https:\/\/www.diarioimagen.net\/index.php?rest_route=\/wp\/v2\/types\/post"}],"author":[{"embeddable":true,"href":"https:\/\/www.diarioimagen.net\/index.php?rest_route=\/wp\/v2\/users\/3"}],"replies":[{"embeddable":true,"href":"https:\/\/www.diarioimagen.net\/index.php?rest_route=%2Fwp%2Fv2%2Fcomments&post=513393"}],"version-history":[{"count":0,"href":"https:\/\/www.diarioimagen.net\/index.php?rest_route=\/wp\/v2\/posts\/513393\/revisions"}],"wp:attachment":[{"href":"https:\/\/www.diarioimagen.net\/index.php?rest_route=%2Fwp%2Fv2%2Fmedia&parent=513393"}],"wp:term":[{"taxonomy":"category","embeddable":true,"href":"https:\/\/www.diarioimagen.net\/index.php?rest_route=%2Fwp%2Fv2%2Fcategories&post=513393"},{"taxonomy":"post_tag","embeddable":true,"href":"https:\/\/www.diarioimagen.net\/index.php?rest_route=%2Fwp%2Fv2%2Ftags&post=513393"}],"curies":[{"name":"wp","href":"https:\/\/api.w.org\/{rel}","templated":true}]}}