{"id":513468,"date":"2021-07-12T00:06:10","date_gmt":"2021-07-12T05:06:10","guid":{"rendered":"https:\/\/www.diarioimagen.net\/?p=513468"},"modified":"2021-07-13T01:59:30","modified_gmt":"2021-07-13T06:59:30","slug":"participa-el-rector-de-la-uaem-carlos-eduardo-barrera-diaz-en-la-xxv-carrera-de-la-y-el-abogado","status":"publish","type":"post","link":"https:\/\/www.diarioimagen.net\/?p=513468","title":{"rendered":"Participa el rector de la UAEM, Carlos Eduardo Barrera D\u00edaz, en la XXV Carrera de la y el Abogado"},"content":{"rendered":"<p>&nbsp;<\/p>\n<p><a href=\"https:\/\/www.diarioimagen.net\/?attachment_id=513561\" rel=\"attachment wp-att-513561\"><img loading=\"lazy\" decoding=\"async\" class=\"aligncenter size-full wp-image-513561\" src=\"https:\/\/www.diarioimagen.net\/wp-content\/uploads\/2021\/07\/uaem-5.jpg\" alt=\"\" width=\"460\" height=\"307\" \/><\/a><\/p>\n<p>&nbsp;<\/p>\n<p><strong>Toluca, Estado de M\u00e9xico<\/strong>.- La Universidad Aut\u00f3noma del Estado de M\u00e9xico (UAEM) se sum\u00f3 a la celebraci\u00f3n de la XXV Carrera de la y el Abogado, organizada por el Poder Judicial del Estado de M\u00e9xico.<\/p>\n<p>El rector Carlos Eduardo Barrera D\u00edaz, as\u00ed como grupos art\u00edsticos, deportistas e integrantes de la comunidad universitaria participaron en el tradicional encuentro deportivo encabezado por el Magistrado, Ricardo Sodi Cu\u00e9llar, Presidente del Tribunal Superior de Justicia del Estado de M\u00e9xico.<\/p>\n","protected":false},"excerpt":{"rendered":"<p>La Universidad Aut\u00f3noma del Estado de M\u00e9xico (UAEM) se sum\u00f3 a la celebraci\u00f3n de la XXV Carrera de la y el Abogado, organizada por el Poder Judicial del Estado de M\u00e9xico.<\/p>\n","protected":false},"author":3,"featured_media":513563,"comment_status":"open","ping_status":"open","sticky":false,"template":"","format":"standard","meta":{"_monsterinsights_skip_tracking":false,"_monsterinsights_sitenote_active":false,"_monsterinsights_sitenote_note":"","_monsterinsights_sitenote_category":0,"footnotes":""},"categories":[5],"tags":[43675,93320,452],"class_list":["post-513468","post","type-post","status-publish","format-standard","has-post-thumbnail","hentry","category-estado-de-mexico","tag-estado-de-mexico","tag-ricardo-sodi-cuellar","tag-toluca"],"_links":{"self":[{"href":"https:\/\/www.diarioimagen.net\/index.php?rest_route=\/wp\/v2\/posts\/513468","targetHints":{"allow":["GET"]}}],"collection":[{"href":"https:\/\/www.diarioimagen.net\/index.php?rest_route=\/wp\/v2\/posts"}],"about":[{"href":"https:\/\/www.diarioimagen.net\/index.php?rest_route=\/wp\/v2\/types\/post"}],"author":[{"embeddable":true,"href":"https:\/\/www.diarioimagen.net\/index.php?rest_route=\/wp\/v2\/users\/3"}],"replies":[{"embeddable":true,"href":"https:\/\/www.diarioimagen.net\/index.php?rest_route=%2Fwp%2Fv2%2Fcomments&post=513468"}],"version-history":[{"count":0,"href":"https:\/\/www.diarioimagen.net\/index.php?rest_route=\/wp\/v2\/posts\/513468\/revisions"}],"wp:featuredmedia":[{"embeddable":true,"href":"https:\/\/www.diarioimagen.net\/index.php?rest_route=\/wp\/v2\/media\/513563"}],"wp:attachment":[{"href":"https:\/\/www.diarioimagen.net\/index.php?rest_route=%2Fwp%2Fv2%2Fmedia&parent=513468"}],"wp:term":[{"taxonomy":"category","embeddable":true,"href":"https:\/\/www.diarioimagen.net\/index.php?rest_route=%2Fwp%2Fv2%2Fcategories&post=513468"},{"taxonomy":"post_tag","embeddable":true,"href":"https:\/\/www.diarioimagen.net\/index.php?rest_route=%2Fwp%2Fv2%2Ftags&post=513468"}],"curies":[{"name":"wp","href":"https:\/\/api.w.org\/{rel}","templated":true}]}}