{"id":513476,"date":"2021-07-12T00:05:32","date_gmt":"2021-07-12T05:05:32","guid":{"rendered":"https:\/\/www.diarioimagen.net\/?p=513476"},"modified":"2021-07-13T01:59:47","modified_gmt":"2021-07-13T06:59:47","slug":"cubrebocas-llego-para-quedarse-hugo-mendieta-zeron","status":"publish","type":"post","link":"https:\/\/www.diarioimagen.net\/?p=513476","title":{"rendered":"Cubrebocas lleg\u00f3 para quedarse: Hugo Mendieta Zer\u00f3n"},"content":{"rendered":"<p>&nbsp;<\/p>\n<ul>\n<li><strong><em>El profesor de tiempo completo de la UAEM afirm\u00f3 que el cubrebocas es y seguir\u00e1 siendo una herramienta \u00fatil y efectiva para prevenir el contagio y la propagaci\u00f3n del virus SARS-CoV-2.<\/em><\/strong><\/li>\n<\/ul>\n<p>&nbsp;<\/p>\n<div id=\"attachment_513570\" style=\"width: 470px\" class=\"wp-caption aligncenter\"><a href=\"https:\/\/www.diarioimagen.net\/?attachment_id=513570\" rel=\"attachment wp-att-513570\"><img loading=\"lazy\" decoding=\"async\" aria-describedby=\"caption-attachment-513570\" class=\"size-full wp-image-513570\" src=\"https:\/\/www.diarioimagen.net\/wp-content\/uploads\/2021\/07\/Uaem1.jpg\" alt=\"\" width=\"460\" height=\"270\" \/><\/a><p id=\"caption-attachment-513570\" class=\"wp-caption-text\">El cubrebocas m\u00e1s efectivo en lugares de alta concurrencia de personas es el tricapa, sin embargo, los de tela o uso normal pueden ser utilizados de manera efectiva en sitios que no haya alto nivel de riesgo de contagio.<\/p><\/div>\n<p>&nbsp;<\/p>\n<p><strong>Toluca, Estado de M\u00e9xico<\/strong>.- A 15 meses de haber sido detectado el primer caso de contagio por la Covid-19 en M\u00e9xico y tras la aplicaci\u00f3n de casi 50 millones de dosis de vacunas, el uso de cubrebocas lleg\u00f3 para quedarse debido a que se mantiene como una herramienta \u00fatil para prevenir el contagio y contener la propagaci\u00f3n del virus SARS-CoV-2, afirm\u00f3 el profesor de tiempo completo de la Universidad Aut\u00f3noma del Estado de M\u00e9xico (UAEM), Hugo Mendieta Zer\u00f3n.<\/p>\n<p>Reconoci\u00f3 que ante el avance de la vacunaci\u00f3n en diversas partes del mundo se han dispuesto excepciones para portarlo, por ejemplo, lugares abiertos, parques o sitios con baja afluencia de personas; sin embargo, en oficinas, escuelas, espacios cerrados y \u00e1reas hospitalarias, la obligatoriedad debe mantenerse.<\/p>\n<p>Entre las recomendaciones de uso destacan: cubrir nariz y barbilla, bien ajustado al rostro, recortar la barba, lavarse las manos o aplicar gel antibacterial antes y despu\u00e9s de utilizarlo, as\u00ed como practicar el estornudo de etiqueta, incluso con el cubrebocas.<\/p>\n<p>\u201cEl uso del cubrebocas debe ser ya una medida para quedarse y para fomentarse, evidentemente habr\u00e1 algunos ajustes en cuanto a su diseminaci\u00f3n o algunos sitios donde a lo mejor la obligatoriedad sea menos, sin embargo, teniendo en cuenta que este virus es para siempre porque no se va a eliminar, hay que usarlo\u201d, sugiri\u00f3.<\/p>\n<p>El docente de la Facultad de Medicina de la UAEM detall\u00f3 que las mascarillas m\u00e1s efectivas siguen siendo las tricapa, aunque los de tela o de bajo costo tambi\u00e9n pueden generar un porcentaje de protecci\u00f3n contra el virus dependiendo del lugar en el que el usuario se ubique.<\/p>\n<p>Los nuevos hallazgos cient\u00edficos demuestran que los cubrebocas se pueden reutilizar, es decir, los de tela lavar y el resto reusarse, apelando al sentido com\u00fan de las personas y la necesidad de seguridad que requiere seg\u00fan el lugar donde se encuentre. \u201cSe puede reutilizar un crubebocas, la respuesta es s\u00ed, ya hay publicaciones con diferentes t\u00e9cnicas para reutilizarlo, en lugares de alto consumo de cubrebocas y que han tenido escasez lo que han hecho es ponerlo a luz ultraviolenta en cl\u00ednicas y hospitales y en un domicilio normal donde no se pueda estar gastando tanto en ellos, tenemos la opci\u00f3n de los de tela y reutilizarlos, lavarlos\u201d, puntualiz\u00f3.<\/p>\n<p>Record\u00f3 que las vacunas no evitan que la personas se contagien o que sean transmisoras del virus, por lo que, ante el desconocimiento de qui\u00e9n est\u00e1 protegido, la mejor herramienta para disminuir el riesgo es mantener el uso de cubrebocas.<\/p>\n","protected":false},"excerpt":{"rendered":"<p>A 15 meses de haber sido detectado el primer caso de contagio por la Covid-19 en M\u00e9xico y tras la aplicaci\u00f3n de casi 50 millones de dosis de vacunas, el uso de cubrebocas lleg\u00f3 para quedarse debido a que se mantiene como una herramienta \u00fatil para prevenir el contagio y contener la propagaci\u00f3n del virus SARS-CoV-2, afirm\u00f3 el profesor de tiempo completo de la Universidad Aut\u00f3noma del Estado de M\u00e9xico (UAEM), Hugo Mendieta Zer\u00f3n.<\/p>\n","protected":false},"author":3,"featured_media":513570,"comment_status":"open","ping_status":"open","sticky":false,"template":"","format":"standard","meta":{"_monsterinsights_skip_tracking":false,"_monsterinsights_sitenote_active":false,"_monsterinsights_sitenote_note":"","_monsterinsights_sitenote_category":0,"footnotes":""},"categories":[5],"tags":[43675,452,1490],"class_list":["post-513476","post","type-post","status-publish","format-standard","has-post-thumbnail","hentry","category-estado-de-mexico","tag-estado-de-mexico","tag-toluca","tag-universidad-autonoma-del-estado-de-mexico"],"_links":{"self":[{"href":"https:\/\/www.diarioimagen.net\/index.php?rest_route=\/wp\/v2\/posts\/513476","targetHints":{"allow":["GET"]}}],"collection":[{"href":"https:\/\/www.diarioimagen.net\/index.php?rest_route=\/wp\/v2\/posts"}],"about":[{"href":"https:\/\/www.diarioimagen.net\/index.php?rest_route=\/wp\/v2\/types\/post"}],"author":[{"embeddable":true,"href":"https:\/\/www.diarioimagen.net\/index.php?rest_route=\/wp\/v2\/users\/3"}],"replies":[{"embeddable":true,"href":"https:\/\/www.diarioimagen.net\/index.php?rest_route=%2Fwp%2Fv2%2Fcomments&post=513476"}],"version-history":[{"count":0,"href":"https:\/\/www.diarioimagen.net\/index.php?rest_route=\/wp\/v2\/posts\/513476\/revisions"}],"wp:featuredmedia":[{"embeddable":true,"href":"https:\/\/www.diarioimagen.net\/index.php?rest_route=\/wp\/v2\/media\/513570"}],"wp:attachment":[{"href":"https:\/\/www.diarioimagen.net\/index.php?rest_route=%2Fwp%2Fv2%2Fmedia&parent=513476"}],"wp:term":[{"taxonomy":"category","embeddable":true,"href":"https:\/\/www.diarioimagen.net\/index.php?rest_route=%2Fwp%2Fv2%2Fcategories&post=513476"},{"taxonomy":"post_tag","embeddable":true,"href":"https:\/\/www.diarioimagen.net\/index.php?rest_route=%2Fwp%2Fv2%2Ftags&post=513476"}],"curies":[{"name":"wp","href":"https:\/\/api.w.org\/{rel}","templated":true}]}}