{"id":513485,"date":"2021-07-12T00:04:26","date_gmt":"2021-07-12T05:04:26","guid":{"rendered":"https:\/\/www.diarioimagen.net\/?p=513485"},"modified":"2021-07-12T05:52:28","modified_gmt":"2021-07-12T10:52:28","slug":"entregan-mas-equipo-a-personal-del-sistema-de-aguas-de-huixquilucan","status":"publish","type":"post","link":"https:\/\/www.diarioimagen.net\/?p=513485","title":{"rendered":"Entregan m\u00e1s equipo a personal del sistema de aguas de Huixquilucan"},"content":{"rendered":"<p>&nbsp;<\/p>\n<ul>\n<li><strong><em>Mayor protecci\u00f3n para su labor<\/em><\/strong><\/li>\n<\/ul>\n<p>&nbsp;<\/p>\n<div id=\"attachment_513604\" style=\"width: 470px\" class=\"wp-caption aligncenter\"><a href=\"https:\/\/www.diarioimagen.net\/?attachment_id=513604\" rel=\"attachment wp-att-513604\"><img loading=\"lazy\" decoding=\"async\" aria-describedby=\"caption-attachment-513604\" class=\"size-full wp-image-513604\" src=\"https:\/\/www.diarioimagen.net\/wp-content\/uploads\/2021\/07\/huixquilucan-2.jpg\" alt=\"\" width=\"460\" height=\"344\" \/><\/a><p id=\"caption-attachment-513604\" class=\"wp-caption-text\">El gobierno de Huixquilucan entreg\u00f3 al personal del sistema de aguas, uniformes, calzado especial, herramientas, chalecos con antireflejante y l\u00e1mparas.<\/p><\/div>\n<p>&nbsp;<\/p>\n<p><strong> Huixquilucan, Estado de M\u00e9xico<\/strong>.- El gobierno municipal de Huixquilucan, encabezado por Enrique Vargas del Villar, a trav\u00e9s del Organismo P\u00fablico Descentralizado Sistema Aguas de Huixquilucan, entreg\u00f3 equipo y herramientas a su personal operativo, con la finalidad de otorgarles mayor protecci\u00f3n en el desempe\u00f1o de sus actividades.<\/p>\n<p>Ante la temporada de lluvias que se vive en la actualidad, el gobierno municipal preocupado por la seguridad de los servidores p\u00fablicos, les proporcion\u00f3 uniformes, calzado especial, herramientas, chalecos con antireflejante y l\u00e1mparas, as\u00ed como distintas barreras y se\u00f1ales viales.<\/p>\n<p>El director del Sistema Aguas de Huixquilucan, V\u00edctor B\u00e1ez Melo agradeci\u00f3 el compromiso y esfuerzo de cada uno de los colaboradores de este Organismo, ya que todos los d\u00edas ponen en alto el nombre del gobierno municipal y del Alcalde.<\/p>\n<p>Record\u00f3, que desde antes del inicio de la temporada de lluvias el Sistema de Aguas realiz\u00f3 labores preventivas en puntos estrat\u00e9gicos, lo que ha permitido que las afectaciones por el temporal sean menores. En este sentido, enfatiz\u00f3 que en Huixquilucan se cuenta con el Equipo Delta, quienes trabajan los 7 d\u00edas de la semana para atender reportes ciudadanos y cubrir puntos espec\u00edficos en caso de que se presente alguna contingencia por la lluvia.<\/p>\n","protected":false},"excerpt":{"rendered":"<p>El gobierno municipal de Huixquilucan, encabezado por Enrique Vargas del Villar, a trav\u00e9s del Organismo P\u00fablico Descentralizado Sistema Aguas de Huixquilucan, entreg\u00f3 equipo y herramientas a su personal operativo, con la finalidad de otorgarles mayor protecci\u00f3n en el desempe\u00f1o de sus actividades.<\/p>\n","protected":false},"author":3,"featured_media":513604,"comment_status":"open","ping_status":"open","sticky":false,"template":"","format":"standard","meta":{"_monsterinsights_skip_tracking":false,"_monsterinsights_sitenote_active":false,"_monsterinsights_sitenote_note":"","_monsterinsights_sitenote_category":0,"footnotes":""},"categories":[5],"tags":[47218,43675,1097],"class_list":["post-513485","post","type-post","status-publish","format-standard","has-post-thumbnail","hentry","category-estado-de-mexico","tag-enrique-vargas-del-villar","tag-estado-de-mexico","tag-huixquilucan"],"_links":{"self":[{"href":"https:\/\/www.diarioimagen.net\/index.php?rest_route=\/wp\/v2\/posts\/513485","targetHints":{"allow":["GET"]}}],"collection":[{"href":"https:\/\/www.diarioimagen.net\/index.php?rest_route=\/wp\/v2\/posts"}],"about":[{"href":"https:\/\/www.diarioimagen.net\/index.php?rest_route=\/wp\/v2\/types\/post"}],"author":[{"embeddable":true,"href":"https:\/\/www.diarioimagen.net\/index.php?rest_route=\/wp\/v2\/users\/3"}],"replies":[{"embeddable":true,"href":"https:\/\/www.diarioimagen.net\/index.php?rest_route=%2Fwp%2Fv2%2Fcomments&post=513485"}],"version-history":[{"count":0,"href":"https:\/\/www.diarioimagen.net\/index.php?rest_route=\/wp\/v2\/posts\/513485\/revisions"}],"wp:featuredmedia":[{"embeddable":true,"href":"https:\/\/www.diarioimagen.net\/index.php?rest_route=\/wp\/v2\/media\/513604"}],"wp:attachment":[{"href":"https:\/\/www.diarioimagen.net\/index.php?rest_route=%2Fwp%2Fv2%2Fmedia&parent=513485"}],"wp:term":[{"taxonomy":"category","embeddable":true,"href":"https:\/\/www.diarioimagen.net\/index.php?rest_route=%2Fwp%2Fv2%2Fcategories&post=513485"},{"taxonomy":"post_tag","embeddable":true,"href":"https:\/\/www.diarioimagen.net\/index.php?rest_route=%2Fwp%2Fv2%2Ftags&post=513485"}],"curies":[{"name":"wp","href":"https:\/\/api.w.org\/{rel}","templated":true}]}}