{"id":513488,"date":"2021-07-12T00:02:34","date_gmt":"2021-07-12T05:02:34","guid":{"rendered":"https:\/\/www.diarioimagen.net\/?p=513488"},"modified":"2021-07-12T05:50:28","modified_gmt":"2021-07-12T10:50:28","slug":"desde-el-congreso-local-mas-apoyo-a-la-lectura-y-educacion-david-parra","status":"publish","type":"post","link":"https:\/\/www.diarioimagen.net\/?p=513488","title":{"rendered":"Desde el Congreso local, m\u00e1s apoyo a la lectura y educaci\u00f3n: David Parra"},"content":{"rendered":"<p>&nbsp;<\/p>\n<ul>\n<li><strong><em>Herramientas \u00fatiles para la formaci\u00f3n de la sociedad<\/em><\/strong><\/li>\n<\/ul>\n<p>&nbsp;<\/p>\n<div id=\"attachment_513598\" style=\"width: 470px\" class=\"wp-caption aligncenter\"><a href=\"https:\/\/www.diarioimagen.net\/?attachment_id=513598\" rel=\"attachment wp-att-513598\"><img loading=\"lazy\" decoding=\"async\" aria-describedby=\"caption-attachment-513598\" class=\"size-full wp-image-513598\" src=\"https:\/\/www.diarioimagen.net\/wp-content\/uploads\/2021\/07\/david-parra.jpg\" alt=\"\" width=\"460\" height=\"270\" \/><\/a><p id=\"caption-attachment-513598\" class=\"wp-caption-text\">El diputado local electo David Parra, acompa\u00f1ado de los legisladores (tambi\u00e9n electos), Enrique Jacob y Gabriela Olvera, sostuvieron una reuni\u00f3n con profesores miembros de la Comunidad Magisterial del Fomento a la Lectura.<\/p><\/div>\n<p>&nbsp;<\/p>\n<p><strong>Naucalpan, Estado de M\u00e9xico<\/strong>.- Estamos convencidos de que la lectura representa una de las actividades m\u00e1s importantes y \u00fatiles para la formaci\u00f3n de la sociedad, que, entre otras cosas, permite adquirir de manera formal conocimientos a trav\u00e9s del proceso educativo y como resultado de ello, estar en mejores condiciones de alcanzar su bienestar.<\/p>\n<p>Afirm\u00f3 en entrevista, el diputado local electo David Parra, quien acompa\u00f1ado de los legisladores (tambi\u00e9n electos), Enrique Jacob y Gabriela Olvera, sostuvieron una reuni\u00f3n con profesores miembros de la Comunidad Magisterial del Fomento a la Lectura (COMAFOL) en esta localidad.<\/p>\n<p>Ah\u00ed, los diputados electos, refrendaron su compromiso de impulsar iniciativas de Ley para fomentar la lectura en la entidad mexiquense, con el prop\u00f3sito de democratizar el acceso al libro y a la lectura como factores principales en la transmisi\u00f3n de conocimientos, la formaci\u00f3n educativa y la difusi\u00f3n de la cultura.<\/p>\n<p>\u201cLa prioridad es estimular programas, proyectos y acciones para el fomento y promoci\u00f3n de la lectura\u201d, dijo Parra S\u00e1nchez, quien se comprometi\u00f3 a trabajar de la mano con el magisterio del Estado de M\u00e9xico.<\/p>\n<p>Por su parte, los representantes populares electos, Enrique Jacob y Gabriela Olvera, coincidieron en se\u00f1alar que \u201cel promover y desarrollar dentro del Sistema Educativo del Estado de M\u00e9xico, en coordinaci\u00f3n con las autoridades educativas municipales las actividades y programas para fomentar la lectura, es una necesidad prioritaria\u201d.<\/p>\n<p>En representaci\u00f3n de la Comunidad Magisterial de Fomento a la Lectura, (COMAFAL), Jos\u00e9 Manuel Uribe Navarrete, secretario general del Sindicato de Maestros del Estado de M\u00e9xico, asegur\u00f3 que los legisladores tendr\u00e1n una gran responsabilidad y trabajo en favor de la educaci\u00f3n en la entidad mexiquense, como lo es apoyar y fomentar la lectura entre la ciudadan\u00eda.<\/p>\n","protected":false},"excerpt":{"rendered":"<p>Estamos convencidos de que la lectura representa una de las actividades m\u00e1s importantes y \u00fatiles para la formaci\u00f3n de la sociedad, que, entre otras cosas, permite adquirir de manera formal conocimientos a trav\u00e9s del proceso educativo y como resultado de ello, estar en mejores condiciones de alcanzar su bienestar.<\/p>\n","protected":false},"author":3,"featured_media":513598,"comment_status":"open","ping_status":"open","sticky":false,"template":"","format":"standard","meta":{"_monsterinsights_skip_tracking":false,"_monsterinsights_sitenote_active":false,"_monsterinsights_sitenote_note":"","_monsterinsights_sitenote_category":0,"footnotes":""},"categories":[5],"tags":[29035,43675,970],"class_list":["post-513488","post","type-post","status-publish","format-standard","has-post-thumbnail","hentry","category-estado-de-mexico","tag-david-parra-sanchez","tag-estado-de-mexico","tag-naucalpan"],"_links":{"self":[{"href":"https:\/\/www.diarioimagen.net\/index.php?rest_route=\/wp\/v2\/posts\/513488","targetHints":{"allow":["GET"]}}],"collection":[{"href":"https:\/\/www.diarioimagen.net\/index.php?rest_route=\/wp\/v2\/posts"}],"about":[{"href":"https:\/\/www.diarioimagen.net\/index.php?rest_route=\/wp\/v2\/types\/post"}],"author":[{"embeddable":true,"href":"https:\/\/www.diarioimagen.net\/index.php?rest_route=\/wp\/v2\/users\/3"}],"replies":[{"embeddable":true,"href":"https:\/\/www.diarioimagen.net\/index.php?rest_route=%2Fwp%2Fv2%2Fcomments&post=513488"}],"version-history":[{"count":0,"href":"https:\/\/www.diarioimagen.net\/index.php?rest_route=\/wp\/v2\/posts\/513488\/revisions"}],"wp:featuredmedia":[{"embeddable":true,"href":"https:\/\/www.diarioimagen.net\/index.php?rest_route=\/wp\/v2\/media\/513598"}],"wp:attachment":[{"href":"https:\/\/www.diarioimagen.net\/index.php?rest_route=%2Fwp%2Fv2%2Fmedia&parent=513488"}],"wp:term":[{"taxonomy":"category","embeddable":true,"href":"https:\/\/www.diarioimagen.net\/index.php?rest_route=%2Fwp%2Fv2%2Fcategories&post=513488"},{"taxonomy":"post_tag","embeddable":true,"href":"https:\/\/www.diarioimagen.net\/index.php?rest_route=%2Fwp%2Fv2%2Ftags&post=513488"}],"curies":[{"name":"wp","href":"https:\/\/api.w.org\/{rel}","templated":true}]}}