{"id":513492,"date":"2021-07-12T00:01:42","date_gmt":"2021-07-12T05:01:42","guid":{"rendered":"https:\/\/www.diarioimagen.net\/?p=513492"},"modified":"2021-07-12T05:48:31","modified_gmt":"2021-07-12T10:48:31","slug":"el-comite-municipal-de-emergencias-de-tlalnepantla-recorrio-zonas-de-riesgo","status":"publish","type":"post","link":"https:\/\/www.diarioimagen.net\/?p=513492","title":{"rendered":"El Comit\u00e9 Municipal de Emergencias de Tlalnepantla recorri\u00f3 zonas de riesgo"},"content":{"rendered":"<p>&nbsp;<\/p>\n<p><a href=\"https:\/\/www.diarioimagen.net\/?attachment_id=513595\" rel=\"attachment wp-att-513595\"><img loading=\"lazy\" decoding=\"async\" class=\"aligncenter size-full wp-image-513595\" src=\"https:\/\/www.diarioimagen.net\/wp-content\/uploads\/2021\/07\/tlalnepantla-7.jpg\" alt=\"\" width=\"460\" height=\"270\" \/><\/a><\/p>\n<p>&nbsp;<\/p>\n<p><strong>Tlalnepantla, Estado de M\u00e9xico.- <\/strong>El Comit\u00e9 Municipal de Emergencias, encabezado por protecci\u00f3n civil, recorri\u00f3 los fraccionamientos Valle Dorado y Las Arboledas, dos zonas de riesgo por encharcamientos e inundaciones.<\/p>\n<p>Los integrantes del comit\u00e9 revisaron los puntos de mayor acumulaci\u00f3n de agua y si las coladeras se encontraban libres de basura.<\/p>\n<p>&nbsp;<\/p>\n","protected":false},"excerpt":{"rendered":"<p>El Comit\u00e9 Municipal de Emergencias, encabezado por protecci\u00f3n civil, recorri\u00f3 los fraccionamientos Valle Dorado y Las Arboledas, dos zonas de riesgo por encharcamientos e inundaciones.<\/p>\n","protected":false},"author":3,"featured_media":513595,"comment_status":"open","ping_status":"open","sticky":false,"template":"","format":"standard","meta":{"_monsterinsights_skip_tracking":false,"_monsterinsights_sitenote_active":false,"_monsterinsights_sitenote_note":"","_monsterinsights_sitenote_category":0,"footnotes":""},"categories":[5],"tags":[93325,43675,169],"class_list":["post-513492","post","type-post","status-publish","format-standard","has-post-thumbnail","hentry","category-estado-de-mexico","tag-comite-municipal-de-emergencias","tag-estado-de-mexico","tag-tlalnepantla"],"_links":{"self":[{"href":"https:\/\/www.diarioimagen.net\/index.php?rest_route=\/wp\/v2\/posts\/513492","targetHints":{"allow":["GET"]}}],"collection":[{"href":"https:\/\/www.diarioimagen.net\/index.php?rest_route=\/wp\/v2\/posts"}],"about":[{"href":"https:\/\/www.diarioimagen.net\/index.php?rest_route=\/wp\/v2\/types\/post"}],"author":[{"embeddable":true,"href":"https:\/\/www.diarioimagen.net\/index.php?rest_route=\/wp\/v2\/users\/3"}],"replies":[{"embeddable":true,"href":"https:\/\/www.diarioimagen.net\/index.php?rest_route=%2Fwp%2Fv2%2Fcomments&post=513492"}],"version-history":[{"count":0,"href":"https:\/\/www.diarioimagen.net\/index.php?rest_route=\/wp\/v2\/posts\/513492\/revisions"}],"wp:featuredmedia":[{"embeddable":true,"href":"https:\/\/www.diarioimagen.net\/index.php?rest_route=\/wp\/v2\/media\/513595"}],"wp:attachment":[{"href":"https:\/\/www.diarioimagen.net\/index.php?rest_route=%2Fwp%2Fv2%2Fmedia&parent=513492"}],"wp:term":[{"taxonomy":"category","embeddable":true,"href":"https:\/\/www.diarioimagen.net\/index.php?rest_route=%2Fwp%2Fv2%2Fcategories&post=513492"},{"taxonomy":"post_tag","embeddable":true,"href":"https:\/\/www.diarioimagen.net\/index.php?rest_route=%2Fwp%2Fv2%2Ftags&post=513492"}],"curies":[{"name":"wp","href":"https:\/\/api.w.org\/{rel}","templated":true}]}}